{"id":584425,"date":"2025-12-07T15:13:12","date_gmt":"2025-12-07T15:13:12","guid":{"rendered":"https:\/\/www.europesays.com\/fr\/584425\/"},"modified":"2025-12-07T15:13:12","modified_gmt":"2025-12-07T15:13:12","slug":"accords-europeens-et-libre-circulation-des-personnes-ou-sont-les-alternatives","status":"publish","type":"post","link":"https:\/\/www.europesays.com\/fr\/584425\/","title":{"rendered":"Accords europ\u00e9ens et libre circulation des personnes: o\u00f9 sont les alternatives?"},"content":{"rendered":"<p>Ce texte a fait l\u2019objet d\u2019une publication dans le quotidien al\u00e9manique NZZ, dans sa version allemande, le 26\u00a0novembre.<\/p>\n<p>Depuis plus de vingt\u00a0ans, la Suisse pratique avec succ\u00e8s la libre circulation des travailleurs avec l\u2019Union europ\u00e9enne. Gr\u00e2ce \u00e0 la participation des citoyennes et citoyens de l\u2019UE au march\u00e9 du travail suisse, des postes sont pourvus qui r\u00e9pondent, \u00e0 bien des \u00e9gards, \u00e0 des besoins urgents: sans les travailleurs \u00e9trangers, notre syst\u00e8me de sant\u00e9, nos soins aux personnes \u00e2g\u00e9es et aux malades, notre secteur de la construction, notre tourisme, voire notre agriculture, ne fonctionneraient pas.<\/p>\n<p>Les travailleurs europ\u00e9ens en Suisse contribuent au financement de nos assurances sociales, soutiennent l\u2019excellence de notre recherche et paient des imp\u00f4ts.<\/p>\n","protected":false},"excerpt":{"rendered":"Ce texte a fait l\u2019objet d\u2019une publication dans le quotidien al\u00e9manique NZZ, dans sa version allemande, le 26\u00a0novembre.&hellip;\n","protected":false},"author":2,"featured_media":584426,"comment_status":"","ping_status":"","sticky":false,"template":"","format":"standard","meta":{"footnotes":""},"categories":[1586],"tags":[11,1777,674,1779,1011,27,12,1427,301,25,1778,364],"class_list":{"0":"post-584425","1":"post","2":"type-post","3":"status-publish","4":"format-standard","5":"has-post-thumbnail","7":"category-europe","8":"tag-actualites","9":"tag-eu","10":"tag-europe","11":"tag-european-union","12":"tag-fr","13":"tag-france","14":"tag-news","15":"tag-opinions","16":"tag-premium","17":"tag-republique-francaise","18":"tag-ue","19":"tag-union-europeenne"},"share_on_mastodon":{"url":"https:\/\/pubeurope.com\/@fr\/115678937400480724","error":""},"_links":{"self":[{"href":"https:\/\/www.europesays.com\/fr\/wp-json\/wp\/v2\/posts\/584425","targetHints":{"allow":["GET"]}}],"collection":[{"href":"https:\/\/www.europesays.com\/fr\/wp-json\/wp\/v2\/posts"}],"about":[{"href":"https:\/\/www.europesays.com\/fr\/wp-json\/wp\/v2\/types\/post"}],"author":[{"embeddable":true,"href":"https:\/\/www.europesays.com\/fr\/wp-json\/wp\/v2\/users\/2"}],"replies":[{"embeddable":true,"href":"https:\/\/www.europesays.com\/fr\/wp-json\/wp\/v2\/comments?post=584425"}],"version-history":[{"count":0,"href":"https:\/\/www.europesays.com\/fr\/wp-json\/wp\/v2\/posts\/584425\/revisions"}],"wp:featuredmedia":[{"embeddable":true,"href":"https:\/\/www.europesays.com\/fr\/wp-json\/wp\/v2\/media\/584426"}],"wp:attachment":[{"href":"https:\/\/www.europesays.com\/fr\/wp-json\/wp\/v2\/media?parent=584425"}],"wp:term":[{"taxonomy":"category","embeddable":true,"href":"https:\/\/www.europesays.com\/fr\/wp-json\/wp\/v2\/categories?post=584425"},{"taxonomy":"post_tag","embeddable":true,"href":"https:\/\/www.europesays.com\/fr\/wp-json\/wp\/v2\/tags?post=584425"}],"curies":[{"name":"wp","href":"https:\/\/api.w.org\/{rel}","templated":true}]}}