{"id":584431,"date":"2025-12-07T15:16:15","date_gmt":"2025-12-07T15:16:15","guid":{"rendered":"https:\/\/www.europesays.com\/fr\/584431\/"},"modified":"2025-12-07T15:16:15","modified_gmt":"2025-12-07T15:16:15","slug":"prix-de-la-france-moche-2025-3-3-comment-rehabiliter-les-zones-commerciales-en-faisant-des-quartiers-a-part-entiere","status":"publish","type":"post","link":"https:\/\/www.europesays.com\/fr\/584431\/","title":{"rendered":"Prix de \u00ab\u00a0La France Moche\u00a0\u00bb 2025 (3\/3)\u00a0: Comment r\u00e9habiliter les zones commerciales \u00ab\u00a0en faisant des quartiers \u00e0 part enti\u00e8re\u00a0\u00bb"},"content":{"rendered":"<p>\n                                                                Apr\u00e8s Al\u00e8s et Moussac en\u00a02020 et\u00a02022, Vendargues a re\u00e7u le prix de \u00ab\u00a0La France Moche\u00a0\u00bb 2025, point\u00e9e du doigt cette ann\u00e9e par l\u2019association Paysages de France pour \u00ab\u00a0sa for\u00eat de panneaux publicitaires\u00a0\u00bb. A l\u2019occasion de son Dossier du dimanche, Midi Libre revient sur cette France dite \u00ab\u00a0moche\u00a0\u00bb en trois \u00e9pisodes. Dans ce troisi\u00e8me acte, Alexandre Brun, g\u00e9ographe et urbaniste et ma\u00eetre de conf\u00e9rences \u00e0 l\u2019universit\u00e9 Paul-Val\u00e9y Montpellier 3, porte un regard d\u2019expert sur les zones commerciales en p\u00e9riurbain.\n                            <\/p>\n<p class=\"txt-question\">La France moche a-t-elle de beaux jours devant elle\u00a0?<\/p>\n<p>On voit d\u00e9sormais fleurir des plateformes logistiques en lieu et place de parcelles naturelles, et sur le plan architectural, c\u2019est du hangar agricole r\u00e9fl\u00e9chi pour optimiser des m\u00e8tres carr\u00e9s et faciliter l\u2019utilisation de la robotique. Cela s\u2019ajoute au dossier d\u00e9j\u00e0 lourd de la France moche, qui a d\u00e9but\u00e9 avec le pavillonnaire qui vieillit mal parce que construit pas cher et s\u2019est poursuivi avec quarante ans de grandes enseignes et leur corollaire, les grandes publicit\u00e9s d\u2019entr\u00e9es de ville qui devaient dispara\u00eetre avec une loi paysage mais sont toujours l\u00e0. Il y a donc un ph\u00e9nom\u00e8ne cumulatif. Or, sur le plan \u00e9conomique, le seul \u00e9l\u00e9ment qu\u2019on arrive \u00e0 valoriser aujourd\u2019hui c\u2019est notre patrimoine paysager, notre patrimoine b\u00e2ti, mais si on ne prend pas garde, on va d\u00e9truire ce capital.<\/p>\n<p>        <img decoding=\"async\" class=\"std-img__img responsive-img\" src=\"https:\/\/www.europesays.com\/fr\/wp-content\/uploads\/2025\/12\/1765120575_84_image.jpg\" alt=\"Alexandre Brun est g\u00e9ographe et urbaniste, ma\u00eetre de conf\u00e9rences \u00e0 l\u2019Universit\u00e9 Paul-Val\u00e9ry.\"\/><\/p>\n<p>                Alexandre Brun est g\u00e9ographe et urbaniste, ma\u00eetre de conf\u00e9rences \u00e0 l\u2019Universit\u00e9 Paul-Val\u00e9ry.<br \/>\n                                    DR &#8211; DR<\/p>\n<blockquote>\n<p>Le point cl\u00e9, pour produire de la ville, c\u2019est de transformer la route qui amenait aux commerces en rue. Ces axes sont n\u00e9s du mariage du commerce et de la voiture, il faut les requalifier. Mais c\u2019est un tr\u00e8s long processus.<\/p>\n<\/blockquote>\n<p class=\"txt-question\">Le plan de transformation des zones commerciales lanc\u00e9 en 2004 semble pourtant montrer qu\u2019il y a une prise de conscience\u2026<\/p>\n<p>C\u2019est vrai. Cet appel \u00e0 projets lanc\u00e9 par le minist\u00e8re de la Transition \u00e9cologique \u00e9tait hyper intelligent, car il r\u00e9fl\u00e9chissait \u00e0 la mani\u00e8re d\u2019architecturer les zones commerciales et d\u2019infl\u00e9chir la strat\u00e9gie des grandes enseignes. Alors il y a les solutions un peu faciles qui rel\u00e8vent des villages de marque, mais il y a aussi un travail au plus long cours, plus compliqu\u00e9 car au cas par cas, parcelle par parcelle, qui passe par l\u2019\u00e9tablissement de plans guides d\u2019am\u00e9nagement r\u00e9alis\u00e9s par des architectes, des paysagistes, des urbanistes, des g\u00e9ographes, comme cela a \u00e9t\u00e9 fait pour les centres-villes. Beaucoup de villes ont r\u00e9pondu \u00e0 cet appel \u00e0 projet car les \u00e9lus ont conscience que le d\u00e9veloppement des grandes enseignes en p\u00e9riph\u00e9rie, \u00e0 la fois produit de la France moche et, en creux, participe \u00e0 d\u00e9vitaliser une partie des centres-villes.<\/p>\n<p class=\"txt-question\">Il faut inclure du logement dans ces secteurs\u00a0?<\/p>\n<p>C\u2019est d\u00e9j\u00e0 le cas, mais davantage parce qu\u2019il y a une p\u00e9nurie de logements que de fragilit\u00e9s commerciales. L\u2019id\u00e9e est de durcir les zones commerciales pour en faire des quartiers \u00e0 part enti\u00e8re et que toutes les fonctions urbaines s\u2019y retrouvent. Qui dit quartier, dit espace public, \u00e9quipement public\u2026 Des morceaux de ville que l\u2019on veut forc\u00e9ment rendre agr\u00e9able.<\/p>\n<p class=\"txt-question\">C\u2019est complexe\u00a0?<\/p>\n<p>Le point cl\u00e9, pour produire de la ville, c\u2019est de transformer la route qui amenait aux commerces en rue. Ces axes sont n\u00e9s du mariage du commerce et de la voiture, il faut les requalifier. Mais c\u2019est un tr\u00e8s long processus.<\/p>\n<p class=\"std-elt__inline\">\n        <strong>\u00c0 lire aussi :<\/strong><br \/>\n        <a href=\"https:\/\/www.midilibre.fr\/2025\/12\/07\/prix-de-la-france-moche-2025-13-foret-de-panneaux-zones-commerciales-la-france-moche-cest-loin-detre-la-meilleure-publicite-pour-les-villes-13093543.php\" target=\"_blank\" rel=\"noopener\">Prix de \u00ab\u00a0La France Moche\u00a0\u00bb 2025 (1\/3)\u00a0: For\u00eat de panneaux, zones commerciales\u2026 \u201cLa France moche\u201d, c\u2019est loin d\u2019\u00eatre la meilleure publicit\u00e9 pour les villes<\/a>\n    <\/p>\n<p class=\"std-elt__inline\">\n        <strong>\u00c0 lire aussi :<\/strong><br \/>\n        <a href=\"https:\/\/www.midilibre.fr\/2025\/12\/07\/prix-de-la-france-moche-2025-23-de-perols-a-carcassonne-la-belle-idee-complexe-a-concretiser-de-transformer-les-zones-commerciales-13093544.php\" target=\"_blank\" rel=\"noopener\">Prix de \u00ab\u00a0La France Moche\u00a0\u00bb 2025 (2\/3)\u00a0: De P\u00e9rols \u00e0 Carcassonne, la belle id\u00e9e (complexe \u00e0 concr\u00e9tiser) de transformer les zones commerciales<\/a>\n    <\/p>\n<p class=\"txt-question\">Peut-\u00eatre trop co\u00fbteux\u00a0?<\/p>\n<p>De l\u2019argent, il y en a, notamment dans les caisses des grandes enseignes, mais jusque-l\u00e0, elles l\u2019investissement pour elle-m\u00eame. Elles doivent accepter l\u2019id\u00e9e que pour p\u00e9renniser un dispositif commercial efficient, il va falloir partager de l\u2019espace, du foncier, et mutualiser les moyens dans le cadre d\u2019une strat\u00e9gie collective.<\/p>\n<p>\u00a0<\/p>\n","protected":false},"excerpt":{"rendered":"Apr\u00e8s Al\u00e8s et Moussac en\u00a02020 et\u00a02022, Vendargues a re\u00e7u le prix de \u00ab\u00a0La France Moche\u00a0\u00bb 2025, point\u00e9e du&hellip;\n","protected":false},"author":2,"featured_media":584432,"comment_status":"","ping_status":"","sticky":false,"template":"","format":"standard","meta":{"footnotes":""},"categories":[4],"tags":[11,33,1011,27,7089,2208,12,25],"class_list":{"0":"post-584431","1":"post","2":"type-post","3":"status-publish","4":"format-standard","5":"has-post-thumbnail","7":"category-france","8":"tag-actualites","9":"tag-economie","10":"tag-fr","11":"tag-france","12":"tag-herault","13":"tag-montpellier","14":"tag-news","15":"tag-republique-francaise"},"share_on_mastodon":{"url":"https:\/\/pubeurope.com\/@fr\/115678949181075733","error":""},"_links":{"self":[{"href":"https:\/\/www.europesays.com\/fr\/wp-json\/wp\/v2\/posts\/584431","targetHints":{"allow":["GET"]}}],"collection":[{"href":"https:\/\/www.europesays.com\/fr\/wp-json\/wp\/v2\/posts"}],"about":[{"href":"https:\/\/www.europesays.com\/fr\/wp-json\/wp\/v2\/types\/post"}],"author":[{"embeddable":true,"href":"https:\/\/www.europesays.com\/fr\/wp-json\/wp\/v2\/users\/2"}],"replies":[{"embeddable":true,"href":"https:\/\/www.europesays.com\/fr\/wp-json\/wp\/v2\/comments?post=584431"}],"version-history":[{"count":0,"href":"https:\/\/www.europesays.com\/fr\/wp-json\/wp\/v2\/posts\/584431\/revisions"}],"wp:featuredmedia":[{"embeddable":true,"href":"https:\/\/www.europesays.com\/fr\/wp-json\/wp\/v2\/media\/584432"}],"wp:attachment":[{"href":"https:\/\/www.europesays.com\/fr\/wp-json\/wp\/v2\/media?parent=584431"}],"wp:term":[{"taxonomy":"category","embeddable":true,"href":"https:\/\/www.europesays.com\/fr\/wp-json\/wp\/v2\/categories?post=584431"},{"taxonomy":"post_tag","embeddable":true,"href":"https:\/\/www.europesays.com\/fr\/wp-json\/wp\/v2\/tags?post=584431"}],"curies":[{"name":"wp","href":"https:\/\/api.w.org\/{rel}","templated":true}]}}