{"id":584436,"date":"2025-12-07T15:24:19","date_gmt":"2025-12-07T15:24:19","guid":{"rendered":"https:\/\/www.europesays.com\/fr\/584436\/"},"modified":"2025-12-07T15:24:19","modified_gmt":"2025-12-07T15:24:19","slug":"cyclisme-route-vincenzo-nibali-daccord-avec-pogacar-pour-une-rotation-des-grands-tours","status":"publish","type":"post","link":"https:\/\/www.europesays.com\/fr\/584436\/","title":{"rendered":"Cyclisme. Route &#8211; Vincenzo Nibali, d&rsquo;accord avec Pogacar pour \u00abune rotation des Grands Tours\u00bb"},"content":{"rendered":"<p>Et si les Grands Tours \u00e9changeaient de dates ? R\u00e9cemment, c&rsquo;est ce qui avait \u00e9t\u00e9 soulev\u00e9 par <strong><a href=\"https:\/\/www.cyclismactu.net\/..\/news-route-un-velo-de-tadej-pogacar-vendu-aux-encheres-pour-plus-de-160-000-euros-91135.html\" target=\"_blank\" rel=\"noopener\">Tadej Pogacar<\/a> <\/strong>lui-m\u00eame afin de r\u00e9pondre aux \u00e9volutions des conditions m\u00e9t\u00e9orologiques. Ainsi, le champion du monde avait expliqu\u00e9 \u00ab\u00a0qu\u2019il serait bien mieux que le Giro et la Vuelta \u00e9changent leurs dates\u00a0\u00bb, ce qui n&rsquo;a gu\u00e8re plu \u00e0 l&rsquo;organisateur du <strong><a href=\"https:\/\/www.cyclismactu.net\/..\/news-tour-d-italie-route-simon-yates-jonas-vingegaard-pourrait-viser-giro-2026-91108.html\" target=\"_blank\" rel=\"noopener\">Tour d&rsquo;Italie<\/a><\/strong>, <strong>RCS Sport<\/strong>, qui a tr\u00e8s vite rejet\u00e9 l&rsquo;id\u00e9e du Slov\u00e8ne. Pourtant, cette proposition du num\u00e9ro un mondial est loin d&rsquo;\u00eatre anodine et a le m\u00e9rite de plaire \u00e0 une autre figure du cyclisme italien, <strong><a href=\"https:\/\/www.cyclismactu.net\/..\/\" target=\"_blank\" rel=\"noopener\">Vincenzo Nibali<\/a><\/strong>, qui, aupr\u00e8s du journal <a href=\"https:\/\/www.marca.com\/ciclismo\/giro-italia\/2025\/12\/06\/nibali-eleva-apuesta-pogacar-haria-rotacion-fechas-tres-grandes.html\" target=\"_blank\" rel=\"noopener\">Marca<\/a>, va m\u00eame encore plus loin que le Slov\u00e8ne et plaide pour \u00ab\u00a0un syst\u00e8me de rotation entre les Grands Tours\u00a0\u00bb.<\/p>\n<p>Vid\u00e9o &#8211; Jeannie Longo adoube Tadej Pogacar au V\u00e9lo d&rsquo;Or Lire la suite de l&rsquo;article&#13;<\/p>\n<p>\u00a0<\/p>\n<p>&#13;<br \/>\n\u00ab\u00a0Cela rendrait la saison plus int\u00e9ressante\u00a0\u00bb&#13;<\/p>\n<p>Le double vainqueur du <strong>Tour d&rsquo;Italie<\/strong>, retrait\u00e9 depuis 2022, a ainsi fait le constat que les courses doivent s&rsquo;adapter aux conditions climatiques qui \u00e9voluent : \u00ab\u00a0En Italie, il fait froid en mai et juin. Il n\u2019est pas rare de trouver de la neige dans les zones montagneuses, comme sur les flancs du Stelvio. En d\u00e9pla\u00e7ant le calendrier cycliste, ce probl\u00e8me ne survient plus. Et la Vuelta ne souffrira plus de ses temp\u00e9ratures \u00e9touffantes.\u00a0\u00bb\u00a0<\/p>\n<p>&#13;<\/p>\n<p>Et m\u00eame au-del\u00e0 des simples conditions m\u00e9t\u00e9orologiques, <strong>Vicenzo Nibali <\/strong>estime qu&rsquo;une rotation des Grands Tours apporterait davantage de spectacle : \u00ab\u00a0La premi\u00e8re grande course de l\u2019ann\u00e9e a toujours quelque chose de sp\u00e9cial : les cyclistes arrivent les jambes fra\u00eeches et il y a beaucoup de spectacle. \u00c7a a toujours \u00e9t\u00e9 comme \u00e7a. Si \u00e7a ne tenait qu\u2019\u00e0 moi, je parierais sur une rotation des trois Grands Tours. Cela rendrait la saison bien plus int\u00e9ressante.\u00a0\u00bb<\/p>\n","protected":false},"excerpt":{"rendered":"Et si les Grands Tours \u00e9changeaient de dates ? R\u00e9cemment, c&rsquo;est ce qui avait \u00e9t\u00e9 soulev\u00e9 par Tadej&hellip;\n","protected":false},"author":2,"featured_media":584437,"comment_status":"","ping_status":"","sticky":false,"template":"","format":"standard","meta":{"footnotes":""},"categories":[1411],"tags":[1154,207,211,1011,27,209,60,210,212,208,213],"class_list":{"0":"post-584436","1":"post","2":"type-post","3":"status-publish","4":"format-standard","5":"has-post-thumbnail","7":"category-cyclisme","8":"tag-cycling","9":"tag-cyclisme","10":"tag-ffc","11":"tag-fr","12":"tag-france","13":"tag-route","14":"tag-sports","15":"tag-tour-de-france","16":"tag-uci","17":"tag-velo","18":"tag-world-tour"},"share_on_mastodon":{"url":"https:\/\/pubeurope.com\/@fr\/115678980702818998","error":""},"_links":{"self":[{"href":"https:\/\/www.europesays.com\/fr\/wp-json\/wp\/v2\/posts\/584436","targetHints":{"allow":["GET"]}}],"collection":[{"href":"https:\/\/www.europesays.com\/fr\/wp-json\/wp\/v2\/posts"}],"about":[{"href":"https:\/\/www.europesays.com\/fr\/wp-json\/wp\/v2\/types\/post"}],"author":[{"embeddable":true,"href":"https:\/\/www.europesays.com\/fr\/wp-json\/wp\/v2\/users\/2"}],"replies":[{"embeddable":true,"href":"https:\/\/www.europesays.com\/fr\/wp-json\/wp\/v2\/comments?post=584436"}],"version-history":[{"count":0,"href":"https:\/\/www.europesays.com\/fr\/wp-json\/wp\/v2\/posts\/584436\/revisions"}],"wp:featuredmedia":[{"embeddable":true,"href":"https:\/\/www.europesays.com\/fr\/wp-json\/wp\/v2\/media\/584437"}],"wp:attachment":[{"href":"https:\/\/www.europesays.com\/fr\/wp-json\/wp\/v2\/media?parent=584436"}],"wp:term":[{"taxonomy":"category","embeddable":true,"href":"https:\/\/www.europesays.com\/fr\/wp-json\/wp\/v2\/categories?post=584436"},{"taxonomy":"post_tag","embeddable":true,"href":"https:\/\/www.europesays.com\/fr\/wp-json\/wp\/v2\/tags?post=584436"}],"curies":[{"name":"wp","href":"https:\/\/api.w.org\/{rel}","templated":true}]}}