{"id":584440,"date":"2025-12-07T15:26:11","date_gmt":"2025-12-07T15:26:11","guid":{"rendered":"https:\/\/www.europesays.com\/fr\/584440\/"},"modified":"2025-12-07T15:26:11","modified_gmt":"2025-12-07T15:26:11","slug":"le-regne-de-hinaupoko-deveze-a-deja-bien-commence-on-vous-raconte-sa-folle-nuit","status":"publish","type":"post","link":"https:\/\/www.europesays.com\/fr\/584440\/","title":{"rendered":"Le r\u00e8gne de Hinaupoko Dev\u00e8ze a d\u00e9j\u00e0 bien commenc\u00e9, on vous raconte sa folle nuit"},"content":{"rendered":"\n<p class=\"asset asset-text\" data-lettrine=\"\">\u00ab\u00a0Je n\u2019arrive pas \u00e0 r\u00e9aliser ce qu\u2019il se passe. Je n\u2019ai m\u00eame pas d\u2019\u00e9motion tellement je suis encore sous le choc\u00a0\u00bb, raconte <a href=\"https:\/\/www.huffingtonpost.fr\/divertissement\/video\/miss-france-2026-miss-tahiti-hinaupoko-deveze-remporte-la-couronne_257936.html\" target=\"_blank\" rel=\"noopener\">Hinaupoko Dev\u00e8ze<\/a> dans une vid\u00e9o post\u00e9e sur le compte Instagram de Miss France, film\u00e9e juste apr\u00e8s son sacre. Miss Tahiti a d\u00e9croch\u00e9 la couronne du <a href=\"https:\/\/www.huffingtonpost.fr\/divertissement\/article\/miss-france-2026-derriere-les-paillettes-tout-n-a-jamais-ete-rose-en-coulisses_257890.html\" target=\"_blank\" rel=\"noopener\">concours Miss France <\/a>2026\u00a0sur la sc\u00e8ne du Z\u00e9nith d\u2019Amiens dans la nuit du 6\u00a0au 7\u00a0d\u00e9cembre, et d\u00e8s qu\u2019elle l\u2019a eue sur la t\u00eate, son r\u00e8gne a commenc\u00e9.<\/p>\n<p class=\"asset asset-text\"><strong>Comme vous pouvez le voir dans la vid\u00e9o en t\u00eate de l\u2019article<\/strong>, la Miss a \u00e0 peine eu le temps de se remettre de ses \u00e9motions avant de s\u2019attaquer \u00e0 ses obligations. Hinaupoko Dev\u00e8ze a \u00e9t\u00e9 \u00e9lue vers 00h45, sous les applaudissements du public qui l\u2019a largement pl\u00e9biscit\u00e9e, et devant les anciennes Miss, dont <a href=\"https:\/\/www.huffingtonpost.fr\/life\/article\/pour-octobre-rose-vaimalama-chaves-montre-son-soutien-par-un-geste-tres-fort_255646.html\" target=\"_blank\" rel=\"noopener\">Vaimalama Chaves<\/a>, Miss Tahiti 2018 et Miss France 2019, qui \u00e9tait tr\u00e8s \u00e9mue.<\/p>\n<p class=\"asset asset-text\">Elle a re\u00e7u ses attributs de Miss France de la part d\u2019Ang\u00e9lique Angarni-Filopon qui lui passe le flambeau. Et apr\u00e8s les photos officielles, elle a pu prendre sa maman dans ses bras.<\/p>\n<p>    D\u00e9but des interviews    <\/p>\n<p class=\"asset asset-text\">Miss France 2026 a ensuite donn\u00e9, dans la foul\u00e9e, sa premi\u00e8re conf\u00e9rence de presse accompagn\u00e9e de sa <a href=\"https:\/\/www.huffingtonpost.fr\/divertissement\/article\/miss-france-2026-pour-eviter-les-tempetes-mediatiques-la-nouvelle-miss-va-etre-mieux-encadree_257811.html\" target=\"_blank\" rel=\"noopener\">marraine Camille Cerf<\/a>. Celle qui a \u00e9t\u00e9 \u00e0 sa place en 2015 a pour r\u00f4le de l\u2019assister dans ses prises de parole pour \u00e9viter les \u00ab\u00a0temp\u00eates m\u00e9diatiques\u00a0\u00bb qui ne sont pas rares et qui peuvent se transformer en cyber-harc\u00e8lement contre les couronn\u00e9es.<\/p>\n<p class=\"asset asset-text\">Notre Miss France 2025, Ang\u00e9lique Angarni-Filopon\u00a0avait notamment <a href=\"https:\/\/www.huffingtonpost.fr\/medias\/article\/attentats-de-charlie-hebdo-miss-france-2025-reagit-apres-ses-propos-commentes-sur-sud-radio_244679.html\" target=\"_blank\" rel=\"noopener\">subi de nombreux commentaires d\u00e9sobligeants<\/a>, la for\u00e7ant \u00e0 se mettre en retrait de la sc\u00e8ne m\u00e9diatique.<\/p>\n<p class=\"asset asset-text\">Plus tard, Hinaupoko Dev\u00e8ze s\u2019est rendu \u00e0 l\u2019aftershow de l\u2019\u00e9mission pour c\u00e9l\u00e9brer sa victoire. Elle y a remis plusieurs prix aux autres Miss. Comme le prix de la camaraderie pour sa premi\u00e8re dauphine, <a href=\"https:\/\/www.huffingtonpost.fr\/divertissement\/article\/avant-la-victoire-d-hinaupoko-deveze-miss-nouvelle-caledonie-a-remporte-le-prix-du-discours_257946.html\" target=\"_blank\" rel=\"noopener\">Miss Nouvelle-Cal\u00e9donie<\/a>, ou encore le prix du costume r\u00e9gional pour Miss Guyane.<\/p>\n<p class=\"asset asset-text\">Et apr\u00e8s s\u00fbrement tr\u00e8s peu de sommeil, la Miss de 23\u00a0ans est apparue dans une nouvelle tenue au micro de LCI, pr\u00eate \u00e0 encha\u00eener les interviews de sa premi\u00e8re journ\u00e9e officielle en tant que Miss France.<\/p>\n","protected":false},"excerpt":{"rendered":"\u00ab\u00a0Je n\u2019arrive pas \u00e0 r\u00e9aliser ce qu\u2019il se passe. Je n\u2019ai m\u00eame pas d\u2019\u00e9motion tellement je suis encore&hellip;\n","protected":false},"author":2,"featured_media":584441,"comment_status":"","ping_status":"","sticky":false,"template":"","format":"standard","meta":{"footnotes":""},"categories":[1359],"tags":[58,59,1011,27,3034,68926,2532,973],"class_list":{"0":"post-584440","1":"post","2":"type-post","3":"status-publish","4":"format-standard","5":"has-post-thumbnail","7":"category-people","8":"tag-divertissement","9":"tag-entertainment","10":"tag-fr","11":"tag-france","12":"tag-miss-france","13":"tag-miss-france-2026","14":"tag-nos-videos","15":"tag-people"},"share_on_mastodon":{"url":"https:\/\/pubeurope.com\/@fr\/115678988624418238","error":""},"_links":{"self":[{"href":"https:\/\/www.europesays.com\/fr\/wp-json\/wp\/v2\/posts\/584440","targetHints":{"allow":["GET"]}}],"collection":[{"href":"https:\/\/www.europesays.com\/fr\/wp-json\/wp\/v2\/posts"}],"about":[{"href":"https:\/\/www.europesays.com\/fr\/wp-json\/wp\/v2\/types\/post"}],"author":[{"embeddable":true,"href":"https:\/\/www.europesays.com\/fr\/wp-json\/wp\/v2\/users\/2"}],"replies":[{"embeddable":true,"href":"https:\/\/www.europesays.com\/fr\/wp-json\/wp\/v2\/comments?post=584440"}],"version-history":[{"count":0,"href":"https:\/\/www.europesays.com\/fr\/wp-json\/wp\/v2\/posts\/584440\/revisions"}],"wp:featuredmedia":[{"embeddable":true,"href":"https:\/\/www.europesays.com\/fr\/wp-json\/wp\/v2\/media\/584441"}],"wp:attachment":[{"href":"https:\/\/www.europesays.com\/fr\/wp-json\/wp\/v2\/media?parent=584440"}],"wp:term":[{"taxonomy":"category","embeddable":true,"href":"https:\/\/www.europesays.com\/fr\/wp-json\/wp\/v2\/categories?post=584440"},{"taxonomy":"post_tag","embeddable":true,"href":"https:\/\/www.europesays.com\/fr\/wp-json\/wp\/v2\/tags?post=584440"}],"curies":[{"name":"wp","href":"https:\/\/api.w.org\/{rel}","templated":true}]}}