{"id":584444,"date":"2025-12-07T15:29:16","date_gmt":"2025-12-07T15:29:16","guid":{"rendered":"https:\/\/www.europesays.com\/fr\/584444\/"},"modified":"2025-12-07T15:29:16","modified_gmt":"2025-12-07T15:29:16","slug":"revolution-dans-koh-lanta-tf1-annonce-son-retour-mais-avec-un-changement-majeur-dentree-de-jeu-pour-les-aventuriers","status":"publish","type":"post","link":"https:\/\/www.europesays.com\/fr\/584444\/","title":{"rendered":"R\u00e9volution dans \u00ab\u00a0Koh Lanta\u00a0\u00bb\u00a0: TF1 annonce son retour mais avec un changement majeur d&rsquo;entr\u00e9e de jeu pour les aventuriers"},"content":{"rendered":"<p class=\"ap-StoryElement ap-StoryElement--mb ap-StoryText\">C&rsquo;est en pleine \u00e9lection de Miss France 2026 ce samedi soir que TF1 a r\u00e9v\u00e9l\u00e9 son premier teaser pour la nouvelle saison de Koh Lanta. Si la date de diffusion n&rsquo;est pas encore connue, c&rsquo;est en tout cas pour \u00ab\u00a0bient\u00f4t\u00a0\u00bb.<\/p>\n<p class=\"ap-StoryElement ap-StoryElement--mb ap-StoryText\">Un teaser qui donne des \u00ab\u00a0frissons\u00a0\u00bb \u00e0 tous les anciens aventuriers : \u00ab\u00a0teaser de fou\u00a0\u00bb, \u00ab\u00a0waouw, incroyable\u00a0\u00bb, peut-on notamment lire en commentaire. Mais aussi aux nouveaux \u00e0 en croire la vid\u00e9o. Plong\u00e9s dans une nuit de pleine lune, avan\u00e7ant sur une eau et une jungle montagneuse myst\u00e9rieuses, les candidats -munis de leurs flambeaux enflamm\u00e9s-, d\u00e9barquent au c\u0153ur d&rsquo;une grotte sombre. L\u00e0, ils retrouvent Denis Brogniart et l&rsquo;animateur leur fait alors une grande annonce qui va r\u00e9volutionner Koh Lanta : \u00a0\u00bb Habituellement dans Koh-Lanta, le conseil, c&rsquo;est l\u00e0 o\u00f9 tout se termine. Eh bien ce soir, c&rsquo;est l\u00e0 que tout va commencer.\u00a0\u00bb<\/p>\n","protected":false},"excerpt":{"rendered":"C&rsquo;est en pleine \u00e9lection de Miss France 2026 ce samedi soir que TF1 a r\u00e9v\u00e9l\u00e9 son premier teaser&hellip;\n","protected":false},"author":2,"featured_media":584445,"comment_status":"","ping_status":"","sticky":false,"template":"","format":"standard","meta":{"footnotes":""},"categories":[1356],"tags":[58,59,16686,1011,27,1227,252,1364],"class_list":{"0":"post-584444","1":"post","2":"type-post","3":"status-publish","4":"format-standard","5":"has-post-thumbnail","7":"category-television","8":"tag-divertissement","9":"tag-entertainment","10":"tag-fbl","11":"tag-fr","12":"tag-france","13":"tag-horizontal","14":"tag-television","15":"tag-tv"},"share_on_mastodon":{"url":"","error":""},"_links":{"self":[{"href":"https:\/\/www.europesays.com\/fr\/wp-json\/wp\/v2\/posts\/584444","targetHints":{"allow":["GET"]}}],"collection":[{"href":"https:\/\/www.europesays.com\/fr\/wp-json\/wp\/v2\/posts"}],"about":[{"href":"https:\/\/www.europesays.com\/fr\/wp-json\/wp\/v2\/types\/post"}],"author":[{"embeddable":true,"href":"https:\/\/www.europesays.com\/fr\/wp-json\/wp\/v2\/users\/2"}],"replies":[{"embeddable":true,"href":"https:\/\/www.europesays.com\/fr\/wp-json\/wp\/v2\/comments?post=584444"}],"version-history":[{"count":0,"href":"https:\/\/www.europesays.com\/fr\/wp-json\/wp\/v2\/posts\/584444\/revisions"}],"wp:featuredmedia":[{"embeddable":true,"href":"https:\/\/www.europesays.com\/fr\/wp-json\/wp\/v2\/media\/584445"}],"wp:attachment":[{"href":"https:\/\/www.europesays.com\/fr\/wp-json\/wp\/v2\/media?parent=584444"}],"wp:term":[{"taxonomy":"category","embeddable":true,"href":"https:\/\/www.europesays.com\/fr\/wp-json\/wp\/v2\/categories?post=584444"},{"taxonomy":"post_tag","embeddable":true,"href":"https:\/\/www.europesays.com\/fr\/wp-json\/wp\/v2\/tags?post=584444"}],"curies":[{"name":"wp","href":"https:\/\/api.w.org\/{rel}","templated":true}]}}