{"id":584446,"date":"2025-12-07T15:30:17","date_gmt":"2025-12-07T15:30:17","guid":{"rendered":"https:\/\/www.europesays.com\/fr\/584446\/"},"modified":"2025-12-07T15:30:17","modified_gmt":"2025-12-07T15:30:17","slug":"pierre-garnier-se-reconnait-parfaitement-dans-une-chanson-dhelena-et-il-ne-sen-cache-pas","status":"publish","type":"post","link":"https:\/\/www.europesays.com\/fr\/584446\/","title":{"rendered":"Pierre Garnier se reconna\u00eet parfaitement dans une chanson d\u2019H\u00e9l\u00e9na et il ne s\u2019en cache pas !"},"content":{"rendered":"<p>La <strong>Star Academy<\/strong> a chang\u00e9 la vie de<br \/>\nnombreux jeunes, et tout particuli\u00e8rement celle de <a href=\"https:\/\/www.closermag.fr\/people\/pierre-garnier-au-bout-du-rouleau-il-chante-comme-une-casserole-et-finit-son-concert-sous-les-huees-3573881\" target=\"_blank\" rel=\"noopener\"><br \/>\nPierre Garnier<\/a>. Rappelons que l\u2019artiste de 23 ans a<br \/>\n<strong>remport\u00e9 la 11eme saison du concours<\/strong> de chant de<br \/>\nTF1, en f\u00e9vrier 2024. Seulement deux ans apr\u00e8s cette<br \/>\ngrande victoire, tout sourit au talentueux jeune homme. Apr\u00e8s tout,<br \/>\nil a d\u00e9j\u00e0 <strong>2 singles certifi\u00e9s diamant<\/strong>, un disque<br \/>\nde platine, <a href=\"https:\/\/www.closermag.fr\/people\/on-kiffe-ensemble-sur-le-tapis-rouge-des-nrj-music-awards-helena-et-pierre-garnier-ne-se-quittent-pas-3590867\" target=\"_blank\" rel=\"noopener\"><br \/>\n2 NRJ Music Awards<\/a> ainsi que le titre de Meilleur<br \/>\nArtiste Fran\u00e7ais aux MTV Europe Music Awards 2024, \u00e0 son<br \/>\nactif.<\/p>\n<p>La mont\u00e9e sensationnelle et c\u2019est loin d\u2019\u00eatre fini ! Pierre<br \/>\nGarnier, qui va bient\u00f4t conclure sa tourn\u00e9e \u00e0 guichets ferm\u00e9s \u00e0<br \/>\nCaen, s\u2019est confi\u00e9 sur sa <a href=\"https:\/\/www.closermag.fr\/people\/pierre-garnier-une-septuagenaire-persuadee-de-vivre-une-histoire-damour-avec-lui-elle-perd-une-somme-astronomique-3593750\" target=\"_blank\" rel=\"noopener\"><br \/>\nsoudaine mont\u00e9e en notori\u00e9t\u00e9<\/a> dans le domaine de la musique \u00e0<br \/>\nnos confr\u00e8res de T\u00e9l\u00e9 7 jours. Avec beaucoup de fiert\u00e9,<br \/>\nmais toujours avec humilit\u00e9, le Calvados confie : \u00ab\u00a0Deux ans,<br \/>\nd\u00e9j\u00e0 ! Pour certains, ce n\u2019est pas grand-chose, mais pour moi,<br \/>\n<strong>c\u2019est \u00e9norme<\/strong>\u00ab\u00a0.<\/p>\n<p>Pierre Garnier : la chanson d\u2019H\u00e9l\u00e9na lui parle !<\/p>\n<p>Lors de son entretien avec nos confr\u00e8res, <strong>Pierre<br \/>\nGarnier<\/strong> s\u2019est \u00e9galement exprim\u00e9 sur la chanson d\u2019<a href=\"https:\/\/www.telestar.fr\/tele_realite\/helena-star-academy-jai-un-probleme-avec-largent-son-train-de-vie-a-radicalement-change-mais-1744900\" target=\"_blank\" rel=\"noopener\">H\u00e9l\u00e9na<br \/>\nBailly<\/a>. Ce titre intitul\u00e9 <strong>Tout a chang\u00e9 (rien n\u2019a<br \/>\nchang\u00e9)<\/strong> parle du changement de vie suite \u00e0 la<br \/>\nc\u00e9l\u00e9brit\u00e9. Une situation que l\u2019artiste de 23 ans est en train de<br \/>\nvivre. Chose qu\u2019il a, d\u2019ailleurs, confirm\u00e9 au journaliste.<\/p>\n<p>\u00ab\u00a0Non, <strong>pas du tout<\/strong><br \/>\n!\u00a0\u00bb, a r\u00e9pondu l\u2019artiste quand son interlocuteur lui a<br \/>\ndemand\u00e9 s\u2019il ne s\u2019\u00e9tait pas tromp\u00e9 dans son interpr\u00e9tation.<br \/>\n\u00ab\u00a0Mon objectif, c\u2019\u00e9tait surtout de <strong>faire de la<br \/>\nmusique<\/strong>, d\u2019en vivre, mais pas forc\u00e9ment d\u2019\u00eatre<br \/>\nconnu\u00a0\u00bb, a confi\u00e9 Pierre Garnier en ajoutant : \u00ab\u00a0Le plus<br \/>\nimportant pour moi, c\u2019est de me sentir bien, de rentrer chez moi,<br \/>\nde passer du temps avec mes amis, de <strong>rester celui<br \/>\nque j\u2019ai toujours \u00e9t\u00e9<\/strong>\u00ab\u00a0.<\/p>\n<blockquote class=\"instagram-media\" style=\"background: #ffffff;border: 0;margin: 1px;width: 100%;padding: 0;max-width: 500px;\" data-instgrm-permalink=\"https:\/\/www.instagram.com\/p\/DGJMhULIcNj\/?utm_source=ig_web_copy_link&amp;igsh=MzRlODBiNWFlZA==\" data-instgrm-version=\"14\"\/><p>\nPierre Garnier : \u00ab\u00a0j\u2019essaie de prendre<br \/>\ndu recul\u00a0\u00bb<\/p>\n<p>Dans les colonnes du m\u00e9dia, <strong>Pierre Garnier<\/strong><br \/>\nexplique qu\u2019il veut tout de m\u00eame \u00ab\u00a0<strong>garder une vie<br \/>\nnormale<\/strong>\u00ab\u00a0. Quel est son secret pour \u00ab\u00a0avoir cet<br \/>\nentre-deux\u00a0\u00bb ? \u00ab\u00a0Au d\u00e9but, c\u2019est impressionnant. Quand tu<br \/>\nsors dans la rue et que les gens te reconnaissent, c\u2019est fou\u00a0\u00bb,<br \/>\npoursuit-il en expliquant : \u00ab\u00a0Aujourd\u2019hui, j\u2019essaie de<br \/>\n<strong>prendre du recul<\/strong>\u00ab\u00a0.<\/p>\n<p>\u00ab\u00a0Je pense que le public me suit parce que je suis quelqu\u2019un<br \/>\nde simple, qu\u2019il se retrouve un peu en moi\u00a0\u00bb, a ajout\u00e9<br \/>\nl\u2019artiste avec beaucoup d\u2019humilit\u00e9. La classe !<\/p>\n<p><script async src=\"\/\/www.instagram.com\/embed.js\"><\/script><\/p>\n","protected":false},"excerpt":{"rendered":"La Star Academy a chang\u00e9 la vie de nombreux jeunes, et tout particuli\u00e8rement celle de Pierre Garnier. Rappelons&hellip;\n","protected":false},"author":2,"featured_media":584447,"comment_status":"","ping_status":"","sticky":false,"template":"","format":"standard","meta":{"footnotes":""},"categories":[1355],"tags":[58,59,1011,27,1361,873,5096],"class_list":{"0":"post-584446","1":"post","2":"type-post","3":"status-publish","4":"format-standard","5":"has-post-thumbnail","7":"category-musique","8":"tag-divertissement","9":"tag-entertainment","10":"tag-fr","11":"tag-france","12":"tag-music","13":"tag-musique","14":"tag-pierre-garnier"},"share_on_mastodon":{"url":"https:\/\/pubeurope.com\/@fr\/115679004251230250","error":""},"_links":{"self":[{"href":"https:\/\/www.europesays.com\/fr\/wp-json\/wp\/v2\/posts\/584446","targetHints":{"allow":["GET"]}}],"collection":[{"href":"https:\/\/www.europesays.com\/fr\/wp-json\/wp\/v2\/posts"}],"about":[{"href":"https:\/\/www.europesays.com\/fr\/wp-json\/wp\/v2\/types\/post"}],"author":[{"embeddable":true,"href":"https:\/\/www.europesays.com\/fr\/wp-json\/wp\/v2\/users\/2"}],"replies":[{"embeddable":true,"href":"https:\/\/www.europesays.com\/fr\/wp-json\/wp\/v2\/comments?post=584446"}],"version-history":[{"count":0,"href":"https:\/\/www.europesays.com\/fr\/wp-json\/wp\/v2\/posts\/584446\/revisions"}],"wp:featuredmedia":[{"embeddable":true,"href":"https:\/\/www.europesays.com\/fr\/wp-json\/wp\/v2\/media\/584447"}],"wp:attachment":[{"href":"https:\/\/www.europesays.com\/fr\/wp-json\/wp\/v2\/media?parent=584446"}],"wp:term":[{"taxonomy":"category","embeddable":true,"href":"https:\/\/www.europesays.com\/fr\/wp-json\/wp\/v2\/categories?post=584446"},{"taxonomy":"post_tag","embeddable":true,"href":"https:\/\/www.europesays.com\/fr\/wp-json\/wp\/v2\/tags?post=584446"}],"curies":[{"name":"wp","href":"https:\/\/api.w.org\/{rel}","templated":true}]}}