{"id":584454,"date":"2025-12-07T15:34:12","date_gmt":"2025-12-07T15:34:12","guid":{"rendered":"https:\/\/www.europesays.com\/fr\/584454\/"},"modified":"2025-12-07T15:34:12","modified_gmt":"2025-12-07T15:34:12","slug":"la-bande-annonce-de-la-saison-finale-de-the-boys-est-la-tout-comme-sa-date-de-sortie-et-ca-va-etre-un-chaos-total","status":"publish","type":"post","link":"https:\/\/www.europesays.com\/fr\/584454\/","title":{"rendered":"La bande-annonce de la saison finale de The Boys est l\u00e0, tout comme sa date de sortie\u2026 et \u00e7a va \u00eatre un chaos total !"},"content":{"rendered":"<p>Un moment attendu autant par les fans que par les curieux, tant la s\u00e9rie a impos\u00e9 depuis 2019 un style corrosif unique, m\u00e9lange de satire politique, de super-h\u00e9ros d\u00e9g\u00e9n\u00e9r\u00e9s et d\u2019une violence assum\u00e9e. Avec ces premi\u00e8res images, l\u2019heure n\u2019est plus au doute, cette cinqui\u00e8me saison, attendue <strong>le 8 avril 2026<\/strong>, s\u2019annonce comme l\u2019affrontement ultime entre Butcher et Homelander\u00a0!<\/p>\n<p>Une bande-annonce tendue, plus sombre encore que pr\u00e9vu<\/p>\n<p>Cette premi\u00e8re bande-annonce n\u2019a rien de teaser timide. Elle plonge imm\u00e9diatement dans une atmosph\u00e8re lourde, o\u00f9 chaque plan semble indiquer que les personnages n\u2019ont plus rien \u00e0 perdre. Billy Butcher appara\u00eet marqu\u00e9 physiquement, rong\u00e9 par les d\u00e9cisions prises au fil des saisons, tandis qu\u2019Homelander affiche un sourire crisp\u00e9, presque m\u00e9canique, comme si la fa\u00e7ade du h\u00e9ros mod\u00e8le se fissurait enfin. L\u2019opposition entre les deux hommes, d\u00e9j\u00e0 au centre de la s\u00e9rie, change ici de nature car elle para\u00eet moins id\u00e9ologique que personnelle, presque intime, ce qui promet une tension encore plus forte.<\/p>\n<p>La bande-annonce joue la carte du spectaculaire mais reste \u00e9tonnamment lisible. On y retrouve des images sanglantes, des explosions, quelques d\u00e9monstrations de pouvoirs bien plac\u00e9es\u2026 mais sans tomber dans la surench\u00e8re gratuite. En revanche, on sent une volont\u00e9 tr\u00e8s claire de faire monter la pression, notamment gr\u00e2ce \u00e0 un montage plus nerveux que d\u2019habitude. Ce n\u2019est pas la bande-annonce la plus originale que la s\u00e9rie ait sortie, mais elle remplit parfaitement son r\u00f4le, rappeler que personne n\u2019est en s\u00e9curit\u00e9, et que la chute sera rude.<\/p>\n<p>    <a href=\"https:\/\/www.youtube.com\/user\/JournalduGeek?sub_confirmation=1\" target=\"_blank\" rel=\"nofollow noopener\"><br \/>\n        S&rsquo;abonner \u00e0 Journal du Geek<br \/>\n    <\/a><br \/>\nUn dernier chapitre sous tension<\/p>\n<p>La saison 5 devra conclure un r\u00e9cit devenu massif sans casser l\u2019\u00e9quilibre install\u00e9 en cinq saisons. L\u2019arriv\u00e9e de nouveaux personnages, dont celui incarn\u00e9 par Jared Padalecki, n\u2019a rien d\u2019anodin. On comprend qu\u2019il ne servira pas simplement de nouvelle t\u00eate d\u2019affiche, mais pourrait incarner un \u00e9l\u00e9ment d\u00e9stabilisateur dans une dynamique d\u00e9j\u00e0 explosive. La s\u00e9rie, qui n\u2019a jamais h\u00e9sit\u00e9 \u00e0 bousculer ses propres r\u00e8gles, semble pr\u00eate \u00e0 utiliser ce dernier arc pour redistribuer les cartes une derni\u00e8re fois.<\/p>\n<p>Du c\u00f4t\u00e9 des Boys, le climat est tout aussi charg\u00e9. Le groupe appara\u00eet fragilis\u00e9, presque au bord de la rupture. Ce qui \u00e9tait autrefois une croisade collective ressemble maintenant \u00e0 une fuite en avant, chacun tentant de sauver sa peau autant que le monde. L\u00e0 encore, la bande-annonce ne dit rien de concret, mais montre assez pour laisser deviner que les choix moraux seront plus radicaux que jamais.<\/p>\n<p>Une date de sortie enfin officielle<\/p>\n<p>Amazon a confirm\u00e9 un lancement en deux temps\u00a0: les deux premiers \u00e9pisodes sortiront le 8 avril 2026, avant une diffusion hebdomadaire jusqu\u2019au 20 mai, date \u00e0 laquelle la s\u00e9rie tirera d\u00e9finitivement sa r\u00e9v\u00e9rence.\u00a0Commercialement et narrativement, ce d\u00e9coupage permet \u00e0 la plateforme de transformer chaque \u00e9pisode en \u00e9v\u00e9nement, tout en laissant au public le temps d\u2019absorber les chocs successifs. Car si la bande-annonce insiste bien sur la violence et le chaos \u00e0 venir, elle laisse aussi entendre que le final sera moins explosif que tragique.<\/p>\n<p>\u00c0 ce stade, la question n\u2019est plus de savoir si la saison sera spectaculaire, elle le sera forc\u00e9ment, mais si elle parviendra \u00e0 garder la coh\u00e9rence et l\u2019intelligence satirique qui ont fait la force du show. Les enjeux politiques, la critique du star-system, la manipulation m\u00e9diatique, tous ces th\u00e8mes ont accompagn\u00e9 la s\u00e9rie depuis ses d\u00e9buts, et c\u2019est justement leur traitement dans ce final qui pourrait faire la diff\u00e9rence entre une conclusion m\u00e9morable et un simple feu d\u2019artifice sans lendemain.<\/p>\n<blockquote>\n<p class=\"text-base text-neutral-700 dark:text-neutral-300\">\ud83d\udfe3 Pour ne manquer aucune news sur le Journal du Geek, abonnez-vous sur <a href=\"https:\/\/news.google.com\/publications\/CAAqBwgKMNr_hAswwYyCAw?hl=fr&amp;gl=FR&amp;ceid=FR%3Afr\" target=\"_blank\" rel=\"noopener\">Google Actualit\u00e9s<\/a> et sur <a href=\"https:\/\/whatsapp.com\/channel\/0029VaClM5y4tRry12tb7D2h\" target=\"_blank\" rel=\"noopener\">notre WhatsApp<\/a>. Et si vous nous adorez, on a <a href=\"https:\/\/www.journaldugeek.com\/newsletter\/\" target=\"_blank\" rel=\"noopener\">une newsletter tous les matins<\/a>.<\/p>\n<\/blockquote>\n","protected":false},"excerpt":{"rendered":"Un moment attendu autant par les fans que par les curieux, tant la s\u00e9rie a impos\u00e9 depuis 2019&hellip;\n","protected":false},"author":2,"featured_media":584455,"comment_status":"","ping_status":"","sticky":false,"template":"","format":"standard","meta":{"footnotes":""},"categories":[8],"tags":[518,58,59,1011,27,521,55056],"class_list":{"0":"post-584454","1":"post","2":"type-post","3":"status-publish","4":"format-standard","5":"has-post-thumbnail","7":"category-divertissement","8":"tag-amazon-prime-video","9":"tag-divertissement","10":"tag-entertainment","11":"tag-fr","12":"tag-france","13":"tag-serie","14":"tag-the-boys"},"share_on_mastodon":{"url":"https:\/\/pubeurope.com\/@fr\/115679019991501088","error":""},"_links":{"self":[{"href":"https:\/\/www.europesays.com\/fr\/wp-json\/wp\/v2\/posts\/584454","targetHints":{"allow":["GET"]}}],"collection":[{"href":"https:\/\/www.europesays.com\/fr\/wp-json\/wp\/v2\/posts"}],"about":[{"href":"https:\/\/www.europesays.com\/fr\/wp-json\/wp\/v2\/types\/post"}],"author":[{"embeddable":true,"href":"https:\/\/www.europesays.com\/fr\/wp-json\/wp\/v2\/users\/2"}],"replies":[{"embeddable":true,"href":"https:\/\/www.europesays.com\/fr\/wp-json\/wp\/v2\/comments?post=584454"}],"version-history":[{"count":0,"href":"https:\/\/www.europesays.com\/fr\/wp-json\/wp\/v2\/posts\/584454\/revisions"}],"wp:featuredmedia":[{"embeddable":true,"href":"https:\/\/www.europesays.com\/fr\/wp-json\/wp\/v2\/media\/584455"}],"wp:attachment":[{"href":"https:\/\/www.europesays.com\/fr\/wp-json\/wp\/v2\/media?parent=584454"}],"wp:term":[{"taxonomy":"category","embeddable":true,"href":"https:\/\/www.europesays.com\/fr\/wp-json\/wp\/v2\/categories?post=584454"},{"taxonomy":"post_tag","embeddable":true,"href":"https:\/\/www.europesays.com\/fr\/wp-json\/wp\/v2\/tags?post=584454"}],"curies":[{"name":"wp","href":"https:\/\/api.w.org\/{rel}","templated":true}]}}