{"id":584462,"date":"2025-12-07T15:38:15","date_gmt":"2025-12-07T15:38:15","guid":{"rendered":"https:\/\/www.europesays.com\/fr\/584462\/"},"modified":"2025-12-07T15:38:15","modified_gmt":"2025-12-07T15:38:15","slug":"nicolas-sarkozy-ne-sassociera-pas-a-un-front-republicain-contre-le-rn","status":"publish","type":"post","link":"https:\/\/www.europesays.com\/fr\/584462\/","title":{"rendered":"Nicolas Sarkozy ne s\u2019associera pas \u00e0 un \u00ab\u00a0front r\u00e9publicain\u00a0\u00bb contre le RN"},"content":{"rendered":"<p class=\"paragraph text_align_left lp-f-body-02\">Nicolas Sarkozy a assur\u00e9 \u00e0 Marine Le Pen qu\u2019il ne s\u2019associerait pas \u00e0 un \u00e9ventuel \u00ab front r\u00e9publicain \u00bb contre le RN et plaid\u00e9 pour un \u00ab rassemblement le plus large possible \u00bb, \u00ab sans anath\u00e8me \u00bb, selon les extraits de son prochain livre publi\u00e9s dimanche dans <a href=\"https:\/\/www.latribune.fr\" target=\"_self\" rel=\"noopener\">La Tribune<\/a>.<\/p>\n<p class=\"paragraph text_align_left lp-f-body-02\">Dans \u00ab Le Journal d\u2019un prisonnier \u00bb, le livre consacr\u00e9 \u00e0 ses 20 jours de d\u00e9tention, qui sort en librairie mercredi, l\u2019ex-chef de l\u2019\u00c9tat rapporte un \u00e9change t\u00e9l\u00e9phonique avec Mme Le Pen. <a href=\"https:\/\/www.leparisien.fr\/politique\/nicolas-sarkozy\/\" target=\"_self\" rel=\"noopener\">Nicolas Sarkozy<\/a> l\u2019avait contact\u00e9e apr\u00e8s sa condamnation, le 25 septembre dernier, \u00e0 cinq ans de prison au proc\u00e8s du financement libyen de sa campagne de 2007 pour la remercier <a href=\"https:\/\/www.leparisien.fr\/politique\/nicolas-sarkozy-condamne-marine-le-pen-denonce-la-generalisation-de-lexecution-provisoire-25-09-2025-G4ML3EIDXFHZXAGVQBIRTFQVPM.php\" target=\"_self\" rel=\"noopener\">d\u2019avoir pris sa d\u00e9fense<\/a>.<\/p>\n<p class=\"paragraph text_align_left lp-f-body-02\">Au cours de cet \u00e9change, rapporte-t-il dans son livre, <a href=\"https:\/\/www.leparisien.fr\/politique\/marine-le-pen\/\" target=\"_self\" rel=\"noopener\">Marine Le Pen<\/a> lui aurait demand\u00e9 : \u00ab Votre voix porte sur l\u2019\u00e9lectorat populaire, vous associerez-vous \u00e0 un quelconque front r\u00e9publicain \u00bb lors de futures \u00e9ch\u00e9ances \u00e9lectorales ?<\/p>\n<p>\u00ab Ma r\u00e9ponse fut sans ambigu\u00eft\u00e9 \u00bb<\/p>\n<p class=\"paragraph text_align_left lp-f-body-02\">\u00ab Ma r\u00e9ponse fut sans ambigu\u00eft\u00e9 : Non, et de surcro\u00eet je l\u2019assumerai en prenant le moment venu une position publique sur le sujet \u00bb , \u00e9crit l\u2019ancien pr\u00e9sident, \u00e2g\u00e9 de 70 ans. Plus loin dans l\u2019ouvrage, il juge que \u00ab le chemin de reconstruction de la droite ne pourra passer que par l\u2019esprit de rassemblement le plus large possible, sans exclusive et sans anath\u00e8me \u00bb.<\/p>\n<p class=\"paragraph text_align_left lp-f-body-02\">Nicolas Sarkozy a en revanche des mots acerbes \u00e0 l\u2019\u00e9gard d\u2019<a href=\"https:\/\/www.leparisien.fr\/politique\/emmanuel-macron\/\" target=\"_self\" rel=\"noopener\">Emmanuel Macron<\/a>, qu\u2019il a rencontr\u00e9 peu avant son incarc\u00e9ration, le 21 octobre : \u00ab Je n\u2019avais rien \u00e0 lui dire et n\u2019avais gu\u00e8re envie d\u2019une discussion amicale avec lui \u00bb. \u00ab Depuis la funeste d\u00e9cision de dissoudre l\u2019Assembl\u00e9e nationale, nos relations s\u2019\u00e9taient distendues (\u2026) La m\u00e9fiance s\u2019\u00e9tait m\u00eame install\u00e9e \u00e0 la suite du retrait de ma L\u00e9gion d\u2019honneur \u00bb <a href=\"https:\/\/www.leparisien.fr\/politique\/affaire-des-ecoutes-nicolas-sarkozy-exclu-de-la-legion-dhonneur-apres-sa-condamnation-15-06-2025-HE4BHKNLWBHPROSMADMX4MTBFA.php\" target=\"_self\" rel=\"noopener\">\u00e0 la suite de sa condamnation<\/a> dans l\u2019affaire dite des \u00e9coutes, \u00ab j\u2019avais d\u00e9cid\u00e9 en cons\u00e9quence de tourner la page de notre amiti\u00e9 sans pour autant entrer dans une opposition syst\u00e9matique \u00e0 sa politique \u00bb, explique l\u2019ancien locataire de l\u2019\u00c9lys\u00e9e, de 2007 \u00e0 2012.<\/p>\n<p class=\"paragraph text_align_left lp-f-body-02\">Au sujet de son parti Les R\u00e9publicains, l\u2019ex-chef de l\u2019\u00c9tat salue le caract\u00e8re \u00ab courageux \u00bb de Michel Barnier, le seul dirigeant de sa famille \u00e0 avoir \u00e9mis le souhait de lui rendre visite \u00e0 la Sant\u00e9. \u00ab <a href=\"https:\/\/www.leparisien.fr\/politique\/bruno-retailleau\/\" target=\"_self\" rel=\"noopener\">Bruno Retailleau<\/a> m\u2019appela r\u00e9guli\u00e8rement, mais n\u2019en fit publiquement pas davantage \u00bb , note-t-il en revanche au sujet de l\u2019actuel patron de LR.<\/p>\n","protected":false},"excerpt":{"rendered":"Nicolas Sarkozy a assur\u00e9 \u00e0 Marine Le Pen qu\u2019il ne s\u2019associerait pas \u00e0 un \u00e9ventuel \u00ab front r\u00e9publicain&hellip;\n","protected":false},"author":2,"featured_media":584463,"comment_status":"","ping_status":"","sticky":false,"template":"","format":"standard","meta":{"footnotes":""},"categories":[4],"tags":[11,1011,27,12,316,25],"class_list":{"0":"post-584462","1":"post","2":"type-post","3":"status-publish","4":"format-standard","5":"has-post-thumbnail","7":"category-france","8":"tag-actualites","9":"tag-fr","10":"tag-france","11":"tag-news","12":"tag-politique","13":"tag-republique-francaise"},"share_on_mastodon":{"url":"https:\/\/pubeurope.com\/@fr\/115679035603474996","error":""},"_links":{"self":[{"href":"https:\/\/www.europesays.com\/fr\/wp-json\/wp\/v2\/posts\/584462","targetHints":{"allow":["GET"]}}],"collection":[{"href":"https:\/\/www.europesays.com\/fr\/wp-json\/wp\/v2\/posts"}],"about":[{"href":"https:\/\/www.europesays.com\/fr\/wp-json\/wp\/v2\/types\/post"}],"author":[{"embeddable":true,"href":"https:\/\/www.europesays.com\/fr\/wp-json\/wp\/v2\/users\/2"}],"replies":[{"embeddable":true,"href":"https:\/\/www.europesays.com\/fr\/wp-json\/wp\/v2\/comments?post=584462"}],"version-history":[{"count":0,"href":"https:\/\/www.europesays.com\/fr\/wp-json\/wp\/v2\/posts\/584462\/revisions"}],"wp:featuredmedia":[{"embeddable":true,"href":"https:\/\/www.europesays.com\/fr\/wp-json\/wp\/v2\/media\/584463"}],"wp:attachment":[{"href":"https:\/\/www.europesays.com\/fr\/wp-json\/wp\/v2\/media?parent=584462"}],"wp:term":[{"taxonomy":"category","embeddable":true,"href":"https:\/\/www.europesays.com\/fr\/wp-json\/wp\/v2\/categories?post=584462"},{"taxonomy":"post_tag","embeddable":true,"href":"https:\/\/www.europesays.com\/fr\/wp-json\/wp\/v2\/tags?post=584462"}],"curies":[{"name":"wp","href":"https:\/\/api.w.org\/{rel}","templated":true}]}}