{"id":584466,"date":"2025-12-07T15:41:13","date_gmt":"2025-12-07T15:41:13","guid":{"rendered":"https:\/\/www.europesays.com\/fr\/584466\/"},"modified":"2025-12-07T15:41:13","modified_gmt":"2025-12-07T15:41:13","slug":"travaux-dans-la-loire-la72-et-la-rn88-reduites-a-une-voie-pendant-plusieurs-jours","status":"publish","type":"post","link":"https:\/\/www.europesays.com\/fr\/584466\/","title":{"rendered":"Travaux dans la Loire : l&rsquo;A72 et la RN88 r\u00e9duites \u00e0 une voie pendant plusieurs jours\u00a0"},"content":{"rendered":"<p>Cette semaine, des travaux vont perturber la circulation sur deux axes majeurs de la Loire. L&rsquo;A72 et la RN88 seront partiellement neutralis\u00e9es en journ\u00e9e, avec des fermetures de bretelles et des basculements de circulation. Les automobilistes sont invit\u00e9s \u00e0 anticiper leurs trajets. On fait le point.<\/p>\n<p>Cette semaine, du lundi au jeudi, la circulation sera impact\u00e9e par des travaux sur deux axes majeurs de la Loire : l&rsquo;<b>A72<\/b> et la <b>RN88<\/b>.\u00a0<\/p>\n<p>Les op\u00e9rations se d\u00e9rouleront principalement en journ\u00e9e, avec des neutralisations de voies dans les deux sens et des bretelles ferm\u00e9es.\u00a0<\/p>\n<p>RN88 : la bretelle de sortie n\u00b028 \u00ab\u00a0la Ricamarie\u00a0\u00bb toujours ferm\u00e9e\u00a0<\/p>\n<p>Dans le sens <b>Le Puy-en-Velay\/Saint-\u00c9tienne<\/b>, la bretelle de sortie n\u00b028 \u00ab la Ricamarie \u00bb est ferm\u00e9e \u00e0 la circulation de mani\u00e8re permanente jusqu&rsquo;au 19 d\u00e9cembre 2025.<\/p>\n<p>Par ailleurs :<br \/>Dans le sens <b>Le Puy-en-Velay\/Saint-\u00c9tienne<\/b>, la voie de droite sera neutralis\u00e9e la journ\u00e9e du lundi 8 d\u00e9cembre de 9 \u00e0 16 heures.<br \/>Dans le sens <b>Saint-\u00c9tienne\/Le Puy-en-Velay<\/b>, la voie de droite sera neutralis\u00e9e les journ\u00e9es du lundi 8, du mardi 9, du mercredi 10 et du jeudi 11 d\u00e9cembre de 9 \u00e0 16 heures.<\/p>\n<p>RN88 sur une voie au niveau de Saint-Chamond<\/p>\n<p>La voie de gauche sera neutralis\u00e9e dans les deux sens de circulation les journ\u00e9es du mardi 9, du mercredi 10 et du jeudi 11 d\u00e9cembre de 9 \u00e0 16 heures.<\/p>\n<p>La RN88 sur une voie au niveau de Saint-\u00c9tienne\u00a0<\/p>\n<p>La voie de droite sera neutralis\u00e9e, alternativement, dans les deux sens de circulation, la journ\u00e9e du lundi 8 d\u00e9cembre de 9 \u00e0 16 heures.<\/p>\n<p>A72 : voie neutralis\u00e9e entre Saint-\u00c9tienne et Andr\u00e9zieux\u00a0<\/p>\n<p>La voie de droite sera neutralis\u00e9e, alternativement, dans les deux sens de circulation les journ\u00e9es du lundi 8 et du mardi 9 d\u00e9cembre de 9 \u00e0 16 heures.<img loading=\"lazy\" decoding=\"async\" src=\"https:\/\/www.europesays.com\/fr\/wp-content\/uploads\/2025\/12\/1765122073_274_img\" width=\"350\" height=\"200\" border=\"0\" title=\"Le maire de Saint-\u00c3\u0089tienne, Ga\u00c3\u00abl Perdriau\"\/><\/p>\n<p>\u25baPolitique<\/p>\n<p style=\"font-size: 22px;\"><b>Saint-\u00c9tienne : changement de date pour l&rsquo;\u00e9lection du nouveau maire<\/b><\/p>\n<p>Alors que le conseil municipal qui doit \u00e9lire le&#8230;<\/p>\n<p><\/p>\n","protected":false},"excerpt":{"rendered":"Cette semaine, des travaux vont perturber la circulation sur deux axes majeurs de la Loire. L&rsquo;A72 et la&hellip;\n","protected":false},"author":2,"featured_media":569252,"comment_status":"","ping_status":"","sticky":false,"template":"","format":"standard","meta":{"footnotes":""},"categories":[9653],"tags":[15290,1111,11,2430,1777,674,1011,27,10444,3367,12,25,15292,4001,2086,1811],"class_list":{"0":"post-584466","1":"post","2":"type-post","3":"status-publish","4":"format-standard","5":"has-post-thumbnail","7":"category-saint-etienne","8":"tag-a72","9":"tag-actu","10":"tag-actualites","11":"tag-auvergne-rhone-alpes","12":"tag-eu","13":"tag-europe","14":"tag-fr","15":"tag-france","16":"tag-le-puy-en-velay","17":"tag-loire","18":"tag-news","19":"tag-republique-francaise","20":"tag-rn88","21":"tag-saint-etienne","22":"tag-travaux","23":"tag-voie"},"share_on_mastodon":{"url":"https:\/\/pubeurope.com\/@fr\/115679048288950143","error":""},"_links":{"self":[{"href":"https:\/\/www.europesays.com\/fr\/wp-json\/wp\/v2\/posts\/584466","targetHints":{"allow":["GET"]}}],"collection":[{"href":"https:\/\/www.europesays.com\/fr\/wp-json\/wp\/v2\/posts"}],"about":[{"href":"https:\/\/www.europesays.com\/fr\/wp-json\/wp\/v2\/types\/post"}],"author":[{"embeddable":true,"href":"https:\/\/www.europesays.com\/fr\/wp-json\/wp\/v2\/users\/2"}],"replies":[{"embeddable":true,"href":"https:\/\/www.europesays.com\/fr\/wp-json\/wp\/v2\/comments?post=584466"}],"version-history":[{"count":0,"href":"https:\/\/www.europesays.com\/fr\/wp-json\/wp\/v2\/posts\/584466\/revisions"}],"wp:featuredmedia":[{"embeddable":true,"href":"https:\/\/www.europesays.com\/fr\/wp-json\/wp\/v2\/media\/569252"}],"wp:attachment":[{"href":"https:\/\/www.europesays.com\/fr\/wp-json\/wp\/v2\/media?parent=584466"}],"wp:term":[{"taxonomy":"category","embeddable":true,"href":"https:\/\/www.europesays.com\/fr\/wp-json\/wp\/v2\/categories?post=584466"},{"taxonomy":"post_tag","embeddable":true,"href":"https:\/\/www.europesays.com\/fr\/wp-json\/wp\/v2\/tags?post=584466"}],"curies":[{"name":"wp","href":"https:\/\/api.w.org\/{rel}","templated":true}]}}