{"id":584470,"date":"2025-12-07T15:44:21","date_gmt":"2025-12-07T15:44:21","guid":{"rendered":"https:\/\/www.europesays.com\/fr\/584470\/"},"modified":"2025-12-07T15:44:21","modified_gmt":"2025-12-07T15:44:21","slug":"volley-ball-ligue-b-masculine-saint-jean-dillac-coupe-dans-son-elan-a-grand-nancy","status":"publish","type":"post","link":"https:\/\/www.europesays.com\/fr\/584470\/","title":{"rendered":"Volley-ball (Ligue B masculine). Saint-Jean-d\u2019Illac coup\u00e9 dans son \u00e9lan \u00e0 Grand Nancy"},"content":{"rendered":"<p>Victorieux lors de leurs deux derni\u00e8res sorties, les Lorrains, support\u00e9s pour l\u2019occasion par Saint-Nicolas, l\u2019\u00e9v\u00eaque de Myre, ont surf\u00e9 sur cette dynamique pour asphyxier les Illacais d\u00e8s le coup d\u2019envoi. Ainsi, la triplette P\u00e9trov &#8211; Tsmokalo &#8211; Steele n\u2019a pas tard\u00e9 \u00e0 se mettre en action en \u00e9crasant dans le camp adverse tous les ballons distribu\u00e9s par Mora. Avec une efficacit\u00e9 offensive flirtant avec les 100\u00a0%, Nancy ne laissait pas le moindre r\u00e9pit \u00e0 des Illacais qui s\u2019en remettaient au bras monstrueux de Lilembo pour limiter la casse (9-6 puis 16-10). Mais le pointu girondin ne pouvait \u00e0 lui seul enrayer la marche en avant d\u2019une formation meurthe-et-mosellane transform\u00e9e en v\u00e9ritable machine de guerre (25-17).<\/p>\n<p>Cette m\u00e9canique savamment huil\u00e9e approchait m\u00eame la perfection. Son jeu fluide ne laissait pas une seconde de r\u00e9pit \u00e0 des visiteurs qui se faisaient d\u00e9sormais punir par Fabrowski (9 contres). Le central nanc\u00e9ien prenait m\u00eame un malin plaisir \u00e0 \u00e9teindre \u00e0 plusieurs reprises Lilembo (12-9 puis 15-12). Avec un contre quasi inexistant (15 blocks \u00e0 4), Romain Sellier, le coach d\u2019Illac, tentait bien de r\u00e9agir en multipliant les rotations. Mais aucun de ses rempla\u00e7ants ne parvenait \u00e0 provoquer l\u2019\u00e9lectrochoc tant attendu.\u00a0Aussi, Nancy demeurait intouchable (25-20).<\/p>\n<p>Nouveau souffle, en vain<\/p>\n<p>\u00c0 cette cadence, Illac pouvait craindre le pire. N\u00e9anmoins, en haussant le ton au service, Lilembo et consorts allaient mettre un terme \u00e0 l\u2019\u00e9tat de gr\u00e2ce de leurs h\u00f4tes (11 fautes). D\u00e9stabilis\u00e9s en r\u00e9ception, les locaux subissaient d\u00e9sormais le feu nourri d\u2019Illac (13-15 puis 16-19). En trouvant enfin son souffle, l\u2019ASI soufflait m\u00eame la manche sur le fil au GNVB (25-27). Tout restait possible dans une ambiance devenue compl\u00e8tement \u00e9lectrique. Il faut dire qu\u2019avec les plombs de Tonga au centre et les diagonales chirurgicales du duo Lefaivre &#8211; Lilembo, Illac faisait toujours la course en t\u00eate (9-11 puis 14-15).<\/p>\n<p>Et alors que les deux formations s\u2019approchaient, c\u00f4te \u00e0 c\u00f4te, du money-time (17-17), une d\u00e9cision arbitrale faisait perdre leur influx aux Illacais. Ceux-ci laissaient alors le champ libre \u00e0 P\u00e9trov et Tsmokalo. Illac venait de laisser passer sa chance (25-21). Dommage.<\/p>\n","protected":false},"excerpt":{"rendered":"Victorieux lors de leurs deux derni\u00e8res sorties, les Lorrains, support\u00e9s pour l\u2019occasion par Saint-Nicolas, l\u2019\u00e9v\u00eaque de Myre, ont&hellip;\n","protected":false},"author":2,"featured_media":584471,"comment_status":"","ping_status":"","sticky":false,"template":"","format":"standard","meta":{"footnotes":""},"categories":[9635],"tags":[1111,11,1777,674,1011,27,775,1702,12,25],"class_list":{"0":"post-584470","1":"post","2":"type-post","3":"status-publish","4":"format-standard","5":"has-post-thumbnail","7":"category-nancy","8":"tag-actu","9":"tag-actualites","10":"tag-eu","11":"tag-europe","12":"tag-fr","13":"tag-france","14":"tag-grand-est","15":"tag-nancy","16":"tag-news","17":"tag-republique-francaise"},"share_on_mastodon":{"url":"https:\/\/pubeurope.com\/@fr\/115679059365384964","error":""},"_links":{"self":[{"href":"https:\/\/www.europesays.com\/fr\/wp-json\/wp\/v2\/posts\/584470","targetHints":{"allow":["GET"]}}],"collection":[{"href":"https:\/\/www.europesays.com\/fr\/wp-json\/wp\/v2\/posts"}],"about":[{"href":"https:\/\/www.europesays.com\/fr\/wp-json\/wp\/v2\/types\/post"}],"author":[{"embeddable":true,"href":"https:\/\/www.europesays.com\/fr\/wp-json\/wp\/v2\/users\/2"}],"replies":[{"embeddable":true,"href":"https:\/\/www.europesays.com\/fr\/wp-json\/wp\/v2\/comments?post=584470"}],"version-history":[{"count":0,"href":"https:\/\/www.europesays.com\/fr\/wp-json\/wp\/v2\/posts\/584470\/revisions"}],"wp:featuredmedia":[{"embeddable":true,"href":"https:\/\/www.europesays.com\/fr\/wp-json\/wp\/v2\/media\/584471"}],"wp:attachment":[{"href":"https:\/\/www.europesays.com\/fr\/wp-json\/wp\/v2\/media?parent=584470"}],"wp:term":[{"taxonomy":"category","embeddable":true,"href":"https:\/\/www.europesays.com\/fr\/wp-json\/wp\/v2\/categories?post=584470"},{"taxonomy":"post_tag","embeddable":true,"href":"https:\/\/www.europesays.com\/fr\/wp-json\/wp\/v2\/tags?post=584470"}],"curies":[{"name":"wp","href":"https:\/\/api.w.org\/{rel}","templated":true}]}}