{"id":584474,"date":"2025-12-07T15:46:21","date_gmt":"2025-12-07T15:46:21","guid":{"rendered":"https:\/\/www.europesays.com\/fr\/584474\/"},"modified":"2025-12-07T15:46:21","modified_gmt":"2025-12-07T15:46:21","slug":"toulon-une-grosse-surprise-dans-la-compo-varoise-heure-et-chaine-tv","status":"publish","type":"post","link":"https:\/\/www.europesays.com\/fr\/584474\/","title":{"rendered":"Toulon\u00a0: une grosse surprise dans la compo varoise, heure et cha\u00eene tv"},"content":{"rendered":"<p class=\"app_entry_lead\">\n<p>                    <a title=\"\u00a0\u00a9\u00a0Dennis Goodwin\/ProSports\/Shutter\" href=\"https:\/\/www.europesays.com\/fr\/wp-content\/uploads\/2025\/12\/83536216.jpg\" class=\"fancy\"><\/p>\n<p>                            <img loading=\"lazy\" decoding=\"async\" src=\"https:\/\/www.europesays.com\/fr\/wp-content\/uploads\/2025\/12\/83536216.jpg\" alt=\"Edimbourg - Toulon\u00a0: une grosse surprise dans la compo varoise, heure et cha\u00eene tv\" width=\"1500\" height=\"1000\"\/><\/p>\n<p>                    <\/a><\/p>\n<p>                Le RC Toulon ouvre sa campagne europ\u00e9enne ce dimanche en Ecosse face \u00e0 Edimbourg. Un d\u00e9placement initial \u00e0 l&rsquo;ext\u00e9rieur, comme l&rsquo;an pass\u00e9, pour frapper fort d&rsquo;entr\u00e9e.<\/p>\n<p>Le RC Toulon n&rsquo;a rien oubli\u00e9. La saison derni\u00e8re, les co\u00e9quipiers de Baptiste Serin avaient r\u00e9alis\u00e9 un parcours solide et ambitieux en <a href=\"https:\/\/www.linternaute.com\/sport\/competitions\/6795758-champions-cup-2025-affiches-des-huitiemes-de-finale-et-les-dates\/\" title=\"Champions Cup\" target=\"_blank\" rel=\"noopener\">Champions Cup<\/a>, avant de voir leur aventure s&rsquo;arr\u00eater cruellement en quart de finale, sur une p\u00e9nalit\u00e9 de derni\u00e8re minute transform\u00e9e par Thomas Ramos. Une \u00e9limination aussi frustrante que formatrice, qui nourrit aujourd&rsquo;hui une forte volont\u00e9 de briller sur la sc\u00e8ne europ\u00e9enne. Cette nouvelle campagne d\u00e9bute \u00e0 l&rsquo;ext\u00e9rieur, comme l&rsquo;an dernier avec une victoire fondatrice chez les Stormers. Et si le d\u00e9placement \u00e0 \u00c9dimbourg comporte toujours son lot de pi\u00e8ges, il appara\u00eet cette fois \u00e0 la port\u00e9e de Toulonnais d\u00e9termin\u00e9s, face \u00e0 une \u00e9quipe \u00e9cossaise lourdement impact\u00e9e par les absences.<\/p>\n<p>Une absence qui fait parler<\/p>\n<p>Cette entr\u00e9e en mati\u00e8re aurait toutefois d\u00fb se faire avec <a href=\"https:\/\/www.linternaute.fr\/sport\/biographie\/2640119-charles-ollivon-taille-blessure-qui-est-le-capitaine-du-xv-de-france\/\" title=\"Charles Ollivon\" target=\"_blank\" rel=\"noopener\">Charles Ollivon<\/a>. Le troisi\u00e8me-ligne, pressenti titulaire, a finalement \u00e9t\u00e9 d\u00e9clar\u00e9 forfait par un neurologue ind\u00e9pendant, malgr\u00e9 un protocole commotion suivi \u00e0 la lettre. Une d\u00e9cision qui a fait na\u00eetre une vive incompr\u00e9hension c\u00f4t\u00e9 varois. En milieu de semaine, Pierre Mignoni n&rsquo;a pas cach\u00e9 sa surprise\u00a0: \u00a0\u00bb Il \u00e9tait apte jusqu&rsquo;\u00e0 mercredi. On nous l&rsquo;a sorti. \u00a0\u00bb Le manager toulonnais s&rsquo;est montr\u00e9 particuli\u00e8rement remont\u00e9, insistant sur le fait que le joueur s&rsquo;entra\u00eenait normalement et se d\u00e9clarait pr\u00eat \u00e0 jouer.<\/p>\n<p>Sans jamais remettre en question la n\u00e9cessit\u00e9 de prot\u00e9ger les joueurs, Mignoni a point\u00e9 ce qu&rsquo;il consid\u00e8re comme une forme d&rsquo;exc\u00e8s de prudence institutionnelle. \u00a0\u00bb La commotion est un vrai sujet, mais \u00e0 partir du moment o\u00f9 on a suivi le protocole et que le joueur est \u00e0 100\u00a0%, on doit pouvoir avancer \u00ab\u00a0, a-t-il martel\u00e9. L&rsquo;ancien demi de m\u00eal\u00e9e a m\u00eame \u00e9voqu\u00e9 une d\u00e9cision \u00a0\u00bb politique \u00ab\u00a0, regrettant que le travail du staff m\u00e9dical des clubs ne soit pas davantage pris en compte. Une absence lourde sportivement, tant Ollivon incarne le leadership et l&rsquo;exp\u00e9rience europ\u00e9enne de ce groupe.<\/p>\n<p>Ben White pr\u00e9f\u00e9r\u00e9 \u00e0 Serin<\/p>\n<p>Sur le terrain, Toulon se pr\u00e9sentera avec une \u00e9quipe r\u00e9solument comp\u00e9titive. Le choix fort concerne la titularisation de Ben White \u00e0 la m\u00eal\u00e9e \u00e0 la place de Baptiste Serin. L&rsquo;international \u00e9cossais affrontera ses compatriotes dans un contexte particulier, lui qui conna\u00eet parfaitement le rugby local. Il sera associ\u00e9 \u00e0 Paolo Garbisi \u00e0 l&rsquo;ouverture, tandis que David Ribbans m\u00e8nera le pack en tant que capitaine. Derri\u00e8re, Jaminet, Dr\u00e9an et Fert\u00e9 devront s\u00e9curiser le jeu a\u00e9rien et alimenter une ligne de trois-quarts \u00e9quilibr\u00e9e, incarn\u00e9e par le duo Sinzelle\u2013Brex au centre.<\/p>\n<p>En face, \u00c9dimbourg avance diminu\u00e9, avec pas moins de onze joueurs forfaits, dont plusieurs cadres du pack. Une v\u00e9ritable h\u00e9catombe qui affaiblit la rotation et l&rsquo;impact physique de la formation \u00e9cossaise. Les Toulonnais, toutefois, se m\u00e9fient d&rsquo;une \u00e9quipe qui s&rsquo;appuiera sur ses armes offensives majeures, \u00e0 l&rsquo;image de Darcy Graham ou Duhan Van der Merwe. Dans un Hive Stadium toujours ardent, le RCT devra faire preuve de ma\u00eetrise et d&rsquo;autorit\u00e9 pour confirmer ses ambitions et lancer id\u00e9alement sa campagne europ\u00e9enne.<\/p>\n<p>A quelle heure aura lieu la rencontre?<\/p>\n<p>La rencontre entre Edimbourg et le RC Toulon qui sera dirig\u00e9e par l&rsquo;Anglais Matthew Carley aura lieu ce dimanche \u00e0 18h30 au Hive Stadium.<\/p>\n<p>Sur quelle cha\u00eene TV est diffus\u00e9 Edimbourg &#8211; RC Toulon\u00a0?<\/p>\n<p>Cette rencontre de la premi\u00e8re journ\u00e9e de la Champions Cup 2025\/2026 sera diffus\u00e9e sur Bein Sports 1.<\/p>\n<p>Quelle diffusion streaming pour ce match?<\/p>\n<p>Pour visionner le match en streaming, les abonn\u00e9s peuvent se connecter sur la plateforme Bein Connect.<\/p>\n<p>Les compositions de d\u00e9part<\/p>\n<p>Le XV de d\u00e9part d&rsquo;Edimbourg :\u00a0Paterson &#8211; Graham, W. Goosen, Thomson, Van der Merwe &#8211; (o) Scott, (m) Vellacott &#8211; Richardson, Bradbury (cap.), McConnell &#8211; Gilchrist, Skyes &#8211; Blyth-Lafferty, Ashman, Schoeman.<\/p>\n<p>Rempla\u00e7ants\u00a0: Morris, Venter, Hill, Young, Douglas, Shiel, Lang, O&rsquo;Conor.<\/p>\n<p>Le XV de d\u00e9part du RC Toulon\u00a0:\u00a0Jaminet &#8211; Dr\u00e9an, Brex, Sinzelle, Fert\u00e9 &#8211; (o) P. Garbisi, (m) White &#8211; E. Abadie, Mercer, Ludlam &#8211; Alainu&rsquo;uese, Ribbans (cap.) &#8211; Sinckler, Baubigny, Gros.<\/p>\n<p>Rempla\u00e7ants\u00a0: Toevalu, Ametlla, Priso, M\u00e9zou, Quere Karaba, Serin, Garcia, Sma\u00efli.<\/p>\n<p>Les diff\u00e9rentes c\u00f4tes<\/p>\n<p>Pour ce premier match de Champions Cup, le RC Toulon part l\u00e9g\u00e8rement favori face au 10\u00e8me de United Rugby.<br \/>Betclic\u00a0: Edimbourg 2,75 \/ Nul 22,00 \/ Toulon 1,44.<br \/>Winamax\u00a0:\u00a0Edimbourg 2,85\u00a0\/ Nul 21,00\u00a0\/ Toulon 1,40.<br \/>Unibet\u00a0:\u00a0Edimbourg 2,85\u00a0\/ Nul 21,00\u00a0\/ Toulon 1,43.<br \/>Parions Sports\u00a0:\u00a0Edimbourg 2,75\u00a0\/ Nul 20,00\u00a0\/ Toulon 1,40.<\/p>\n","protected":false},"excerpt":{"rendered":"Le RC Toulon ouvre sa campagne europ\u00e9enne ce dimanche en Ecosse face \u00e0 Edimbourg. Un d\u00e9placement initial \u00e0&hellip;\n","protected":false},"author":2,"featured_media":584475,"comment_status":"","ping_status":"","sticky":false,"template":"","format":"standard","meta":{"footnotes":""},"categories":[9619],"tags":[1111,11,3460,41986,69774,51761,1777,674,51763,1011,27,12,51767,882,25,479,2310],"class_list":{"0":"post-584474","1":"post","2":"type-post","3":"status-publish","4":"format-standard","5":"has-post-thumbnail","7":"category-toulon","8":"tag-actu","9":"tag-actualites","10":"tag-champions-cup","11":"tag-charles-ollivon","12":"tag-cms-linternaute-9373109","13":"tag-controller-content","14":"tag-eu","15":"tag-europe","16":"tag-format-papier","17":"tag-fr","18":"tag-france","19":"tag-news","20":"tag-parallaxeinfeed","21":"tag-provence-alpes-cote-dazur","22":"tag-republique-francaise","23":"tag-rugby","24":"tag-toulon"},"share_on_mastodon":{"url":"https:\/\/pubeurope.com\/@fr\/115679068066355857","error":""},"_links":{"self":[{"href":"https:\/\/www.europesays.com\/fr\/wp-json\/wp\/v2\/posts\/584474","targetHints":{"allow":["GET"]}}],"collection":[{"href":"https:\/\/www.europesays.com\/fr\/wp-json\/wp\/v2\/posts"}],"about":[{"href":"https:\/\/www.europesays.com\/fr\/wp-json\/wp\/v2\/types\/post"}],"author":[{"embeddable":true,"href":"https:\/\/www.europesays.com\/fr\/wp-json\/wp\/v2\/users\/2"}],"replies":[{"embeddable":true,"href":"https:\/\/www.europesays.com\/fr\/wp-json\/wp\/v2\/comments?post=584474"}],"version-history":[{"count":0,"href":"https:\/\/www.europesays.com\/fr\/wp-json\/wp\/v2\/posts\/584474\/revisions"}],"wp:featuredmedia":[{"embeddable":true,"href":"https:\/\/www.europesays.com\/fr\/wp-json\/wp\/v2\/media\/584475"}],"wp:attachment":[{"href":"https:\/\/www.europesays.com\/fr\/wp-json\/wp\/v2\/media?parent=584474"}],"wp:term":[{"taxonomy":"category","embeddable":true,"href":"https:\/\/www.europesays.com\/fr\/wp-json\/wp\/v2\/categories?post=584474"},{"taxonomy":"post_tag","embeddable":true,"href":"https:\/\/www.europesays.com\/fr\/wp-json\/wp\/v2\/tags?post=584474"}],"curies":[{"name":"wp","href":"https:\/\/api.w.org\/{rel}","templated":true}]}}