{"id":584478,"date":"2025-12-07T15:48:16","date_gmt":"2025-12-07T15:48:16","guid":{"rendered":"https:\/\/www.europesays.com\/fr\/584478\/"},"modified":"2025-12-07T15:48:16","modified_gmt":"2025-12-07T15:48:16","slug":"le-cinema-pathe-odysseum-soffre-un-lifting-xxl-pour-une-experience-cine-vraiment-premium","status":"publish","type":"post","link":"https:\/\/www.europesays.com\/fr\/584478\/","title":{"rendered":"le cin\u00e9ma Path\u00e9 Odysseum s&rsquo;offre un lifting XXL pour une exp\u00e9rience cin\u00e9 (vraiment) premium"},"content":{"rendered":"<p> <strong>Des fauteuils inclinables partout : le confort avant tout<\/strong><\/p>\n<p style=\"text-align: justify;\">\u00a0<\/p>\n<p style=\"text-align: justify;\">La premi\u00e8re vague de travaux s\u2019est concentr\u00e9e sur les salles. Et le mot d\u2019ordre \u00e9tait simple :<strong> changer 100 % des fauteuils pour passer \u00e0 du full recliner.<\/strong><\/p>\n<p style=\"text-align: justify;\">On parle de si\u00e8ges qui s\u2019inclinent \u00e9lectriquement, dossier et repose-jambes compris. Oui, comme dans un avion en first class\u2026 mais en beaucoup plus confortable.<\/p>\n<p style=\"text-align: justify;\">Seule la salle IMAX fait exception : elle est \u00e9quip\u00e9e en semi-recliner pour garder l\u2019ergonomie id\u00e9ale face au gigantesque \u00e9cran.<\/p>\n<p style=\"text-align: justify;\">Cette mise \u00e0 jour a entra\u00een\u00e9 un regradinage complet des salles, une nouvelle moquette, de nouvelles teintes&#8230; bref, un vrai coup de frais. Et surtout, beaucoup plus d\u2019espace entre les rang\u00e9es.<\/p>\n<p style=\"text-align: justify;\">\u00ab Les gens peuvent tendre les jambes sans toucher le si\u00e8ge de devant. On a vraiment gagn\u00e9 en confort \u00bb, explique S\u00e9bastien Rodriguez.<\/p>\n<p style=\"text-align: justify;\">\u00c9videmment, tout \u00e7a a un prix : <strong>le cin\u00e9ma a perdu environ 30 % de capacit\u00e9, passant de 3600 \u00e0 2300 places.<\/strong> Mais c\u2019est assum\u00e9 : <strong>le confort est devenu la priorit\u00e9.<\/strong><\/p>\n<p style=\"text-align: justify;\">\u00a0<\/p>\n<p><strong>17 salles, IMAX, 4DX\u2026 et du laser partout<\/strong><\/p>\n<p style=\"text-align: justify;\">\u00a0<\/p>\n<p style=\"text-align: justify;\">Aujourd\u2019hui, <a href=\"https:\/\/www.pathe.fr\/cinemas\/cinema-pathe-odysseum\" rel=\"noopener\" target=\"_blank\">Path\u00e9 Odysseum<\/a>, c\u2019est :<\/p>\n<ul style=\"text-align: justify;\">\n<li>17 salles<\/li>\n<li>Une IMAX parmi les trois plus belles d\u2019Europe (\u00e9cran de 430 m\u00b2, deux projecteurs laser 4K, un son monstrueux)<\/li>\n<li>Une salle 4DX avec pluie, vent, vibrations, odeurs\u2026 l\u2019exp\u00e9rience totale<\/li>\n<li>14 salles toutes \u00e9quip\u00e9es de projection laser et des nouveaux fauteuils inclinables<\/li>\n<li>1 salle conserv\u00e9e \u00ab\u00a0Grande capacit\u00e9\u00a0\u00bb<\/li>\n<\/ul>\n<p style=\"text-align: justify;\">Le multiplexe monte clairement en gamme et <strong>se positionne parmi les cin\u00e9mas les plus modernes du pays.<\/strong><\/p>\n<p style=\"text-align: justify;\">\u00a0<\/p>\n<p><strong>Prochaine \u00e9tape : un hall tout neuf<\/strong><\/p>\n<p style=\"text-align: justify;\">\u00a0<\/p>\n<p style=\"text-align: justify;\">La r\u00e9novation ne s\u2019arr\u00eate pas l\u00e0. Une deuxi\u00e8me phase est pr\u00e9vue, cette fois pour transformer enti\u00e8rement le hall d\u2019accueil.<\/p>\n<p style=\"text-align: justify;\">La date n\u2019est pas encore fix\u00e9e, mais une certitude : l\u2019espace jeux va doubler de taille. <strong>Et d\u2019autres nouveaut\u00e9s sont dans les cartons.<\/strong><\/p>\n<p style=\"text-align: justify;\">\u00a0<\/p>\n<p><strong>Un programme charg\u00e9 : Avatar, Marsupilami, Mario Bros\u2026<\/strong><\/p>\n<p style=\"text-align: justify;\">\u00a0<\/p>\n<p style=\"text-align: justify;\">C\u00f4t\u00e9 films, la fin d\u2019ann\u00e9e et le d\u00e9but 2025 s\u2019annoncent charg\u00e9s :<\/p>\n<ul style=\"text-align: justify;\">\n<li><strong>Avatar<\/strong>, de retour le 17 d\u00e9cembre, avec d\u00e9j\u00e0 des pr\u00e9ventes qui explosent<\/li>\n<li><strong>Marsupilami<\/strong>, dont l\u2019\u00e9quipe (Philippe Lacheau, Jamel Debbouze\u2026) sera pr\u00e9sente le 11 janvier<\/li>\n<li><strong>Mario Bros 2<\/strong>, attendu en mars<\/li>\n<\/ul>\n<p style=\"text-align: justify;\">Et bonne nouvelle : la plupart de ces films seront visibles en IMAX, en 4DX et en version classique.<\/p>\n<p style=\"text-align: justify;\">\u00a0<\/p>\n<p><strong>Une raison de plus pour sortir de chez soi<\/strong><\/p>\n<p style=\"text-align: justify;\">\u00a0<\/p>\n<p style=\"text-align: justify;\">Pourquoi investir autant ? Parce que le cin\u00e9ma doit offrir quelque chose que le salon ne peut pas reproduire.<\/p>\n<p style=\"text-align: justify;\">\u00ab On veut proposer une exp\u00e9rience qui vaut vraiment le d\u00e9placement, seul, entre amis ou en famille \u00bb, conclut S\u00e9bastien Rodriguez.<\/p>\n","protected":false},"excerpt":{"rendered":"Des fauteuils inclinables partout : le confort avant tout \u00a0 La premi\u00e8re vague de travaux s\u2019est concentr\u00e9e sur&hellip;\n","protected":false},"author":2,"featured_media":584479,"comment_status":"","ping_status":"","sticky":false,"template":"","format":"standard","meta":{"footnotes":""},"categories":[9599],"tags":[69780,1111,11,13618,650,69779,69783,1777,674,13319,69777,69778,69786,1011,27,69782,13734,69776,69785,69784,69787,2208,12,2680,69775,69781,716,25,1786],"class_list":{"0":"post-584478","1":"post","2":"type-post","3":"status-publish","4":"format-standard","5":"has-post-thumbnail","7":"category-montpellier","8":"tag-4dx","9":"tag-actu","10":"tag-actualites","11":"tag-avatar","12":"tag-cinema","13":"tag-confort","14":"tag-espace-jeux","15":"tag-eu","16":"tag-europe","17":"tag-experience-immersive","18":"tag-experience-premium","19":"tag-fauteuils-inclinables","20":"tag-films-en-imax","21":"tag-fr","22":"tag-france","23":"tag-hall-daccueil","24":"tag-imax","25":"tag-lifting-xxl","26":"tag-mario-bros-2","27":"tag-marsupilami","28":"tag-modernite-cinema","29":"tag-montpellier","30":"tag-news","31":"tag-occitanie","32":"tag-pathe-odysseum","33":"tag-projection-laser","34":"tag-renovation","35":"tag-republique-francaise","36":"tag-seances"},"share_on_mastodon":{"url":"https:\/\/pubeurope.com\/@fr\/115679075194678920","error":""},"_links":{"self":[{"href":"https:\/\/www.europesays.com\/fr\/wp-json\/wp\/v2\/posts\/584478","targetHints":{"allow":["GET"]}}],"collection":[{"href":"https:\/\/www.europesays.com\/fr\/wp-json\/wp\/v2\/posts"}],"about":[{"href":"https:\/\/www.europesays.com\/fr\/wp-json\/wp\/v2\/types\/post"}],"author":[{"embeddable":true,"href":"https:\/\/www.europesays.com\/fr\/wp-json\/wp\/v2\/users\/2"}],"replies":[{"embeddable":true,"href":"https:\/\/www.europesays.com\/fr\/wp-json\/wp\/v2\/comments?post=584478"}],"version-history":[{"count":0,"href":"https:\/\/www.europesays.com\/fr\/wp-json\/wp\/v2\/posts\/584478\/revisions"}],"wp:featuredmedia":[{"embeddable":true,"href":"https:\/\/www.europesays.com\/fr\/wp-json\/wp\/v2\/media\/584479"}],"wp:attachment":[{"href":"https:\/\/www.europesays.com\/fr\/wp-json\/wp\/v2\/media?parent=584478"}],"wp:term":[{"taxonomy":"category","embeddable":true,"href":"https:\/\/www.europesays.com\/fr\/wp-json\/wp\/v2\/categories?post=584478"},{"taxonomy":"post_tag","embeddable":true,"href":"https:\/\/www.europesays.com\/fr\/wp-json\/wp\/v2\/tags?post=584478"}],"curies":[{"name":"wp","href":"https:\/\/api.w.org\/{rel}","templated":true}]}}