{"id":584480,"date":"2025-12-07T15:49:10","date_gmt":"2025-12-07T15:49:10","guid":{"rendered":"https:\/\/www.europesays.com\/fr\/584480\/"},"modified":"2025-12-07T15:49:10","modified_gmt":"2025-12-07T15:49:10","slug":"video-choc-dans-un-bus-ia-moulin-rose-les-infos-de-la-semaine-a-rouen","status":"publish","type":"post","link":"https:\/\/www.europesays.com\/fr\/584480\/","title":{"rendered":"Vid\u00e9o choc dans un bus, IA, Moulin Rose&#8230; Les infos de la semaine \u00e0 Rouen"},"content":{"rendered":"<p>                    Par<br \/>\n        <strong><br \/>\n            <a href=\"https:\/\/actu.fr\/auteur\/julien-bouteiller\" title=\"Consulter tous les articles de Julien Bouteiller\" target=\"_blank\" rel=\"noopener\">Julien Bouteiller<\/a><br \/>\n                    <\/strong><\/p>\n<p>        Publi\u00e9 le<\/p>\n<p>            7 d\u00e9c. 2025 \u00e0 15h38        <\/p>\n<p>Pas de tr\u00eave des confiseurs pour l\u2019actu ! Les infos n\u2019ont pas manqu\u00e9 en cette premi\u00e8re semaine de d\u00e9cembre 2025. Et si vous avez besoin d\u2019une session de rattrapage, voici <strong>ce qu\u2019il faut retenir cette semaine \u00e0 Rouen<\/strong>.<\/p>\n<p>Les infos de la semaine \u00e0 Rouen<\/p>\n<p class=\"expresso-item wall-content\"><a title=\"Lire l&#039;article\" href=\"https:\/\/actu.fr\/normandie\/rouen_76540\/miss-normandie-au-dessus-du-lot-la-rouennaise-victoire-dupuis-elue-2e-dauphine-de-miss-france-2026_63541887.html\" target=\"_blank\" rel=\"noopener\"><strong>\u00ab Miss Normandie au-dessus du lot \u00bb ? La Rouennaise Victoire Dupuis \u00e9lue 2e dauphine de Miss France 2026<\/strong><\/a><br \/>Miss Normandie, la Rouennaise Victoire Dupuis, a \u00e9t\u00e9 \u00e9lue, samedi 6 d\u00e9cembre 2025, 2e dauphine de Miss France 2026. R\u00e9actions sur les r\u00e9seaux sociaux.<\/p>\n<p class=\"expresso-item wall-content\"><a title=\"Lire l&#039;article\" href=\"https:\/\/actu.fr\/normandie\/rouen_76540\/video-poussee-une-femme-tombe-d-un-teor-en-marche-a-rouen-un-accident-rarissime_63512415.html\" target=\"_blank\" rel=\"noopener\"><strong>VID\u00c9O. Pouss\u00e9e, une femme tombe d\u2019un Teor en marche \u00e0 Rouen : un \u00ab\u00a0accident rarissime \u00bb<\/strong><\/a><br \/>Une vid\u00e9o diffus\u00e9e sur les r\u00e9seaux sociaux montre une femme pouss\u00e9e dans un Teor \u00e0 Rouen et chuter sur la route, alors que le bus roule. Que s\u2019est-il pass\u00e9 ?<\/p>\n<p class=\"expresso-item wall-content\"><a title=\"Lire l&#039;article\" href=\"https:\/\/actu.fr\/normandie\/belbeuf_76069\/lexploitant-du-moulin-rose-mehmet-erden-sort-du-silence_63517846.html\" target=\"_blank\" rel=\"noopener\"><strong>EXCLUSIF. Apr\u00e8s l\u2019incendie de sa discoth\u00e8que, le patron du Moulin Rose prend enfin la parole<\/strong><\/a><br \/>En septembre, la mythique discoth\u00e8que Le Moulin Rose \u00e9tait d\u00e9truite par un incendie \u00e0 Belbeuf. L\u2019exploitant Mehmet Erden fait un point et r\u00e9tablit quelques v\u00e9rit\u00e9s.<\/p>\n<p class=\"expresso-item wall-content\"><a title=\"Lire l&#039;article\" href=\"https:\/\/actu.fr\/normandie\/rouen_76540\/la-figure-de-mes-cauchemars-entre-chantage-au-suicide-et-rapports-sexuels-avec-des-eleves-un-prof-condamne_63531934.html\" target=\"_blank\" rel=\"noopener\"><strong>\u00ab\u00a0La figure de mes cauchemars \u00bb : chantage au suicide et rapports sexuels avec des \u00e9l\u00e8ves, un prof condamn\u00e9<\/strong><\/a><br \/>Un professeur de 54 ans a \u00e9t\u00e9 condamn\u00e9 par le tribunal de Rouen le 4 d\u00e9cembre 2025 pour des faits d\u2019atteintes sexuelles commis sur trois victimes, trois anciennes \u00e9l\u00e8ves.<\/p>\n<p class=\"expresso-item wall-content\"><a title=\"Lire l&#039;article\" href=\"https:\/\/actu.fr\/normandie\/rouen_76540\/ils-ne-pensent-qu-aux-economies-les-retraites-font-de-la-resistance-pour-garder-leur-animatrice_63433595.html\" target=\"_blank\" rel=\"noopener\"><strong>\u00ab Ils ne pensent qu\u2019aux \u00e9conomies \u00bb : les retrait\u00e9s font de la r\u00e9sistance pour garder leur animatrice<\/strong><\/a><br \/>M\u00e9contents de la suppression de poste d\u2019une animatrice, des retrait\u00e9s de la r\u00e9sidence autonomie Bonvoisin \u00e0 Rouen signent une p\u00e9tition. Ils craignent d\u2019\u00eatre davantage isol\u00e9s.<\/p>\n<p class=\"expresso-item wall-content\"><a title=\"Lire l&#039;article\" href=\"https:\/\/actu.fr\/normandie\/rouen_76540\/la-ville-de-rouen-fait-un-bad-buzz-avec-une-video-generee-par-ia-qui-s-est-dit-c-est-une-bonne-idee_63513522.html\" target=\"_blank\" rel=\"noopener\"><strong>Une com\u2019 de la Ville de Rouen g\u00e9n\u00e9r\u00e9e par IA, \u00e7a ne passe pas : \u00ab Qui s\u2019est dit que c\u2019est une bonne id\u00e9e ? \u00bb<\/strong><\/a><br \/>Fin novembre 2025, une vid\u00e9o g\u00e9n\u00e9r\u00e9e par intelligence artificielle a \u00e9t\u00e9 post\u00e9e sur le compte Instagram de la Ville de Rouen. De nombreux internautes ont \u00e9pingl\u00e9 la municipalit\u00e9.<\/p>\n<p>Bon \u00e0 savoir \u00e0 Rouen<\/p>\n<p class=\"expresso-item wall-content\"><a title=\"Lire l&#039;article\" href=\"https:\/\/actu.fr\/normandie\/rouen_76540\/apres-les-moules-les-tartiflettes-a-volonte-le-restaurant-tartifoule-ouvre-sur-les-quais-de-rouen_63536415.html\" target=\"_blank\" rel=\"noopener\"><strong>Apr\u00e8s les moules, les tartiflettes \u00e0 volont\u00e9 : le restaurant Tartifoule ouvre sur les quais de Rouen<\/strong><\/a><br \/>Le restaurant Tartifoule remplace Foule Moule et propose des tartiflettes \u00e0 volont\u00e9. L\u2019\u00e9tablissement ouvre ses portes le 6 d\u00e9cembre 2025 sur les quais de Rouen.<\/p>\n<p class=\"expresso-item wall-content\"><a title=\"Lire l&#039;article\" href=\"https:\/\/actu.fr\/normandie\/rouen_76540\/au-marche-de-noel-de-rouen-peut-on-se-remplir-le-ventre-avec-15-euros-en-poche_63518169.html\" target=\"_blank\" rel=\"noopener\"><strong>Au march\u00e9 de No\u00ebl de Rouen, peut-on se remplir le ventre avec 15 euros en poche ?<\/strong><\/a><br \/>Depuis le 21 novembre 2025, le march\u00e9 de No\u00ebl de Rouen est ouvert au public, toujours sur la place de la Cath\u00e9drale. Avec 15 euros en poche, que peut-on y manger ?<\/p>\n<p class=\"expresso-item wall-content\"><a title=\"Lire l&#039;article\" href=\"https:\/\/actu.fr\/normandie\/grand-couronne_76319\/une-nouvelle-maison-medicale-ouvre-pres-de-rouen-on-prend-de-nouveaux-patients_63525514.html\" target=\"_blank\" rel=\"noopener\"><strong>Une nouvelle maison m\u00e9dicale ouvre pr\u00e8s de Rouen : \u00ab On prend de nouveaux patients \u00bb<\/strong><\/a><br \/>Depuis d\u00e9but novembre 2025, une nouvelle maison m\u00e9dicale est ouverte aux Essarts, \u00e0 Grand-Couronne, pr\u00e8s de Rouen. Plusieurs m\u00e9decins et professionnels de sant\u00e9 y sont install\u00e9s.<\/p>\n<p class=\"expresso-item wall-content\"><a title=\"Lire l&#039;article\" href=\"https:\/\/actu.fr\/normandie\/rouen_76540\/ambiance-japonaise-a-rouen-une-boutique-de-createurs-s-installe-rue-beauvoisine_63510441.html\" target=\"_blank\" rel=\"noopener\"><strong>Ambiance japonaise \u00e0 Rouen : une boutique de cr\u00e9ateurs s\u2019installe rue Beauvoisine<\/strong><\/a><br \/>Le 12 novembre 2025, Ana\u00efs Blondeel a inaugur\u00e9 Les Ateliers Shifumi, sa boutique de cr\u00e9ateurs m\u00ealant produits artisanaux et ateliers cr\u00e9atifs dans une ambiance 100 % Japon.<\/p>\n<p>Suivez l\u2019actualit\u00e9 de Rouen <a href=\"https:\/\/www.whatsapp.com\/channel\/0029VaKfnf99hXF2ddApFB1D\" target=\"_blank\" rel=\"noopener\">sur notre cha\u00eene WhatsApp<\/a> et <a href=\"https:\/\/www.tiktok.com\/@76actu.fr?lang=fr\" target=\"_blank\" rel=\"noopener\">sur notre compte TikTok<\/a><\/p>\n<p class=\" wall-content\">Personnalisez votre actualit\u00e9 en ajoutant vos villes et m\u00e9dias en favori avec <a href=\"https:\/\/moncompte.actu.fr\" title=\"D\u00e9couvez Mon Actu\" rel=\"nofollow noopener\" data-trk=\"{&quot;cta&quot;:{&quot;action&quot;:&quot;https:\\\/\\\/moncompte.actu.fr&quot;,&quot;category&quot;:&quot;mon compte&quot;,&quot;from&quot;:&quot;article footer&quot;,&quot;name&quot;:&quot;Mon actu&quot;,&quot;type&quot;:&quot;cta&quot;}}\" target=\"_blank\">Mon Actu<\/a>.<\/p>\n<p>                    <script async src=\"\/\/www.tiktok.com\/embed.js\"><\/script><\/p>\n","protected":false},"excerpt":{"rendered":"Par Julien Bouteiller Publi\u00e9 le 7 d\u00e9c. 2025 \u00e0 15h38 Pas de tr\u00eave des confiseurs pour l\u2019actu !&hellip;\n","protected":false},"author":2,"featured_media":584481,"comment_status":"","ping_status":"","sticky":false,"template":"","format":"standard","meta":{"footnotes":""},"categories":[9587],"tags":[1111,11,1777,674,1011,27,223,12,5161,25,9590,104,31790],"class_list":{"0":"post-584480","1":"post","2":"type-post","3":"status-publish","4":"format-standard","5":"has-post-thumbnail","7":"category-rouen","8":"tag-actu","9":"tag-actualites","10":"tag-eu","11":"tag-europe","12":"tag-fr","13":"tag-france","14":"tag-intelligence-artificielle","15":"tag-news","16":"tag-normandie","17":"tag-republique-francaise","18":"tag-rouen","19":"tag-societe","20":"tag-teor"},"share_on_mastodon":{"url":"https:\/\/pubeurope.com\/@fr\/115679079033333104","error":""},"_links":{"self":[{"href":"https:\/\/www.europesays.com\/fr\/wp-json\/wp\/v2\/posts\/584480","targetHints":{"allow":["GET"]}}],"collection":[{"href":"https:\/\/www.europesays.com\/fr\/wp-json\/wp\/v2\/posts"}],"about":[{"href":"https:\/\/www.europesays.com\/fr\/wp-json\/wp\/v2\/types\/post"}],"author":[{"embeddable":true,"href":"https:\/\/www.europesays.com\/fr\/wp-json\/wp\/v2\/users\/2"}],"replies":[{"embeddable":true,"href":"https:\/\/www.europesays.com\/fr\/wp-json\/wp\/v2\/comments?post=584480"}],"version-history":[{"count":0,"href":"https:\/\/www.europesays.com\/fr\/wp-json\/wp\/v2\/posts\/584480\/revisions"}],"wp:featuredmedia":[{"embeddable":true,"href":"https:\/\/www.europesays.com\/fr\/wp-json\/wp\/v2\/media\/584481"}],"wp:attachment":[{"href":"https:\/\/www.europesays.com\/fr\/wp-json\/wp\/v2\/media?parent=584480"}],"wp:term":[{"taxonomy":"category","embeddable":true,"href":"https:\/\/www.europesays.com\/fr\/wp-json\/wp\/v2\/categories?post=584480"},{"taxonomy":"post_tag","embeddable":true,"href":"https:\/\/www.europesays.com\/fr\/wp-json\/wp\/v2\/tags?post=584480"}],"curies":[{"name":"wp","href":"https:\/\/api.w.org\/{rel}","templated":true}]}}