{"id":584488,"date":"2025-12-07T15:54:14","date_gmt":"2025-12-07T15:54:14","guid":{"rendered":"https:\/\/www.europesays.com\/fr\/584488\/"},"modified":"2025-12-07T15:54:14","modified_gmt":"2025-12-07T15:54:14","slug":"ce-jeune-rennais-a-traverse-leurope-et-lasie-a-velo","status":"publish","type":"post","link":"https:\/\/www.europesays.com\/fr\/584488\/","title":{"rendered":"ce jeune Rennais a travers\u00e9 l&rsquo;Europe et l&rsquo;Asie \u00e0 v\u00e9lo"},"content":{"rendered":"<p>                    Par<br \/>\n        <strong><br \/>\n            <a href=\"https:\/\/actu.fr\/auteur\/brian-legoff\" title=\"Consulter tous les articles de Brian Le Goff\" target=\"_blank\" rel=\"noopener\">Brian Le Goff<\/a><br \/>\n                    <\/strong><\/p>\n<p>        Publi\u00e9 le<\/p>\n<p>            7 d\u00e9c. 2025 \u00e0 16h02        <\/p>\n<p>Il voulait <strong>d\u00e9couvrir la Route de la soie<\/strong> pour ses paysages magistraux, en \u00e9vitant au maximum de prendre l\u2019avion, par conscience \u00e9cologique. <strong>Killian Le Guyader \u2013 ou \u00ab\u2009Vagabond Breton\u2009\u00bb<\/strong> sur les r\u00e9seaux sociaux \u2013 <strong>25\u00a0ans et habitant de Rennes,<\/strong> a donc choisi le v\u00e9lo pour atteindre son objectif. Alors qu\u2019il vient tout juste de rentrer \u00e0 Paris, pour <a href=\"https:\/\/actu.fr\/rennes\/\" target=\"_blank\" rel=\"noopener\">actu Rennes<\/a>, le jeune homme, <strong>atteint de la maladie de Lyme lorsqu\u2019il \u00e9tait adolescent<\/strong>, revient sur ce p\u00e9riple qu\u2019il a men\u00e9 en deux gigantesques \u00e9tapes, ces deux derni\u00e8res ann\u00e9es. Il sera <strong>mardi 9\u00a0d\u00e9cembre \u00e0 18h place de la Mairie et \u00e0 19h chez Sobhi Sport<\/strong> pour f\u00eater son retour.<\/p>\n<p>\u00ab\u2009Le seul d\u00e9fi \u00e9tait par rapport \u00e0 la maladie\u2009\u00bb<\/p>\n<p class=\" wall-content\">Quand on lui parle de d\u00e9fi, il pr\u00e9f\u00e8re parler \u00ab\u2009d\u2019exp\u00e9dition\u2009\u00bb. Killian est revenu \u00e0 Paris mercredi 3\u00a0d\u00e9cembre et rejoindra la capitale bretonne, sa ville de naissance o\u00f9 il vit encore, d\u2019ici \u00e0 mardi prochain. <strong>\u00ab\u2009J\u2019ignore encore si j\u2019effectuerai ces derni\u00e8res centaines de kilom\u00e8tres \u00e0 v\u00e9lo<\/strong> comme c\u2019\u00e9tait pr\u00e9vu, car je suis vraiment malade actuellement\u2009\u00bb, pr\u00e9cise-t-il.<\/p>\n<p class=\" wall-content\">La <strong>diff\u00e9rence sur son compteur de kilom\u00e8tres se verra peu<\/strong>. Le jeune homme, qui a fait une <strong>licence Staps<\/strong> (Sciences et techniques des activit\u00e9s physiques et sportives), revient de 18\u2009023\u00a0km \u00e0 v\u00e9lo. \u00ab\u2009J\u2019avais cette<strong> id\u00e9e en t\u00eate depuis 4-5\u00a0ans<\/strong>. J\u2019ai <strong>attendu d\u2019avoir fini mes \u00e9tudes<\/strong> pour me lancer.\u2009\u00bb<\/p>\n<blockquote class=\"ac-article-quote wall-content\">\n<p>Le seul d\u00e9fi \u00e9tait par rapport \u00e0 la maladie de Lyme dont j&rsquo;ai \u00e9t\u00e9 atteint de mes 13 \u00e0 16 ans. Il y a d&rsquo;abord eu un an d&rsquo;errance m\u00e9dicale avant de trouver ce que j&rsquo;avais, puis un an de traitement et un an pour que je m&rsquo;en remette vraiment.<\/p>\n<p>    <strong>Killian Le Guyader<\/strong><br \/>\n        Rennais de 25 ans qui a travers\u00e9 l&rsquo;Europe et l&rsquo;Asie \u00e0 v\u00e9lo    <\/p><\/blockquote>\n<p class=\" wall-content\"><strong>Avant la maladie, il \u00e9tait d\u00e9j\u00e0 tr\u00e8s sportif<\/strong> et a m\u00eame particip\u00e9 au championnat de France d\u2019athl\u00e9tisme.<\/p>\n<p class=\" wall-content\">Pendant la maladie, il souffrait d\u2019essoufflement et \u00e9tait \u00ab\u2009touch\u00e9 au niveau neurologique\u2009\u00bb\u2009: \u00ab\u2009Je dormais partout, je faisais des crises de spasmophilie et d\u2019agoraphobie. Je suis devenu claustrophobe, je peinais \u00e0 supporter une trop forte luminosit\u00e9.\u2009\u00bb Il a par ailleurs \u00e9crit un <strong>livre sur sa maladie, <\/strong><strong>Lyme, un combat,<\/strong> sorti aux \u00e9ditions Baudelaire, en 2018.<\/p>\n<p>Votre r\u00e9gion, votre actu !<\/p>\n<p>Recevez chaque jour les infos qui comptent pour vous.<\/p>\n<p>\t<a href=\"https:\/\/actu.fr\/newsletter\" class=\"ac-btn ac-btn--corner ac-btn--medium ac-btn--blue800\" target=\"_blank\" rel=\"noopener\">S&rsquo;incrire<\/a><br \/>\nUn voyage entam\u00e9 en mai\u00a02024<\/p>\n<p class=\" wall-content\">Des <strong>sympt\u00f4mes sont rest\u00e9s<\/strong> comme une sensibilit\u00e9 de la peau, \u00ab\u2009ce qui a \u00e9t\u00e9 \u00e0 certains moments tr\u00e8s emb\u00eatant durant l\u2019exp\u00e9dition\u2009\u00bb. C\u2019est d\u2019ailleurs pour quelques probl\u00e8mes de sant\u00e9, entre autres, qu\u2019il a coup\u00e9 en deux son voyage d\u2019environ un an, au cumul\u00e9, entre\u00a02024 et\u00a02025.<\/p>\n<p class=\" wall-content\">En effet, Killian, qui a pris <strong>huit mois apr\u00e8s ses \u00e9tudes <\/strong><strong>pour pr\u00e9parer son premier d\u00e9part<\/strong> \u2013 pour r\u00e9fl\u00e9chir aux itin\u00e9raires, v\u00e9rifier les obligations de visas et de vaccins, trouver des sponsors \u2013, a<strong> entam\u00e9 son p\u00e9riple en mai\u00a02024.<\/strong><\/p>\n<p class=\" wall-content\">Il souhaitait se rendre dans les pays nordiques, alors il a commenc\u00e9 par l\u00e0\u2009: \u00ab\u2009J\u2019ai long\u00e9 \u00e0 v\u00e9lo toute la c\u00f4te nord de la France, puis j\u2019ai travers\u00e9 la <strong>Belgique, les Pays-Bas, l\u2019Allemagne, le Danemark, la Su\u00e8de<\/strong> pour atteindre Oslo en <strong>Norv\u00e8ge<\/strong>, avant de prendre un ferry en Su\u00e8de pour aller en <strong>Finlande<\/strong> et j\u2019ai redescendu ensuite tous les <strong>pays baltes.<\/strong>\u2009\u00bb<\/p>\n<p>    <img   decoding=\"async\" loading=\"lazy\" src=\"https:\/\/www.europesays.com\/fr\/wp-content\/uploads\/2025\/12\/velo-rennes-chine-killian-le-guyader-3-960x640.jpg\" alt=\"v\" width=\"960\" height=\"640\"\/><br \/>\n    Killian a pass\u00e9 plus de 365\u00a0jours sur son v\u00e9lo. (\u00a9 Transmis \u00e0 actu Rennes)\u00ab\u2009Je me suis rendu compte des rencontres incroyables que je faisais\u2009\u00bb<\/p>\n<p class=\" wall-content\">Il met <strong>170\u00a0jours pour rejoindre Istanbul<\/strong> au total. \u00ab\u2009C\u2019\u00e9tait incroyable, mais tr\u00e8s dur en \u00e9tant solitaire. Sur les trois premiers mois, j\u2019ai eu deux mois et demi de pluie. C\u2019est qu\u2019apr\u00e8s que j\u2019ai vraiment commenc\u00e9 \u00e0 prendre du plaisir.\u00a0\u00bb<\/p>\n<blockquote class=\"ac-article-quote wall-content\">\n<p>De base, quand je suis parti, c&rsquo;\u00e9tait pour les paysages. Mais, au fur et \u00e0 mesure, je me suis rendu compte des rencontres incroyables que je faisais. Je dormais chez l&rsquo;habitant que je trouvais sur des applis sp\u00e9cialis\u00e9es et, sur cette premi\u00e8re partie de p\u00e9riple, j&rsquo;ai d\u00fb dormir au maximum cinq fois \u00e0 l&rsquo;h\u00f4tel. \u00c0 Istanbul, je suis rest\u00e9 une semaine chez une personne et j&rsquo;\u00e9tais quasiment devenu un membre de la famille. En v\u00e9rit\u00e9, \u00e0 chaque fois, un lien se cr\u00e9e.<\/p>\n<p>    <strong>Killian Le Guyader<\/strong><br \/>\n        Rennais de 25 ans qui a travers\u00e9 l&rsquo;Europe et l&rsquo;Asie \u00e0 v\u00e9lo    <\/p><\/blockquote>\n<p class=\" wall-content\">En novembre\u00a02024, Killian devait faire sa <strong>pause hivernale en Gr\u00e8ce.<\/strong> \u00ab\u2009Traverser l\u2019Asie en hiver \u00e9tait mission impossible avec la possibilit\u00e9 d\u2019atteindre -30\u00a0\u00b0C et d\u2019avoir de la neige.\u2009\u00bb<\/p>\n<p class=\" wall-content\">Finalement, il est rentr\u00e9 en France. \u00ab\u2009Il y a eu un d\u00e9c\u00e8s dans mes proches et j\u2019avais des probl\u00e8mes de fr\u00e9quence cardiaque, je souhaitais faire des examens, mais le temps d\u2019obtenir les rendez-vous, cela allait d\u00e9j\u00e0 mieux.\u2009\u00bb Il <strong>savait d\u00e9j\u00e0 qu\u2019il repartirait<\/strong>.<\/p>\n<p>G\u00e9orgie, Russie, Kazakhstan, Kirghizistan\u2026<\/p>\n<p class=\" wall-content\">Ce jour est arriv\u00e9 le <strong>5\u00a0avril 2025.<\/strong> Apr\u00e8s avoir \u00e9galement recherch\u00e9 de nouveaux sponsors, le jeune Rennais est remont\u00e9 sur les p\u00e9dales pour aller au bout de son challenge cette fois. Il a<strong> regagn\u00e9 la Turquie en 57\u00a0jours<\/strong> pour se lancer sur la Route de la soie. En <strong>G\u00e9orgie<\/strong>, il attendra quelques jours le temps que sa demande de visa de transit pour la <strong>Russie<\/strong> soit accord\u00e9e par les autorit\u00e9s. Il y passera trois jours. \u00ab\u2009Contrairement \u00e0 ce que l\u2019on pourrait penser au premier abord, les Russes sont trop gentils.\u2009\u00bb<\/p>\n<p>    <img   decoding=\"async\" loading=\"lazy\" src=\"https:\/\/www.europesays.com\/fr\/wp-content\/uploads\/2025\/12\/velo-rennes-chine-killian-le-guyader-1-960x640.jpg\" alt=\"vvv\" width=\"960\" height=\"640\"\/><br \/>\n    \u00c0 travers son exp\u00e9dition, Killian a d\u00e9couvert des paysages magistraux. (\u00a9Transmis \u00e0 actu Rennes)<\/p>\n<p class=\" wall-content\">Il encha\u00eene avec le Kazakhstan avant de se rendre au Kirghizistan. \u00ab\u2009J\u2019ai pris le train, car il est impossible de passer la fronti\u00e8re \u00e0 v\u00e9lo. Dans ces pays, il y a d\u00e9j\u00e0 une grande diff\u00e9rence avec l\u2019Europe\u2009:<strong> il y a \u00e9norm\u00e9ment moins de touristes et, pourtant, les personnes sont beaucoup plus accueillantes et ont une hospitalit\u00e9 tr\u00e8s bienveillante.<\/strong> Quand je roulais sur de grandes routes d\u00e9sertes, les automobilistes s\u2019arr\u00eataient pour me proposer \u00e0 boire et \u00e0 manger. Je ne m\u2019y attendais vraiment pas.\u2009\u00bb<\/p>\n<p class=\" wall-content\">Il a aussi particip\u00e9 au Kirghizistan \u00e0 la <strong>150\u1d49 \u00e9dition d\u2019un festival nomade,<\/strong> \u00ab\u2009le dernier de la saison\u2009\u00bb, et fait face \u00e0 des pratiques \u00e9loign\u00e9es des dogmes occidentaux, notamment sur le bien-\u00eatre animal\u2009: \u00ab\u2009Ils utilisaient des fauconniers pour attraper des pigeons vivants. Il y avait des courses de chevaux et des combats de cavaliers.\u2009\u00bb<\/p>\n<p>Pr\u00e9parer la Chine<\/p>\n<p class=\" wall-content\">Avant de prendre le chemin de la Chine pour le dernier pays \u00e0 d\u00e9couvrir, Killian est retourn\u00e9 au Kazakhstan pour pr\u00e9parer cette derni\u00e8re \u00e9tape\u2009: \u00ab\u2009Il y avait pas mal de choses \u00e0 pr\u00e9voir. Par exemple, on ne peut pas payer avec sa carte bancaire. <strong>Les Chinois payent avec des QR codes, il faut un VPN pour acc\u00e9der \u00e0 WhatsApp et aux r\u00e9seaux sociaux. Il n\u2019y a pas droit aux balises GPS, les couteaux et r\u00e9chauds sont interdits dans les trains.<\/strong> J\u2019ai donc d\u00fb abandonner ces affaires avant de rentrer en Chine.\u00a0\u00bb<\/p>\n<p class=\" wall-content\">Le Rennais de 25\u00a0ans a pass\u00e9 <strong>5 \u00e0 6 semaines en Chine et effectu\u00e9 \u00ab\u2009comme un tour d\u2019Europe\u2009\u00bb sur place avant de finir \u00e0 Xi\u2019an,<\/strong> en ce tout d\u00e9but d\u00e9cembre\u00a02025.<\/p>\n<p>    <img   decoding=\"async\" loading=\"lazy\" src=\"https:\/\/www.europesays.com\/fr\/wp-content\/uploads\/2025\/12\/velo-rennes-chine-killian-le-guyader-4-960x640.jpg\" alt=\"Si le jeune Rennais a en majorit\u00e9 pu dormir chez l'habitant, il a parfois bivouaqu\u00e9 dans des endroits uniques.\" width=\"960\" height=\"640\"\/><br \/>\n    Si le jeune Rennais a en majorit\u00e9 pu dormir chez l\u2019habitant, il a parfois bivouaqu\u00e9 dans des endroits uniques. (\u00a9Transmis \u00e0 actu Rennes)<\/p>\n<p class=\" wall-content\">Au total, Killian Le Guyader a aval\u00e9 18\u2009023\u00a0km \u00e0 v\u00e9lo, en pr\u00e8s d\u2019un an cumul\u00e9 sur la route. \u00ab\u2009\u00c0 l\u2019arriv\u00e9e, c\u2019\u00e9tait tout simplement indescriptible d\u2019avoir fait tout ce parcours.<strong> J\u2019ai rencontr\u00e9 des centaines de personnes et scell\u00e9 plusieurs amiti\u00e9s tr\u00e8s fortes<\/strong>. J\u2019ai d\u00e9couvert les paysages que j\u2019avais pu voir des ann\u00e9es en arri\u00e8re en photos.\u2009\u00bb<\/p>\n<p class=\" wall-content\"><a href=\"https:\/\/www.instagram.com\/p\/DRrFIN-k4cR\/embed\" title=\"Ouvrir le lien sur Instagram\" target=\"_blank\" rel=\"noopener\">Visualiser le contenu sur Instagram<\/a><\/p>\n<blockquote class=\"ac-article-quote wall-content\">\n<p>Pour l&rsquo;instant, j&rsquo;ai du mal \u00e0 r\u00e9aliser. Je suis rentr\u00e9 en avion car je n&rsquo;avais personne pour effectuer le trajet en Transsib\u00e9rien avec moi et je n&rsquo;avais plus le budget non plus. J&rsquo;ai mis un an pour aller en Chine \u00e0 v\u00e9lo et je n&rsquo;ai mis que 13 heures pour rentrer en avion. C&rsquo;est hallucinant. Aujourd&rsquo;hui, je n&rsquo;ai aucun regret, si ce n&rsquo;est de prendre plus le temps encore.<\/p>\n<p>    <strong>Killian Le Guyader<\/strong><br \/>\n        Rennais de 25 ans qui a travers\u00e9 l&rsquo;Europe et l&rsquo;Asie \u00e0 v\u00e9lo    <\/p><\/blockquote>\n<p class=\" wall-content\">\u00c0 pr\u00e9sent, le jeune homme pense d\u00e9j\u00e0 aux futurs projets qu\u2019il souhaite mener\u2009: \u00ab\u2009Ce sera sportif.\u2009\u00bb<\/p>\n<p class=\" wall-content\">Personnalisez votre actualit\u00e9 en ajoutant vos villes et m\u00e9dias en favori avec <a href=\"https:\/\/moncompte.actu.fr\" title=\"D\u00e9couvez Mon Actu\" rel=\"nofollow noopener\" data-trk=\"{&quot;cta&quot;:{&quot;action&quot;:&quot;https:\\\/\\\/moncompte.actu.fr&quot;,&quot;category&quot;:&quot;mon compte&quot;,&quot;from&quot;:&quot;article footer&quot;,&quot;name&quot;:&quot;Mon actu&quot;,&quot;type&quot;:&quot;cta&quot;}}\" target=\"_blank\">Mon Actu<\/a>.<\/p>\n<p>                    <script async src=\"\/\/www.instagram.com\/embed.js\"><\/script><\/p>\n","protected":false},"excerpt":{"rendered":"Par Brian Le Goff Publi\u00e9 le 7 d\u00e9c. 2025 \u00e0 16h02 Il voulait d\u00e9couvrir la Route de la&hellip;\n","protected":false},"author":2,"featured_media":584489,"comment_status":"","ping_status":"","sticky":false,"template":"","format":"standard","meta":{"footnotes":""},"categories":[2821],"tags":[1111,11,829,309,1777,674,1011,27,1757,12,9026,584,25],"class_list":{"0":"post-584488","1":"post","2":"type-post","3":"status-publish","4":"format-standard","5":"has-post-thumbnail","7":"category-rennes","8":"tag-actu","9":"tag-actualites","10":"tag-bretagne","11":"tag-chine","12":"tag-eu","13":"tag-europe","14":"tag-fr","15":"tag-france","16":"tag-insolite","17":"tag-news","18":"tag-portrait","19":"tag-rennes","20":"tag-republique-francaise"},"share_on_mastodon":{"url":"https:\/\/pubeurope.com\/@fr\/115679099488284102","error":""},"_links":{"self":[{"href":"https:\/\/www.europesays.com\/fr\/wp-json\/wp\/v2\/posts\/584488","targetHints":{"allow":["GET"]}}],"collection":[{"href":"https:\/\/www.europesays.com\/fr\/wp-json\/wp\/v2\/posts"}],"about":[{"href":"https:\/\/www.europesays.com\/fr\/wp-json\/wp\/v2\/types\/post"}],"author":[{"embeddable":true,"href":"https:\/\/www.europesays.com\/fr\/wp-json\/wp\/v2\/users\/2"}],"replies":[{"embeddable":true,"href":"https:\/\/www.europesays.com\/fr\/wp-json\/wp\/v2\/comments?post=584488"}],"version-history":[{"count":0,"href":"https:\/\/www.europesays.com\/fr\/wp-json\/wp\/v2\/posts\/584488\/revisions"}],"wp:featuredmedia":[{"embeddable":true,"href":"https:\/\/www.europesays.com\/fr\/wp-json\/wp\/v2\/media\/584489"}],"wp:attachment":[{"href":"https:\/\/www.europesays.com\/fr\/wp-json\/wp\/v2\/media?parent=584488"}],"wp:term":[{"taxonomy":"category","embeddable":true,"href":"https:\/\/www.europesays.com\/fr\/wp-json\/wp\/v2\/categories?post=584488"},{"taxonomy":"post_tag","embeddable":true,"href":"https:\/\/www.europesays.com\/fr\/wp-json\/wp\/v2\/tags?post=584488"}],"curies":[{"name":"wp","href":"https:\/\/api.w.org\/{rel}","templated":true}]}}