{"id":584490,"date":"2025-12-07T15:55:15","date_gmt":"2025-12-07T15:55:15","guid":{"rendered":"https:\/\/www.europesays.com\/fr\/584490\/"},"modified":"2025-12-07T15:55:15","modified_gmt":"2025-12-07T15:55:15","slug":"le-corps-sans-vie-dun-jeune-homme-retrouve-dans-sa-voiture-il-a-ete-tue-par-balles","status":"publish","type":"post","link":"https:\/\/www.europesays.com\/fr\/584490\/","title":{"rendered":"le corps sans vie d&rsquo;un jeune homme retrouv\u00e9 dans sa voiture, il a \u00e9t\u00e9 tu\u00e9 par balles"},"content":{"rendered":"<p>                    Par<br \/>\n        <strong><br \/>\n            <a href=\"https:\/\/actu.fr\/auteur\/redaction-actu\" title=\"Consulter tous les articles de R\u00e9daction Actu\" target=\"_blank\" rel=\"noopener\">R\u00e9daction Actu<\/a><br \/>\n                    <\/strong><\/p>\n<p>        Publi\u00e9 le<\/p>\n<p>            7 d\u00e9c. 2025 \u00e0 15h05        <\/p>\n<p>Le <strong>corps d\u2019un jeune homme tu\u00e9 par balle<\/strong> a \u00e9t\u00e9 retrouv\u00e9 dans une voiture \u00e0 <a href=\"https:\/\/actu.fr\/rennes\" target=\"_blank\" rel=\"noopener\">Rennes (Ille-et-Vilaine)<\/a> dans la nuit de samedi\u00a06 \u00e0 dimanche 7\u00a0d\u00e9cembre 2025, a appris l\u2019AFP aupr\u00e8s du parquet et d\u2019une source <a href=\"https:\/\/actu.fr\/tag\/police\" target=\"_blank\" rel=\"noopener\">polici\u00e8re<\/a>.<\/p>\n<p class=\" wall-content\">La victime, reconnue par des proches selon le parquet, est \u00ab\u2009probablement\u2009\u00bb <strong>un homme de 25\u00a0ans<\/strong>, n\u00e9 au <a href=\"https:\/\/actu.fr\/tag\/maroc\" target=\"_blank\" rel=\"noopener\">Maroc<\/a>.<\/p>\n<p>Une dizaine de douilles retrouv\u00e9es<\/p>\n<p class=\" wall-content\">Les policiers ont \u00e9t\u00e9 <strong>alert\u00e9s dans la nuit par une riveraine<\/strong> indiquant avoir entendu des coups de feu dans le <a href=\"https:\/\/maps.app.goo.gl\/P19khzYxN36iJwBe8\" target=\"_blank\" rel=\"noopener\">quartier Le Blosne<\/a> (au sud de la ville). Ils ont d\u00e9couvert sur les lieux, aux alentours d\u2019une heure du matin, dans une voiture <a href=\"https:\/\/actu.fr\/tag\/assassinat\" target=\"_blank\" rel=\"noopener\">un homme mort<\/a> dont le corps pr\u00e9sentait <strong>plusieurs plaies par balle<\/strong>, selon une source polici\u00e8re.<\/p>\n<p>    <a href=\"https:\/\/www.google.com\/maps\/embed?pb=!1m18!1m12!1m3!1d30145.81776884425!2d-1.6713373314838595!3d48.099836845693055!2m3!1f0!2f0!3f0!3m2!1i1024!2i768!4f13.1!3m3!1m2!1s0x480edf9eb1615c17%3A0xbd820fbc38516d05!2sLe%20Blosne%2C%20Rennes!5e0!3m2!1sfr!2sfr!4v1765115604854!5m2!1sfr!2sfr\" title=\"Ouvrie le lien\" target=\"_blank\" rel=\"noopener\">Cliquez ici pour visualiser le contenu<\/a><\/p>\n<p class=\" wall-content\">Le v\u00e9hicule dans lequel il se trouvait pr\u00e9sentait plusieurs impacts de balle et ses vitres \u00e9taient \u00ab\u2009explos\u00e9es\u2009\u00bb, a ajout\u00e9 le parquet. Une <strong>dizaine de douilles<\/strong> ont \u00e9t\u00e9 retrouv\u00e9es autour.<\/p>\n<p>\u00ab\u2009Un contexte de mont\u00e9e des tensions dans les quartiers\u2009\u00bb<\/p>\n<p class=\" wall-content\">Une <strong>enqu\u00eate pour <a href=\"https:\/\/actu.fr\/tag\/meurtre\" target=\"_blank\" rel=\"noopener\">meurtre<\/a> aggrav\u00e9<\/strong> a \u00e9t\u00e9 ouverte et confi\u00e9e \u00e0 la Division\u00a0de la criminalit\u00e9\u00a0organis\u00e9e\u00a0sp\u00e9cialis\u00e9e (DCOS) de Rennes.<\/p>\n<p>Votre r\u00e9gion, votre actu !<\/p>\n<p>Recevez chaque jour les infos qui comptent pour vous.<\/p>\n<p>\t<a href=\"https:\/\/actu.fr\/newsletter\" class=\"ac-btn ac-btn--corner ac-btn--medium ac-btn--blue800\" target=\"_blank\" rel=\"noopener\">S&rsquo;incrire<\/a><\/p>\n<p class=\" wall-content\">D\u00e8s samedi soir, \u00ab\u2009dans <strong>un contexte de mont\u00e9e des tensions dans les quartiers\u2009\u00bb<\/strong>, la CRS 82 avait \u00e9t\u00e9 d\u00e9ploy\u00e9e \u00e0 Rennes<strong> \u00ab\u2009en renfort<\/strong> des effectifs de police locaux\u2009\u00bb, a indiqu\u00e9 dimanche la pr\u00e9fecture <a href=\"https:\/\/actu.fr\/bretagne\/ille-et-vilaine_35\" target=\"_blank\" rel=\"noopener\">d\u2019Ille-et-Vilaine<\/a>.<\/p>\n<blockquote class=\"ac-article-quote wall-content\">\n<p>Une unit\u00e9 de force mobile sera de nouveau pr\u00e9sente (dimanche) soir pour renforcer la s\u00e9curisation des quartiers.<\/p>\n<p>    <strong>Pr\u00e9fecture d&rsquo;Ille-et-Vilaine<\/strong>\n            <\/p><\/blockquote>\n<p class=\" wall-content\">Source\u2009: AFP.<\/p>\n<p class=\" wall-content\">Personnalisez votre actualit\u00e9 en ajoutant vos villes et m\u00e9dias en favori avec <a href=\"https:\/\/moncompte.actu.fr\" title=\"D\u00e9couvez Mon Actu\" rel=\"nofollow noopener\" data-trk=\"{&quot;cta&quot;:{&quot;action&quot;:&quot;https:\\\/\\\/moncompte.actu.fr&quot;,&quot;category&quot;:&quot;mon compte&quot;,&quot;from&quot;:&quot;article footer&quot;,&quot;name&quot;:&quot;Mon actu&quot;,&quot;type&quot;:&quot;cta&quot;}}\" target=\"_blank\">Mon Actu<\/a>.<\/p>\n","protected":false},"excerpt":{"rendered":"Par R\u00e9daction Actu Publi\u00e9 le 7 d\u00e9c. 2025 \u00e0 15h05 Le corps d\u2019un jeune homme tu\u00e9 par balle&hellip;\n","protected":false},"author":2,"featured_media":584491,"comment_status":"","ping_status":"","sticky":false,"template":"","format":"standard","meta":{"footnotes":""},"categories":[2821],"tags":[1111,11,6744,829,1777,674,118,1011,27,777,12,1072,584,25],"class_list":{"0":"post-584490","1":"post","2":"type-post","3":"status-publish","4":"format-standard","5":"has-post-thumbnail","7":"category-rennes","8":"tag-actu","9":"tag-actualites","10":"tag-assassinat","11":"tag-bretagne","12":"tag-eu","13":"tag-europe","14":"tag-faits-divers","15":"tag-fr","16":"tag-france","17":"tag-meurtre","18":"tag-news","19":"tag-police","20":"tag-rennes","21":"tag-republique-francaise"},"share_on_mastodon":{"url":"https:\/\/pubeurope.com\/@fr\/115679102405907937","error":""},"_links":{"self":[{"href":"https:\/\/www.europesays.com\/fr\/wp-json\/wp\/v2\/posts\/584490","targetHints":{"allow":["GET"]}}],"collection":[{"href":"https:\/\/www.europesays.com\/fr\/wp-json\/wp\/v2\/posts"}],"about":[{"href":"https:\/\/www.europesays.com\/fr\/wp-json\/wp\/v2\/types\/post"}],"author":[{"embeddable":true,"href":"https:\/\/www.europesays.com\/fr\/wp-json\/wp\/v2\/users\/2"}],"replies":[{"embeddable":true,"href":"https:\/\/www.europesays.com\/fr\/wp-json\/wp\/v2\/comments?post=584490"}],"version-history":[{"count":0,"href":"https:\/\/www.europesays.com\/fr\/wp-json\/wp\/v2\/posts\/584490\/revisions"}],"wp:featuredmedia":[{"embeddable":true,"href":"https:\/\/www.europesays.com\/fr\/wp-json\/wp\/v2\/media\/584491"}],"wp:attachment":[{"href":"https:\/\/www.europesays.com\/fr\/wp-json\/wp\/v2\/media?parent=584490"}],"wp:term":[{"taxonomy":"category","embeddable":true,"href":"https:\/\/www.europesays.com\/fr\/wp-json\/wp\/v2\/categories?post=584490"},{"taxonomy":"post_tag","embeddable":true,"href":"https:\/\/www.europesays.com\/fr\/wp-json\/wp\/v2\/tags?post=584490"}],"curies":[{"name":"wp","href":"https:\/\/api.w.org\/{rel}","templated":true}]}}