{"id":584492,"date":"2025-12-07T15:57:22","date_gmt":"2025-12-07T15:57:22","guid":{"rendered":"https:\/\/www.europesays.com\/fr\/584492\/"},"modified":"2025-12-07T15:57:22","modified_gmt":"2025-12-07T15:57:22","slug":"le-festival-premieres-2026-du-maillon-a-strasbourg","status":"publish","type":"post","link":"https:\/\/www.europesays.com\/fr\/584492\/","title":{"rendered":"Le festival Premi\u00e8res 2026 du Maillon \u00e0 Strasbourg"},"content":{"rendered":"<p><a href=\"https:\/\/sceneweb.fr\/wp-content\/uploads\/2025\/12\/le-festival-premieres-2026-du-maillon-a-strasbourg.jpg\" target=\"_blank\" rel=\"noopener\"><\/p>\n<p><img loading=\"lazy\" decoding=\"async\" src=\"https:\/\/www.europesays.com\/fr\/wp-content\/uploads\/2025\/12\/le-festival-premieres-2026-du-maillon-a-strasbourg-1000x560.jpg\" alt=\"Le festival Premi\u00e8res 2026 du Maillon \u00e0 Strasbourg\" width=\"1000\" height=\"560\"  \/><\/p>\n<p><\/a><\/p>\n<blockquote>\n<p><strong>L\u2019\u00e9dition 2026 de Premi\u00e8res, Festival de l\u2019\u00e9mergence europ\u00e9enn du Maillon \u00e0 Strasbourg, se d\u00e9roulera du 24 janvier au 1er f\u00e9vrier.<\/strong><\/p>\n<\/blockquote>\n<p>\u00ab Le th\u00e9\u00e2tre a un avenir. C\u2019est ce que viennent dire celles et ceux qui y cherchent non pas tant des r\u00e9ponses \u00e0 leurs questions que le meilleur moyen de les poser. Celles et ceux qui occupent la sc\u00e8ne et se saisissent avec originalit\u00e9 des grands enjeux d\u2019une soci\u00e9t\u00e9 \u00e0 repenser sans cesse. Celles et ceux qui rencontrent le public d\u2019aujourd\u2019hui avec la cr\u00e9ativit\u00e9 d\u2019un art qui peut \u00eatre \u00e0 la fois profond et ludique, s\u00e9rieux et d\u00e9cal\u00e9. Les artistes qui sont \u00e0 d\u00e9couvrir \u00e0 l\u2019occasion de cette \u00e9dition de Premi\u00e8res sont au d\u00e9but de leur carri\u00e8re artistique. Leur avenir au th\u00e9\u00e2tre est en jeu \u2013 et avec elles et eux l\u2019avenir du th\u00e9\u00e2tre.<\/p>\n<p>Premi\u00e8res est un temps festivalier d\u00e9di\u00e9 aux jeunes sc\u00e8nes europ\u00e9ennes. Chaque ann\u00e9e, nous souhaitons rassembler dans nos murs des jeunes metteurs et metteuses en sc\u00e8ne et leurs \u00e9quipes, pour donner \u00e0 voir ce que pourrait \u00eatre le futur du spectacle vivant.<\/p>\n<p>Une \u00e9mergence d\u2019une incroyable diversit\u00e9, qui plus est \u00e0 l\u2019\u00e9chelle europ\u00e9enne qui est celle du Maillon : innovante, impliqu\u00e9e, ancr\u00e9e dans la r\u00e9alit\u00e9 qui l\u2019entoure, la contraint et l\u2019inspire. Cette ann\u00e9e, ces jeunes artistes ouvrent de nouvelles perspectives en abordant les carcans familiaux, les sch\u00e9mas sexistes, les exactions politiques\u2026 Les spectacles s\u2019y confrontent avec d\u00e9termination et originalit\u00e9, dans un geste sans aucun doute prometteur pour un avenir commun. \u00bb<\/p>\n<p>Barbara Engelhardt,<br \/>directrice<\/p>\n<p>\u00ab Premi\u00e8res, festival de l\u2019\u00e9mergence europ\u00e9enne \u00bb est soutenu par l\u2019\u00c9tat (Direction R\u00e9gionale des Affaires Culturelles du Grand Est), la Ville de Strasbourg, la R\u00e9gion Grand Est et la Collectivit\u00e9 europ\u00e9enne d\u2019Alsace dans le cadre du Contrat triennal \u00ab Strasbourg, capitale europ\u00e9enne \u00bb.<\/p>\n<p>Au programme<\/p>\n<p>GPO Box No.211<br \/>Chun Shing Au \/ Theatre du Poulet<br \/>Th\u00e9\u00e2tre d\u2019objets \/ Hong Kong, Pays-Bas<br \/>ve 24 + sa 25 janv<\/p>\n<p>Penelope<br \/>Th\u00e9\u00e2tre \/ Autriche<br \/>Leonora Carrington \/ Giulia Giammona<br \/>ve 24 + sa 25 janv<\/p>\n<p>Back to school ?<br \/>rencontre avec Chun Shing Au et Giulia Giammona<br \/>sa 25 janv<\/p>\n<p>I\u2019m deranged<br \/>Th\u00e9\u00e2tre, musique \/ France, Iran<br \/>Mina Kavani<br \/>ve 31 janv + sa 1 f\u00e9vr<\/p>\n<p>RAGE<br \/>Th\u00e9\u00e2tre \/ Belgique<br \/>\u00c9milienne Flagothier<br \/>ve 31 janv + sa 1 f\u00e9vr<\/p>\n<p>Regards crois\u00e9s<br \/>rencontre avec Mina Kavani et \u00c9milienne Flagothier<br \/>sa 1 f\u00e9vr<\/p>\n<p><a data-no-instant=\"1\" href=\"https:\/\/tgp.theatregerardphilipe.com\/spectacle\/welfare-2\/\" rel=\"noopener\" class=\"a2t-link\" target=\"_blank\" aria-label=\"TGP Welfare bas de page\"><img loading=\"lazy\" decoding=\"async\" src=\"data:image\/svg+xml,%3Csvg%20xmlns=\" http:=\"\" alt=\"\" width=\"960\" height=\"300\" data-lazy-src=\"https:\/\/www.europesays.com\/fr\/wp-content\/uploads\/2025\/12\/tgp-welfare-bas-de-page.gif\"\/><\/a><\/p>\n","protected":false},"excerpt":{"rendered":"L\u2019\u00e9dition 2026 de Premi\u00e8res, Festival de l\u2019\u00e9mergence europ\u00e9enn du Maillon \u00e0 Strasbourg, se d\u00e9roulera du 24 janvier au&hellip;\n","protected":false},"author":2,"featured_media":584493,"comment_status":"","ping_status":"","sticky":false,"template":"","format":"standard","meta":{"footnotes":""},"categories":[2820],"tags":[1111,11,1777,674,1011,27,775,12,25,640],"class_list":{"0":"post-584492","1":"post","2":"type-post","3":"status-publish","4":"format-standard","5":"has-post-thumbnail","7":"category-strasbourg","8":"tag-actu","9":"tag-actualites","10":"tag-eu","11":"tag-europe","12":"tag-fr","13":"tag-france","14":"tag-grand-est","15":"tag-news","16":"tag-republique-francaise","17":"tag-strasbourg"},"share_on_mastodon":{"url":"https:\/\/pubeurope.com\/@fr\/115679111136132685","error":""},"_links":{"self":[{"href":"https:\/\/www.europesays.com\/fr\/wp-json\/wp\/v2\/posts\/584492","targetHints":{"allow":["GET"]}}],"collection":[{"href":"https:\/\/www.europesays.com\/fr\/wp-json\/wp\/v2\/posts"}],"about":[{"href":"https:\/\/www.europesays.com\/fr\/wp-json\/wp\/v2\/types\/post"}],"author":[{"embeddable":true,"href":"https:\/\/www.europesays.com\/fr\/wp-json\/wp\/v2\/users\/2"}],"replies":[{"embeddable":true,"href":"https:\/\/www.europesays.com\/fr\/wp-json\/wp\/v2\/comments?post=584492"}],"version-history":[{"count":0,"href":"https:\/\/www.europesays.com\/fr\/wp-json\/wp\/v2\/posts\/584492\/revisions"}],"wp:featuredmedia":[{"embeddable":true,"href":"https:\/\/www.europesays.com\/fr\/wp-json\/wp\/v2\/media\/584493"}],"wp:attachment":[{"href":"https:\/\/www.europesays.com\/fr\/wp-json\/wp\/v2\/media?parent=584492"}],"wp:term":[{"taxonomy":"category","embeddable":true,"href":"https:\/\/www.europesays.com\/fr\/wp-json\/wp\/v2\/categories?post=584492"},{"taxonomy":"post_tag","embeddable":true,"href":"https:\/\/www.europesays.com\/fr\/wp-json\/wp\/v2\/tags?post=584492"}],"curies":[{"name":"wp","href":"https:\/\/api.w.org\/{rel}","templated":true}]}}