{"id":584500,"date":"2025-12-07T16:03:09","date_gmt":"2025-12-07T16:03:09","guid":{"rendered":"https:\/\/www.europesays.com\/fr\/584500\/"},"modified":"2025-12-07T16:03:09","modified_gmt":"2025-12-07T16:03:09","slug":"six-nouveaux-suspects-interpelles-dans-cette-affaire-tentaculaire","status":"publish","type":"post","link":"https:\/\/www.europesays.com\/fr\/584500\/","title":{"rendered":"six nouveaux suspects interpell\u00e9s dans cette affaire tentaculaire"},"content":{"rendered":"<p>                    Par<br \/>\n        <strong><br \/>\n            <a href=\"https:\/\/actu.fr\/auteur\/redaction-bordeaux\" title=\"Consulter tous les articles de R\u00e9daction Bordeaux\" target=\"_blank\" rel=\"noopener\">R\u00e9daction Bordeaux<\/a><br \/>\n                    <\/strong><\/p>\n<p>        Publi\u00e9 le<\/p>\n<p>            7 d\u00e9c. 2025 \u00e0 13h36        <\/p>\n<p>Jeudi 4 d\u00e9cembre 2025,<strong> six hommes ont \u00e9t\u00e9 mis en examen<\/strong> dans une enqu\u00eate portant sur des<strong> viols collectifs<\/strong> commis dans le milieu libertin en Gironde, indique <a href=\"https:\/\/www.leparisien.fr\/faits-divers\/viols-dans-des-soirees-libertines-six-complices-presumes-du-dresseur-de-chiennes-mis-en-examen-a-bordeaux-05-12-2025-YYJVNAPAJBG6FHJDVBTB5FHI24.php\" target=\"_blank\" rel=\"noopener\">le Parisien<\/a>. Une information <strong>confirm\u00e9e<\/strong> par le <a href=\"https:\/\/actu.fr\/nouvelle-aquitaine\/andernos-les-bains_33005\/absent-de-taille-et-requisitions-incomprehensibles-l-envers-du-proces-de-karine-lellouche-a-bordeaux_63514748.html\" target=\"_blank\" rel=\"noopener\">parquet<\/a> de Bordeaux le vendredi 5 d\u00e9cembre.<\/p>\n<p class=\" wall-content\">Ces six individus ont \u00e9t\u00e9 <strong>interpell\u00e9s<\/strong> mardi 2 d\u00e9cembre par les gendarmes de la section de recherches de Bordeaux. Une premi\u00e8re vague d\u2019interpellations avaient conduit \u00e0 la mise en examen et le <a href=\"https:\/\/actu.fr\/nouvelle-aquitaine\/bordeaux_33063\/pendant-des-annees-ils-auraient-participe-a-des-viols-avec-torture-quatre-hommes-interpelles-a-bordeaux_62502277.html\" target=\"_blank\" rel=\"noopener\">placement en d\u00e9tention provisoire de quatre hommes<\/a>, \u00e2g\u00e9s de 40 \u00e0 57 ans, pour des viols avec actes de torture et de barbarie commis entre 2011 et 2024 \u2013 l\u2019un d\u2019eux \u00e9tant aussi poursuivi pour complicit\u00e9.<\/p>\n<p class=\" wall-content\">Quatre autres hommes soup\u00e7onn\u00e9s d\u2019avoir pris part \u00e0 ces viols ont \u00e9t\u00e9 \u00e0 leur tour mis en cause et <strong>\u00e9crou\u00e9s<\/strong> en juin dernier, selon le parquet et une source proche du dossier.<\/p>\n<p>Six femmes victimes recens\u00e9es<\/p>\n<p class=\" wall-content\"><strong>Six femmes victimes<\/strong> de ces viols film\u00e9s ont \u00e9t\u00e9 recens\u00e9es \u00e0 ce stade de la proc\u00e9dure, dont deux ont port\u00e9 plainte, selon ces m\u00eames sources. En 2023, l\u2019une des victimes avait d\u00e9pos\u00e9 plainte contre son ex-conjoint, n\u00e9 en 1969, d\u00e9non\u00e7ant \u00ab\u00a0des viols collectifs commis par son compagnon et des hommes qu\u2019il invitait\u00a0\u00bb, avait indiqu\u00e9 le parquet au printemps.<\/p>\n<p class=\" wall-content\">Quatre autres compagnes successives de cet homme, entendues ensuite par les enqu\u00eateurs, avaient d\u00e9clar\u00e9 avoir subi la m\u00eame chose. Des dizaines de vid\u00e9os ont \u00e9t\u00e9 retrouv\u00e9es au domicile de l\u2019ex-conjoint, un quinquag\u00e9naire travaillant dans la maintenance et pr\u00e9sentant un casier judiciaire vierge selon son avocat. L\u2019exploitation des images a permis de caract\u00e9riser <strong>l\u2019absence de consentement<\/strong> des femmes, avait soulign\u00e9 le parquet en avril, \u00e9voquant \u00ab\u00a0des hurlements de douleur\u00a0\u00bb.<\/p>\n<p class=\" wall-content\">Outre l\u2019identification de certains participants, les vid\u00e9os ont permis de localiser des lieux de tournage : au domicile du principal mis en cause, dans des <strong>clubs libertins<\/strong> de la m\u00e9tropole bordelaise, sur la voie publique \u00e0 Bordeaux mais aussi dans <a href=\"https:\/\/actu.fr\/occitanie\/herault_34\" target=\"_blank\" rel=\"noopener\">l\u2019H\u00e9rault<\/a> et le <a href=\"https:\/\/actu.fr\/occitanie\/gard_30\" target=\"_blank\" rel=\"noopener\">Gard<\/a>.<\/p>\n<p class=\" wall-content\"><strong>Avec AFP<\/strong><\/p>\n<p class=\" wall-content\">Personnalisez votre actualit\u00e9 en ajoutant vos villes et m\u00e9dias en favori avec <a href=\"https:\/\/moncompte.actu.fr\" title=\"D\u00e9couvez Mon Actu\" rel=\"nofollow noopener\" data-trk=\"{&quot;cta&quot;:{&quot;action&quot;:&quot;https:\\\/\\\/moncompte.actu.fr&quot;,&quot;category&quot;:&quot;mon compte&quot;,&quot;from&quot;:&quot;article footer&quot;,&quot;name&quot;:&quot;Mon actu&quot;,&quot;type&quot;:&quot;cta&quot;}}\" target=\"_blank\">Mon Actu<\/a>.<\/p>\n","protected":false},"excerpt":{"rendered":"Par R\u00e9daction Bordeaux Publi\u00e9 le 7 d\u00e9c. 2025 \u00e0 13h36 Jeudi 4 d\u00e9cembre 2025, six hommes ont \u00e9t\u00e9&hellip;\n","protected":false},"author":2,"featured_media":584501,"comment_status":"","ping_status":"","sticky":false,"template":"","format":"standard","meta":{"footnotes":""},"categories":[2817],"tags":[1111,11,1997,1777,674,118,1011,27,12,2219,25,799],"class_list":{"0":"post-584500","1":"post","2":"type-post","3":"status-publish","4":"format-standard","5":"has-post-thumbnail","7":"category-bordeaux","8":"tag-actu","9":"tag-actualites","10":"tag-bordeaux","11":"tag-eu","12":"tag-europe","13":"tag-faits-divers","14":"tag-fr","15":"tag-france","16":"tag-news","17":"tag-nouvelle-aquitaine","18":"tag-republique-francaise","19":"tag-violences-sexuelles"},"share_on_mastodon":{"url":"https:\/\/pubeurope.com\/@fr\/115679134051516199","error":""},"_links":{"self":[{"href":"https:\/\/www.europesays.com\/fr\/wp-json\/wp\/v2\/posts\/584500","targetHints":{"allow":["GET"]}}],"collection":[{"href":"https:\/\/www.europesays.com\/fr\/wp-json\/wp\/v2\/posts"}],"about":[{"href":"https:\/\/www.europesays.com\/fr\/wp-json\/wp\/v2\/types\/post"}],"author":[{"embeddable":true,"href":"https:\/\/www.europesays.com\/fr\/wp-json\/wp\/v2\/users\/2"}],"replies":[{"embeddable":true,"href":"https:\/\/www.europesays.com\/fr\/wp-json\/wp\/v2\/comments?post=584500"}],"version-history":[{"count":0,"href":"https:\/\/www.europesays.com\/fr\/wp-json\/wp\/v2\/posts\/584500\/revisions"}],"wp:featuredmedia":[{"embeddable":true,"href":"https:\/\/www.europesays.com\/fr\/wp-json\/wp\/v2\/media\/584501"}],"wp:attachment":[{"href":"https:\/\/www.europesays.com\/fr\/wp-json\/wp\/v2\/media?parent=584500"}],"wp:term":[{"taxonomy":"category","embeddable":true,"href":"https:\/\/www.europesays.com\/fr\/wp-json\/wp\/v2\/categories?post=584500"},{"taxonomy":"post_tag","embeddable":true,"href":"https:\/\/www.europesays.com\/fr\/wp-json\/wp\/v2\/tags?post=584500"}],"curies":[{"name":"wp","href":"https:\/\/api.w.org\/{rel}","templated":true}]}}