{"id":584502,"date":"2025-12-07T16:04:19","date_gmt":"2025-12-07T16:04:19","guid":{"rendered":"https:\/\/www.europesays.com\/fr\/584502\/"},"modified":"2025-12-07T16:04:19","modified_gmt":"2025-12-07T16:04:19","slug":"pres-de-bordeaux-la-vente-dun-presbytere-critiquee","status":"publish","type":"post","link":"https:\/\/www.europesays.com\/fr\/584502\/","title":{"rendered":"pr\u00e8s de Bordeaux, la vente d\u2019un presbyt\u00e8re critiqu\u00e9e"},"content":{"rendered":"<p>\n    Dans la commune de Tresse, les \u00e9lus d\u2019opposition et plusieurs centaines d\u2019habitants refusent de voir leur presbyt\u00e8re vendu dans le cadre d\u2019un changement de la politique financi\u00e8re communale.<\/p>\n<p class=\"fig-paragraph\">La<a href=\"http:\/\/www.lefigaro.fr\/bordeaux\/pres-de-bordeaux-une-succession-menace-la-survie-de-la-pharmacie-d-un-petit-village-20251202\" data-fig-type=\"NewsFlash\" data-gtm-custom-categorie=\"navigation\" data-gtm-custom-action=\"crossclick\" data-gtm-custom-label=\"Contextuel\" data-gtm-event=\"customEventSPE\" data-fig-domain=\"LEFIGARO\" target=\"_blank\" rel=\"noopener\">\u00a0p\u00e9tition en ligne<\/a>\u00a0rassemble 309 signatures ce vendredi. Dans la commune girondine de Tresse, o\u00f9 vivent plus de 5000 \u00e2mes, la d\u00e9cision municipale de vendre son\u00a0<a href=\"https:\/\/video.lefigaro.fr\/figaro\/bordeaux\/pres-de-la-dune-du-pilat-des-riverains-se-mobilisent-face-au-remplacement-d-un-espace-vert-par-un-projet-immobilier-20251203\" data-fig-type=\"Video\" data-gtm-custom-categorie=\"navigation\" data-gtm-custom-action=\"crossclick\" data-gtm-custom-label=\"Contextuel\" data-gtm-event=\"customEventSPE\" data-fig-domain=\"LEFIGARO\" target=\"_blank\" rel=\"noopener\">patrimoine immobilier<\/a>\u00a0au bailleur social Gironde Habitat divise l\u2019opinion. Une partie du\u00a0<a href=\"http:\/\/www.lefigaro.fr\/bordeaux\/des-soeurs-trappistes-perigourdines-se-lancent-le-defi-de-vendre-2000-pots-de-confitures-avant-le-7-decembre-20251205\" data-fig-type=\"NewsFlash\" data-gtm-custom-categorie=\"navigation\" data-gtm-custom-action=\"crossclick\" data-gtm-custom-label=\"Contextuel\" data-gtm-event=\"customEventSPE\" data-fig-domain=\"LEFIGARO\" target=\"_blank\" rel=\"noopener\">presbyt\u00e8re\u00a0<\/a>du bourg, qui date de 1834 et comporte trois logements, figure en effet parmi la quinzaine de biens immobiliers c\u00e9d\u00e9s par la majorit\u00e9.<\/p>\n<p class=\"fig-paragraph\">\u00abLe maire vend quasiment tous les logements de la commune sauf un. Le presbyt\u00e8re, r\u00e9nov\u00e9 en 2017 notamment gr\u00e2ce \u00e0 un don de 25.000 euros des paroissiens, fait partie du lot. C\u2019est une trahison\u00bb, tance Axelle Balguerie. La chef de file de l\u2019opposition, \u00e0 l\u2019origine de la p\u00e9tition, reproche \u00e0 la municipalit\u00e9 de g\u00e2cher son patrimoine. \u00abCes ventes sont une mauvaise affaire, argue l\u2019\u00e9lue. Typiquement, le presbyt\u00e8re r\u00e9nov\u00e9 pour 396.000 euros doit \u00eatre vendu seulement 429.000 euros. Est-ce une ruine, est-ce qu\u2019il nous co\u00fbte cher\u00a0? Non, on vient de le restaurer.\u00bb La conseill\u00e8re municipale craint aussi que les trois logements du presbyt\u00e8re, actuellement habit\u00e9 par un pr\u00eatre, une paroissienne et un couple, ne puissent plus profiter \u00e0 la communaut\u00e9 catholique apr\u00e8s sa vente.<\/p>\n<p>                                            <a class=\"fig-a11y-skip\" href=\"#fig-a11y-skip-main-inarticle\" data-module=\"a11y-skip\" data-context=\"was @visible\"><br \/>\n    Passer la publicit\u00e9<br \/>\n<\/a>            <\/p>\n<p>                                            \u00abGaspillage d\u2019argent public\u00bb\u00a0?<\/p>\n<p class=\"fig-paragraph\">Des arguments que la majorit\u00e9 r\u00e9fute. \u00abLa gestion de ces logements sociaux devenait de plus en plus compliqu\u00e9e pour la commune dont ce n\u2019est pas la premi\u00e8re fonction\u00bb, r\u00e9torque le cabinet du maire. La majorit\u00e9 insiste\u00a0: si les trois logements du presbyt\u00e8re sont vendus, les 80 m\u00e8tres carr\u00e9s de salles paroissiales attenantes, elles, demeurent \u00e0 la mairie et \u00e0 la disposition de la paroisse. \u00abIls nous accusent de d\u00e9tourner l\u2019argent des paroissiens, mais les r\u00e9novations ont \u00e9t\u00e9 faites, comme nous nous y \u00e9tions engag\u00e9s\u00bb, ajoute le cabinet de l\u2019\u00e9dile, qui assure que son choix est guid\u00e9 par \u00abla responsabilit\u00e9 financi\u00e8re\u00bb.<\/p>\n<p class=\"fig-paragraph\">Il n\u2019emp\u00eache, Axelle Balguerie n\u2019en d\u00e9mord pas. \u00abC\u2019est du gaspillage d\u2019argent public et de la malhonn\u00eatet\u00e9 intellectuelle. La fondation du patrimoine nous a aid\u00e9s \u00e0 r\u00e9nover le presbyt\u00e8re\u2026. Vous croyez qu\u2019ils nous feront confiance la prochaine fois\u00a0?\u00bb, d\u00e9plore-t-elle. Une question \u00e0 laquelle l\u2019avenir devra r\u00e9pondre.<\/p>\n","protected":false},"excerpt":{"rendered":"Dans la commune de Tresse, les \u00e9lus d\u2019opposition et plusieurs centaines d\u2019habitants refusent de voir leur presbyt\u00e8re vendu&hellip;\n","protected":false},"author":2,"featured_media":584503,"comment_status":"","ping_status":"","sticky":false,"template":"","format":"standard","meta":{"footnotes":""},"categories":[2817],"tags":[1111,11,1997,1777,674,1011,27,12,2219,2551,5969,25],"class_list":{"0":"post-584502","1":"post","2":"type-post","3":"status-publish","4":"format-standard","5":"has-post-thumbnail","7":"category-bordeaux","8":"tag-actu","9":"tag-actualites","10":"tag-bordeaux","11":"tag-eu","12":"tag-europe","13":"tag-fr","14":"tag-france","15":"tag-news","16":"tag-nouvelle-aquitaine","17":"tag-patrimoine","18":"tag-pretre","19":"tag-republique-francaise"},"share_on_mastodon":{"url":"https:\/\/pubeurope.com\/@fr\/115679138040819097","error":""},"_links":{"self":[{"href":"https:\/\/www.europesays.com\/fr\/wp-json\/wp\/v2\/posts\/584502","targetHints":{"allow":["GET"]}}],"collection":[{"href":"https:\/\/www.europesays.com\/fr\/wp-json\/wp\/v2\/posts"}],"about":[{"href":"https:\/\/www.europesays.com\/fr\/wp-json\/wp\/v2\/types\/post"}],"author":[{"embeddable":true,"href":"https:\/\/www.europesays.com\/fr\/wp-json\/wp\/v2\/users\/2"}],"replies":[{"embeddable":true,"href":"https:\/\/www.europesays.com\/fr\/wp-json\/wp\/v2\/comments?post=584502"}],"version-history":[{"count":0,"href":"https:\/\/www.europesays.com\/fr\/wp-json\/wp\/v2\/posts\/584502\/revisions"}],"wp:featuredmedia":[{"embeddable":true,"href":"https:\/\/www.europesays.com\/fr\/wp-json\/wp\/v2\/media\/584503"}],"wp:attachment":[{"href":"https:\/\/www.europesays.com\/fr\/wp-json\/wp\/v2\/media?parent=584502"}],"wp:term":[{"taxonomy":"category","embeddable":true,"href":"https:\/\/www.europesays.com\/fr\/wp-json\/wp\/v2\/categories?post=584502"},{"taxonomy":"post_tag","embeddable":true,"href":"https:\/\/www.europesays.com\/fr\/wp-json\/wp\/v2\/tags?post=584502"}],"curies":[{"name":"wp","href":"https:\/\/api.w.org\/{rel}","templated":true}]}}