{"id":584504,"date":"2025-12-07T16:05:18","date_gmt":"2025-12-07T16:05:18","guid":{"rendered":"https:\/\/www.europesays.com\/fr\/584504\/"},"modified":"2025-12-07T16:05:18","modified_gmt":"2025-12-07T16:05:18","slug":"ce-quil-va-se-passer-ce-lundi","status":"publish","type":"post","link":"https:\/\/www.europesays.com\/fr\/584504\/","title":{"rendered":"ce qu&rsquo;il va se passer ce lundi"},"content":{"rendered":"<p>                    Par<br \/>\n        <strong><br \/>\n            <a href=\"https:\/\/actu.fr\/auteur\/mareva-laville-actu-fr\" title=\"Consulter tous les articles de Mar\u00e9va Laville\" target=\"_blank\" rel=\"noopener\">Mar\u00e9va Laville<\/a><br \/>\n                    <\/strong><\/p>\n<p>        Publi\u00e9 le<\/p>\n<p>            7 d\u00e9c. 2025 \u00e0 12h12        <\/p>\n<p>Camions de <strong>pompiers<\/strong>, \u00e9quipes de secours et <strong>fum\u00e9es<\/strong> aux abords des futures stations de m\u00e9tro de la<a href=\"https:\/\/actu.fr\/tag\/ligne-c-du-metro-de-toulouse\" target=\"_blank\" rel=\"noopener\"> ligne C de Toulouse.<\/a> C\u2019est ce qu\u2019on risque de voir pr\u00e8s du <strong>centre-ville de Toulouse<\/strong> ce lundi 8\u00a0d\u00e9cembre 2025. Mais pas de panique, il ne s\u2019agit que d\u2019un <strong>exercice<\/strong>\u2009!<\/p>\n<p>Une journ\u00e9e enti\u00e8re de simulation de secours<\/p>\n<p class=\" wall-content\">Pour s\u2019assurer de la bonne s\u00e9curit\u00e9 de ses chantiers, <a href=\"https:\/\/actu.fr\/tag\/tisseo\" target=\"_blank\" rel=\"noopener\">Tiss\u00e9o<\/a> organise, avec le Sdis 31 et les entreprises en charge des travaux, des exercices de secours dans les<strong> quartiers du Raisin et de Matabiau.<\/strong> Le centre de commandement de cet exercice se situera au niveau de la station Raisin, mais les simulations s\u2019\u00e9taleront sur tout le secteur.<\/p>\n<p>    <img   decoding=\"async\" loading=\"lazy\" src=\"https:\/\/www.europesays.com\/fr\/wp-content\/uploads\/2025\/12\/ligne-c-toulouse-2-960x640.jpg\" alt=\"L'exercice concerne le secteur du Raisin et de Matabiau.\" width=\"960\" height=\"640\"\/><br \/>\n    L\u2019exercice concerne le secteur du Raisin et de Matabiau. (\u00a9Mar\u00e9va Laville \/ Actu Toulouse)<\/p>\n<p class=\" wall-content\">L\u2019affaire d\u00e9butera t\u00f4t le matin, \u00e0 8h, et s\u2019ach\u00e8vera en milieu d\u2019apr\u00e8s-midi. Soit une bonne journ\u00e9e pour se pr\u00e9parer \u00e0 tous les<strong> sc\u00e9narios d\u2019urgence possibles.<\/strong><\/p>\n<p>Des fum\u00e9es sortiront du c\u00f4t\u00e9 de la gare<\/p>\n<p class=\" wall-content\">Les engins de secours arriveront donc en nombre et quelques fum\u00e9es devraient sortir pr\u00e8s de la<a href=\"https:\/\/actu.fr\/occitanie\/toulouse_31555\/toulouse-a-la-gare-matabiau-les-velos-prennent-d-assaut-le-mobilier-urbain-une-situation-anarchique_63239426.html\" target=\"_blank\" rel=\"noopener\"> gare Matabiau,<\/a> au niveau de la future bouche de m\u00e9tro,<strong> c\u00f4t\u00e9 M\u00e9diath\u00e8que,<\/strong> donc. \u00ab\u2009Ces <strong>fum\u00e9es artificielles<\/strong> sont non dangereuses, strictement encadr\u00e9es et ma\u00eetris\u00e9es\u2009\u00bb, pr\u00e9vient Tiss\u00e9o.<\/p>\n<p>Vid\u00e9os : en ce moment sur Actu<br \/>\n    <img   decoding=\"async\" loading=\"lazy\" src=\"https:\/\/www.europesays.com\/fr\/wp-content\/uploads\/2025\/12\/mediatheque-arche-marengo-toulouse-gl-960x640.jpg\" alt=\"Un rassemblement est pr\u00e9vu devant la m\u00e9diath\u00e8que Jos\u00e9 Cabanis, \u00e0 l'Arche Marengo, ce mercredi\" width=\"960\" height=\"640\"\/><br \/>\n    Les fum\u00e9es devraient se situer entre la gare et la m\u00e9diath\u00e8que. (\u00a9G.L. \/ Actu Toulouse)Un simple exercice de pr\u00e9vention, rassure Tiss\u00e9o<\/p>\n<p class=\" wall-content\">Le r\u00e9seau de transports en commun toulousain ajoute\u2009: \u00ab\u2009Cet exercice a pour objectif de permettre aux \u00e9quipes de chantier et aux services de secours de <strong>tester les dispositifs de s\u00e9curit\u00e9 mis en place<\/strong>, et de renforcer leur coordination en situation r\u00e9elle.\u2009\u00bb<\/p>\n<p>Votre r\u00e9gion, votre actu !<\/p>\n<p>Recevez chaque jour les infos qui comptent pour vous.<\/p>\n<p>\t<a href=\"https:\/\/actu.fr\/newsletter\" class=\"ac-btn ac-btn--corner ac-btn--medium ac-btn--blue800\" target=\"_blank\" rel=\"noopener\">S&rsquo;incrire<\/a><\/p>\n<p class=\" wall-content\">L\u2019op\u00e9ration est, par ailleurs, \u00ab\u2009sans lien avec un danger ou un \u00e9v\u00e9nement particulier\u2009\u00bb, insiste Tiss\u00e9o qui, depuis le lancement du chantier de la nouvelle ligne C, multiplie les dispositifs de pr\u00e9vention. \u00ab\u2009Avec un projet de cette ampleur et des travaux dans des milieux parfois complexes, les \u00e9quipes doivent \u00eatre pr\u00eates \u00e0 faire face \u00e0 toutes les situations d\u2019urgence\u2009\u00bb, souligne Tiss\u00e9o.<\/p>\n<p class=\" wall-content\">Depuis le d\u00e9but du chantier, il y en a malheureusement eu. Le plus dramatique s\u2019est tenu \u00e0 Lab\u00e8ge, o\u00f9 <a href=\"https:\/\/actu.fr\/occitanie\/toulouse_31555\/toulouse-ligne-b-du-metro-accident-sur-un-pont-en-construction-53-pompiers-mobilises_60777679.html\" target=\"_blank\" rel=\"noopener\">un ouvrier de 55\u00a0ans a perdu la vie.<\/a> Un an apr\u00e8s, en 2025, un autre ouvrier <a href=\"https:\/\/actu.fr\/occitanie\/toulouse_31555\/grave-accident-sur-le-chantier-de-la-ligne-c-du-metro-de-toulouse-un-ouvrier-blesse_62516362.html\" target=\"_blank\" rel=\"noopener\">a \u00e9t\u00e9 gravement bless\u00e9 aux Sept-Deniers.<\/a> Et plus r\u00e9cemment encore, dans le quartier <a href=\"https:\/\/actu.fr\/occitanie\/toulouse_31555\/toulouse-elle-a-eu-le-temps-de-dire-j-entends-un-crac-avant-que-tout-s-effondre-dans-sa-maison_62802510.html\" target=\"_blank\" rel=\"noopener\">Bonnefoy, l\u2019effondrement du plancher d\u2019un salon,<\/a> \u00e0 c\u00f4t\u00e9 duquel se trouvait l\u2019habitante, a fr\u00f4l\u00e9 le drame.<\/p>\n<p class=\" wall-content\">Personnalisez votre actualit\u00e9 en ajoutant vos villes et m\u00e9dias en favori avec <a href=\"https:\/\/moncompte.actu.fr\" title=\"D\u00e9couvez Mon Actu\" rel=\"nofollow noopener\" data-trk=\"{&quot;cta&quot;:{&quot;action&quot;:&quot;https:\\\/\\\/moncompte.actu.fr&quot;,&quot;category&quot;:&quot;mon compte&quot;,&quot;from&quot;:&quot;article footer&quot;,&quot;name&quot;:&quot;Mon actu&quot;,&quot;type&quot;:&quot;cta&quot;}}\" target=\"_blank\">Mon Actu<\/a>.<\/p>\n","protected":false},"excerpt":{"rendered":"Par Mar\u00e9va Laville Publi\u00e9 le 7 d\u00e9c. 2025 \u00e0 12h12 Camions de pompiers, \u00e9quipes de secours et fum\u00e9es&hellip;\n","protected":false},"author":2,"featured_media":494130,"comment_status":"","ping_status":"","sticky":false,"template":"","format":"standard","meta":{"footnotes":""},"categories":[2816],"tags":[1111,11,1777,674,1011,27,12,2680,25,104,2312],"class_list":{"0":"post-584504","1":"post","2":"type-post","3":"status-publish","4":"format-standard","5":"has-post-thumbnail","7":"category-toulouse","8":"tag-actu","9":"tag-actualites","10":"tag-eu","11":"tag-europe","12":"tag-fr","13":"tag-france","14":"tag-news","15":"tag-occitanie","16":"tag-republique-francaise","17":"tag-societe","18":"tag-toulouse"},"share_on_mastodon":{"url":"https:\/\/pubeurope.com\/@fr\/115679142825289500","error":""},"_links":{"self":[{"href":"https:\/\/www.europesays.com\/fr\/wp-json\/wp\/v2\/posts\/584504","targetHints":{"allow":["GET"]}}],"collection":[{"href":"https:\/\/www.europesays.com\/fr\/wp-json\/wp\/v2\/posts"}],"about":[{"href":"https:\/\/www.europesays.com\/fr\/wp-json\/wp\/v2\/types\/post"}],"author":[{"embeddable":true,"href":"https:\/\/www.europesays.com\/fr\/wp-json\/wp\/v2\/users\/2"}],"replies":[{"embeddable":true,"href":"https:\/\/www.europesays.com\/fr\/wp-json\/wp\/v2\/comments?post=584504"}],"version-history":[{"count":0,"href":"https:\/\/www.europesays.com\/fr\/wp-json\/wp\/v2\/posts\/584504\/revisions"}],"wp:featuredmedia":[{"embeddable":true,"href":"https:\/\/www.europesays.com\/fr\/wp-json\/wp\/v2\/media\/494130"}],"wp:attachment":[{"href":"https:\/\/www.europesays.com\/fr\/wp-json\/wp\/v2\/media?parent=584504"}],"wp:term":[{"taxonomy":"category","embeddable":true,"href":"https:\/\/www.europesays.com\/fr\/wp-json\/wp\/v2\/categories?post=584504"},{"taxonomy":"post_tag","embeddable":true,"href":"https:\/\/www.europesays.com\/fr\/wp-json\/wp\/v2\/tags?post=584504"}],"curies":[{"name":"wp","href":"https:\/\/api.w.org\/{rel}","templated":true}]}}