{"id":584507,"date":"2025-12-07T16:07:17","date_gmt":"2025-12-07T16:07:17","guid":{"rendered":"https:\/\/www.europesays.com\/fr\/584507\/"},"modified":"2025-12-07T16:07:17","modified_gmt":"2025-12-07T16:07:17","slug":"ces-passionnes-preparent-une-bd-sur-une-eglise-de-roubaix-valorisant-le-territoire-et-ses-habitants","status":"publish","type":"post","link":"https:\/\/www.europesays.com\/fr\/584507\/","title":{"rendered":"Ces passionn\u00e9s pr\u00e9parent une BD sur une \u00e9glise de Roubaix, valorisant le territoire et ses habitants"},"content":{"rendered":"<p>                    Par<br \/>\n        <strong><br \/>\n            <a href=\"https:\/\/actu.fr\/auteur\/annesophie-2\" title=\"Consulter tous les articles de Anne-Sophie Hourdeaux\" target=\"_blank\" rel=\"noopener\">Anne-Sophie Hourdeaux<\/a><br \/>\n                    <\/strong><\/p>\n<p>        Publi\u00e9 le<\/p>\n<p>            7 d\u00e9c. 2025 \u00e0 17h00        <\/p>\n<p><b>Passionn\u00e9s par le dessin <\/b>et voulant valoriser leur territoire et les habitants, Bernard Joan et Marc Hubrecht, deux amis, ont \u00e9crit <b>une bande dessin\u00e9e sur l\u2019\u00e9glise Saint-Joseph \u00e0 Roubaix <\/b>(Nord). Ils cherchent \u00e0 l\u2019\u00e9diter. On vous pr\u00e9sente ce projet ambitieux, car leur BD fourmille de <b>d\u00e9tails sur la ville<\/b> et l\u2019histoire de Roubaix, et ne compte pas moins de <b>136 pages<\/b>\u2009!<\/p>\n<p>Deux amis passionn\u00e9s de dessins<\/p>\n<p class=\" wall-content\">Ils ont eu un projet fou et l\u2019ont men\u00e9 \u00e0 bien en 2\u00a0ans. C\u2019est leur passion du dessin qui a uni Bernard Joan et Marc Hubrecht. Le premier est dessinateur et chef de projet illustrateur en studio photo\u2009; le second, commercial retrait\u00e9, est artiste dans l\u2019\u00e2me et r\u00e9alise tableaux et sculptures.<\/p>\n<p>    <img   decoding=\"async\" loading=\"lazy\" class=\"size-large\" src=\"https:\/\/www.europesays.com\/fr\/wp-content\/uploads\/2025\/12\/ac096a0a3429690196a0a342974196v-960x640.jpg\" alt=\"BD \u00e9glise st joseph roubaix\" width=\"960\" height=\"640\"\/><br \/>\n    Extrait de la BD sur l\u2019\u00e9glise St-Joseph. \u00a9T. Hubrecht et B. Joan<\/p>\n<p class=\" wall-content\">\u00ab\u2009Nous dessinons dans un groupe qui s\u2019appelle Urban Sketchers, qui investit diff\u00e9rents quartiers. Un jour, on s\u2019est dit qu\u2019il \u00e9tait temps de monter un projet ensemble, une bande dessin\u00e9e, avec Bernard pour les dessins, et moi pour le sc\u00e9nario\u2009\u00bb explique Marc Hubrecht.<\/p>\n<p class=\" wall-content\">Dans un\u00a0premier temps\u2009; ils pensent \u00e0 cr\u00e9er une sorte de s\u00e9rie. \u00ab\u2009On voulait mettre en avant des gens du territoire, des personnes dont on parle peu\u2026\u2009\u00bb r\u00e9v\u00e8le le duo.<\/p>\n<p>    <img   decoding=\"async\" loading=\"lazy\" class=\"size-large\" src=\"https:\/\/www.europesays.com\/fr\/wp-content\/uploads\/2025\/12\/c3b31b0a3429608b31b0a3429ebb31v-960x640.jpg\" alt=\"BD \u00e9glise st joseph roubaix\" width=\"960\" height=\"640\"\/><br \/>\n    Dans la BD, Marie-France Jaskula est un personnage principal\u2009! \u00a9T. Hubrecht et B. JoanCoup de c\u0153ur pour Saint-Joseph<\/p>\n<p class=\" wall-content\">En faisant des recherches sur Roubaix, ils tombent sur l\u2019\u00e9glise Saint-Joseph, \u00ab\u2009peu connue\u2009\u00bb. Cela les incite \u00e0 en savoir plus. Leur projet a \u00e9volu\u00e9 en rencontrant l\u2019ange-gardien de l\u2019\u00e9glise Saint-Joseph, Marie-France Jaskula. \u00ab\u2009On l\u2019a rencontr\u00e9e longuement en mars\u00a02023, elle incarnait vraiment tellement bien le lieu\u2009!\u2009\u00bb se souviennent les deux hommes. C\u2019est d\u00e9cid\u00e9, leur BD va se centrer sur cet \u00e9difice magnifique, \u00ab\u2009mais le vrai h\u00e9ros, c\u2019est Marie-France\u2009!\u2009\u00bb r\u00e9sume Marc. D\u2019ailleurs, l\u2019histoire commence par la rencontre des deux hommes avec la responsable des Compagnons de Saint-Joseph le 18\u00a0mars 2023, qui leur explique en d\u00e9tail l\u2019histoire de l\u2019\u00e9glise.<\/p>\n<p>    <img   decoding=\"async\" loading=\"lazy\" class=\"size-large\" src=\"https:\/\/www.europesays.com\/fr\/wp-content\/uploads\/2025\/12\/f9d4a3d00b9865ed4a3d00b9832e4av-960x640.jpg\" alt=\"Vierge marie assomption \u00e9glise st joseph Roubaix\" width=\"960\" height=\"640\"\/><br \/>\n    Vierge Marie, un des vitraux. \u00a9Anne-Sophie Hourdeaux\/Croix du Nord<\/p>\n<p>Votre r\u00e9gion, votre actu !<\/p>\n<p>Recevez chaque jour les infos qui comptent pour vous.<\/p>\n<p>\t<a href=\"https:\/\/actu.fr\/newsletter\" class=\"ac-btn ac-btn--corner ac-btn--medium ac-btn--blue800\" target=\"_blank\" rel=\"noopener\">S&rsquo;incrire<\/a><\/p>\n<p>    <img   decoding=\"async\" loading=\"lazy\" class=\"size-large\" src=\"https:\/\/www.europesays.com\/fr\/wp-content\/uploads\/2025\/12\/b35910feb6756975910feb6756b591v-960x640.jpg\" alt=\"L'\u00e9glise St-Joseph davantage ouverte en ao\u00fbt Sublimes vo\u00fbtes de l'\u00e9glise St Joseph de Roubaix. - vo\u00fbte saint joseph roubaix\" width=\"960\" height=\"640\"\/><br \/>\n    Sublimes vo\u00fbtes de l\u2019\u00e9glise Saint Joseph de Roubaix. \u00a9Anne-Sophie Hourdeaux\/Croix du NordDes anecdotes, des passages originaux<\/p>\n<p class=\" wall-content\">18\u00a0mois plus tard, la BD est pr\u00eate\u2009! C\u2019est une bande dessin\u00e9e<b> sur l\u2019histoire de l\u2019\u00e9glise, mais avec des passages originaux. <\/b>Par exemple, les tableaux du <a href=\"https:\/\/actu.fr\/tag\/musee-la-piscine\" target=\"_blank\" rel=\"noopener\">mus\u00e9e La Piscine<\/a> sur Roubaix au XIXe\u00a0si\u00e8cle s\u2019animent\u2009: \u00ab\u2009Les personnages sortent de la toile pour vivre leur vie et nous expliquer Roubaix \u00e0 l\u2019\u00e9poque\u2009!\u2009\u00bb<\/p>\n<p class=\" wall-content\"><b>Des tas de moments de vie s\u2019\u00e9gr\u00e8nent, des petits instants glan\u00e9s qui l\u2019air de rien, font pourtant la grande Histoire<\/b>\u2009: la construction, le recrutement d\u2019une apprentie, le nettoyage de l\u2019\u00e9glise, l\u2019arriv\u00e9e providentielle de \u00ab\u2009Lady Michelham\u2009\u00bb qui a permis de sauver l\u2019\u00e9glise, la r\u00e9novation et la r\u00e9ouverture apr\u00e8s 5\u00a0ans de travaux\u2026<\/p>\n<p>    <img   decoding=\"async\" loading=\"lazy\" class=\"size-large\" src=\"https:\/\/www.europesays.com\/fr\/wp-content\/uploads\/2025\/12\/460b2b0a342967a0b2b0a34294e0b2v-960x640.jpg\" alt=\"BD \u00e9glise st joseph roubaix\" width=\"960\" height=\"640\"\/><br \/>\n    La BD montre toutes les \u00e9tapes de construction de l\u2019\u00e9glise. \u00a9T. Hubrecht et B. Joan<\/p>\n<p class=\" wall-content\">Les anecdotes se succ\u00e8dent, comme cette fois o\u00f9 il a fallu faire en heure un repas pour 100\u00a0personnes dans l\u2019\u00e9glise, qui fut finalement annul\u00e9, mais les p\u00e2tes furent distribu\u00e9es sur le march\u00e9 gratuitement\u2009! Ou encore l\u2019appel aux dons en chaire de Marie-France vu les infiltrations d\u2019eau catastrophiques, qui a trouv\u00e9 un \u00e9cho inattendu avec le passage d\u2019une \u00ab\u2009lady\u2009\u00bb.<\/p>\n<p class=\" wall-content\">Il est aussi question de <b>l\u2019\u00e9volution du quartier, avec un zoom sur des moments-cl\u00e9s<\/b>, comme en 1974, quand les habitants du quartier ont d\u00fb se battre pour sauver leurs maisons de la destruction.<\/p>\n<p>Une Marie-France d\u00e9bordante d\u2019\u00e9nergie<\/p>\n<p class=\" wall-content\">Le caract\u00e8re bien tremp\u00e9 de Marie-France accompagne aussi cette histoire\u2009! Car \u00e0 Saint-Joseph comme ailleurs, ce sont les gens qui font les lieux. On la voit rencontrer nos deux acolytes, nettoyer l\u2019\u00e9glise de fond en comble, s\u2019\u00e9nerver, s\u2019activer, faire des visites guid\u00e9es, utiliser sa fameuse petite voiture\u2026<\/p>\n<p>    <img   decoding=\"async\" loading=\"lazy\" class=\"size-large\" src=\"https:\/\/www.europesays.com\/fr\/wp-content\/uploads\/2025\/12\/0baae79b867561faae79b8675a7baev-960x640.jpg\" alt=\"Deux d\u00e9fenseurs du patrimoine religieux dans une expo M.F. Jaskula et T. Sanchez. - DSC_0275\" width=\"960\" height=\"640\"\/><br \/>\n    Marie-France Jaskula, ange gardien de l\u2019\u00e9glise St-Joseph de Roubaix, et personnage principal de la future BD sur le lieu. \u00a9Anne-Sophie Hourdeaux\/Croix du Nord<\/p>\n<p class=\" wall-content\">Marc et Bernard esp\u00e8rent que leurs futurs lecteurs aient envie de visiter les lieux, \u00ab\u2009et de rencontrer Marie-France, ce serait formidable\u2009!\u2009\u00bb dit Bernard. Car <b>\u00ab\u2009mettre en valeur les gens, c\u2019est notre but\u2009!\u2009\u00bb <\/b>ajoute Marc.<\/p>\n<p class=\" wall-content\">Une nouvelle \u00e9tape s\u2019ouvre pour notre duo\u2009: \u00e9diter ce beau livre. Car l\u2019id\u00e9e de partager leurs d\u00e9couvertes les tenaille. Mais comment\u2009? Marc et Bernard ont trouv\u00e9 r\u00e9cemment une maison d\u2019\u00e9dition qui \u00e9tudie le projet. \u00c0 suivre.<\/p>\n<p class=\" wall-content\">On esp\u00e8re vivement que cette BD voit le jour rapidement pour encore plus faire conna\u00eetre l\u2019\u00e9glise Saint-Joseph et Marie-France, son ange-gardien\u2009!<\/p>\n<p class=\" wall-content\">Personnalisez votre actualit\u00e9 en ajoutant vos villes et m\u00e9dias en favori avec <a href=\"https:\/\/moncompte.actu.fr\" title=\"D\u00e9couvez Mon Actu\" rel=\"nofollow noopener\" data-trk=\"{&quot;cta&quot;:{&quot;action&quot;:&quot;https:\\\/\\\/moncompte.actu.fr&quot;,&quot;category&quot;:&quot;mon compte&quot;,&quot;from&quot;:&quot;article footer&quot;,&quot;name&quot;:&quot;Mon actu&quot;,&quot;type&quot;:&quot;cta&quot;}}\" target=\"_blank\">Mon Actu<\/a>.<\/p>\n","protected":false},"excerpt":{"rendered":"Par Anne-Sophie Hourdeaux Publi\u00e9 le 7 d\u00e9c. 2025 \u00e0 17h00 Passionn\u00e9s par le dessin et voulant valoriser leur&hellip;\n","protected":false},"author":2,"featured_media":584508,"comment_status":"","ping_status":"","sticky":false,"template":"","format":"standard","meta":{"footnotes":""},"categories":[2815],"tags":[1111,11,13153,1777,674,1011,27,811,1307,12,25,104],"class_list":{"0":"post-584507","1":"post","2":"type-post","3":"status-publish","4":"format-standard","5":"has-post-thumbnail","7":"category-lille","8":"tag-actu","9":"tag-actualites","10":"tag-bande-dessinee","11":"tag-eu","12":"tag-europe","13":"tag-fr","14":"tag-france","15":"tag-hauts-de-france","16":"tag-lille","17":"tag-news","18":"tag-republique-francaise","19":"tag-societe"},"share_on_mastodon":{"url":"https:\/\/pubeurope.com\/@fr\/115679150588683992","error":""},"_links":{"self":[{"href":"https:\/\/www.europesays.com\/fr\/wp-json\/wp\/v2\/posts\/584507","targetHints":{"allow":["GET"]}}],"collection":[{"href":"https:\/\/www.europesays.com\/fr\/wp-json\/wp\/v2\/posts"}],"about":[{"href":"https:\/\/www.europesays.com\/fr\/wp-json\/wp\/v2\/types\/post"}],"author":[{"embeddable":true,"href":"https:\/\/www.europesays.com\/fr\/wp-json\/wp\/v2\/users\/2"}],"replies":[{"embeddable":true,"href":"https:\/\/www.europesays.com\/fr\/wp-json\/wp\/v2\/comments?post=584507"}],"version-history":[{"count":0,"href":"https:\/\/www.europesays.com\/fr\/wp-json\/wp\/v2\/posts\/584507\/revisions"}],"wp:featuredmedia":[{"embeddable":true,"href":"https:\/\/www.europesays.com\/fr\/wp-json\/wp\/v2\/media\/584508"}],"wp:attachment":[{"href":"https:\/\/www.europesays.com\/fr\/wp-json\/wp\/v2\/media?parent=584507"}],"wp:term":[{"taxonomy":"category","embeddable":true,"href":"https:\/\/www.europesays.com\/fr\/wp-json\/wp\/v2\/categories?post=584507"},{"taxonomy":"post_tag","embeddable":true,"href":"https:\/\/www.europesays.com\/fr\/wp-json\/wp\/v2\/tags?post=584507"}],"curies":[{"name":"wp","href":"https:\/\/api.w.org\/{rel}","templated":true}]}}