{"id":584509,"date":"2025-12-07T16:08:18","date_gmt":"2025-12-07T16:08:18","guid":{"rendered":"https:\/\/www.europesays.com\/fr\/584509\/"},"modified":"2025-12-07T16:08:18","modified_gmt":"2025-12-07T16:08:18","slug":"prolonge-a-lille-ayyoub-bouaddi-affole-toujours-le-marche","status":"publish","type":"post","link":"https:\/\/www.europesays.com\/fr\/584509\/","title":{"rendered":"Prolong\u00e9 \u00e0 Lille, Ayyoub Bouaddi affole toujours le march\u00e9"},"content":{"rendered":"<p>Sur le plan sportif, Ayyoub Bouaddi s\u2019impose d\u00e9j\u00e0 comme un pilier du LOSC. Le joueur, n\u00e9 en 2007 et originaire de Senlis, ne quitte plus le onze de Bruno Genesio cette saison, avec une r\u00e9gularit\u00e9 impressionnante et pr\u00e8s d\u2019une vingtaine de rencontres disput\u00e9es. Cette stabilit\u00e9 confirme que la prolongation d\u2019Ayyoub Bouaddi jusqu\u2019en 2029 n\u2019est pas qu\u2019un geste symbolique : c\u2019est l\u2019assurance pour Lille de conserver un talent d\u00e9terminant, au moins dans l\u2019imm\u00e9diat. Et pourtant, m\u00eame au sein du club, personne n\u2019ignore que cette progression fulgurante d\u2019Ayyoub Bouaddi attire forc\u00e9ment les plus grandes puissances europ\u00e9ennes.<\/p>\n<p>Mais pour combien de temps le LOSC pourra-t-il conserver Ayyoub Bouaddi ? La question agite les d\u00e9cideurs lillois, conscients que la maturit\u00e9 technique affich\u00e9e par le joueur le place d\u00e9j\u00e0 dans une cat\u00e9gorie sup\u00e9rieure. Le march\u00e9 observe, analyse, et les premiers contacts n\u2019ont pas tard\u00e9 \u00e0 survenir.<\/p>\n","protected":false},"excerpt":{"rendered":"Sur le plan sportif, Ayyoub Bouaddi s\u2019impose d\u00e9j\u00e0 comme un pilier du LOSC. Le joueur, n\u00e9 en 2007&hellip;\n","protected":false},"author":2,"featured_media":584510,"comment_status":"","ping_status":"","sticky":false,"template":"","format":"standard","meta":{"footnotes":""},"categories":[2815],"tags":[69610,1111,11,69788,69790,448,1777,449,674,1011,27,811,66,447,5843,1307,12,91,25,69789,69791],"class_list":{"0":"post-584509","1":"post","2":"type-post","3":"status-publish","4":"format-standard","5":"has-post-thumbnail","7":"category-lille","8":"tag-a-bouaddi","9":"tag-actu","10":"tag-actualites","11":"tag-athletic-bilbao","12":"tag-athletic-bilbao-vs-paris-saint-germain","13":"tag-champions-league","14":"tag-eu","15":"tag-europa-league","16":"tag-europe","17":"tag-fr","18":"tag-france","19":"tag-hauts-de-france","20":"tag-ligue-1","21":"tag-ligue-des-champions","22":"tag-ligue-europa","23":"tag-lille","24":"tag-news","25":"tag-paris-saint-germain","26":"tag-republique-francaise","27":"tag-young-boys","28":"tag-young-boys-vs-lille"},"share_on_mastodon":{"url":"https:\/\/pubeurope.com\/@fr\/115679153951797590","error":""},"_links":{"self":[{"href":"https:\/\/www.europesays.com\/fr\/wp-json\/wp\/v2\/posts\/584509","targetHints":{"allow":["GET"]}}],"collection":[{"href":"https:\/\/www.europesays.com\/fr\/wp-json\/wp\/v2\/posts"}],"about":[{"href":"https:\/\/www.europesays.com\/fr\/wp-json\/wp\/v2\/types\/post"}],"author":[{"embeddable":true,"href":"https:\/\/www.europesays.com\/fr\/wp-json\/wp\/v2\/users\/2"}],"replies":[{"embeddable":true,"href":"https:\/\/www.europesays.com\/fr\/wp-json\/wp\/v2\/comments?post=584509"}],"version-history":[{"count":0,"href":"https:\/\/www.europesays.com\/fr\/wp-json\/wp\/v2\/posts\/584509\/revisions"}],"wp:featuredmedia":[{"embeddable":true,"href":"https:\/\/www.europesays.com\/fr\/wp-json\/wp\/v2\/media\/584510"}],"wp:attachment":[{"href":"https:\/\/www.europesays.com\/fr\/wp-json\/wp\/v2\/media?parent=584509"}],"wp:term":[{"taxonomy":"category","embeddable":true,"href":"https:\/\/www.europesays.com\/fr\/wp-json\/wp\/v2\/categories?post=584509"},{"taxonomy":"post_tag","embeddable":true,"href":"https:\/\/www.europesays.com\/fr\/wp-json\/wp\/v2\/tags?post=584509"}],"curies":[{"name":"wp","href":"https:\/\/api.w.org\/{rel}","templated":true}]}}