{"id":584511,"date":"2025-12-07T16:09:11","date_gmt":"2025-12-07T16:09:11","guid":{"rendered":"https:\/\/www.europesays.com\/fr\/584511\/"},"modified":"2025-12-07T16:09:11","modified_gmt":"2025-12-07T16:09:11","slug":"jusquau-20-decembre-la-caisse-depargne-en-met-plein-les-yeux","status":"publish","type":"post","link":"https:\/\/www.europesays.com\/fr\/584511\/","title":{"rendered":"jusqu&rsquo;au 20 d\u00e9cembre, la Caisse d&rsquo;Epargne en met plein les yeux"},"content":{"rendered":"<p>Des sourires et de l&rsquo;\u00e9motion. Ce vendredi 5 d\u00e9cembre, la magie de No\u00ebl s&rsquo;est install\u00e9e place Estrangin Pastr\u00e9, dans le <a href=\"https:\/\/www.laprovence.com\/bouches-du-rhone\/marseille-13055\" target=\"_blank\" rel=\"noopener\">6e arrondissement de Marseille<\/a>, o\u00f9 la <a href=\"https:\/\/www.laprovence.com\/article\/societe\/4818321724883414\/la-caisse-d-epargne-cepac-se-mobilise-pour-octobre-rose\" target=\"_blank\" rel=\"noopener\">Caisse d&rsquo;\u00c9pargne CEPAC<\/a> a inaugur\u00e9 son tout premier spectacle son et lumi\u00e8re sur la fa\u00e7ade de son si\u00e8ge historique, \u00e0 l&rsquo;occasion des f\u00eates de fin d&rsquo;ann\u00e9e.<\/p>\n<p>Une centaine de personnes ont assist\u00e9 au lancement officiel de cette l&rsquo;installation lumineuse marqu\u00e9 par la pr\u00e9sence de la troupe Divin&rsquo; Gospel, du P\u00e8re No\u00ebl, des mascottes en pain d&rsquo;\u00e9pice et des lutins farceurs qui ont ravi les enfants venus nombreux.<\/p>\n<p>\u00ab\u00a0C&rsquo;est un b\u00e2timent que beaucoup de Marseillais connaissent, parfois depuis l&rsquo;enfance. Nous avons \u00e0 c\u0153ur d&rsquo;en faire un lieu ouvert et vivant, un lieu de rencontres et d&rsquo;\u00e9changes. Nous sommes heureux, en tant que banque r\u00e9gionale profond\u00e9ment marseillaise, de contribuer \u00e0 embellir notre ville et partager un peu de magie avec tous ceux qui la traversent, a d\u00e9clar\u00e9 Christine Fabresse, pr\u00e9sidente du Directoire de la Caisse d&rsquo;\u00c9pargne CEPAC.<\/p>\n<p>Pour celles et ceux qui auraient manqu\u00e9 le lancement, <strong>le spectacle restera visible tous les soirs de 18 h \u00e0 21 h, jusqu&rsquo;au 20 d\u00e9cembre<\/strong>.\u00a0<\/p>\n","protected":false},"excerpt":{"rendered":"Des sourires et de l&rsquo;\u00e9motion. Ce vendredi 5 d\u00e9cembre, la magie de No\u00ebl s&rsquo;est install\u00e9e place Estrangin Pastr\u00e9,&hellip;\n","protected":false},"author":2,"featured_media":584512,"comment_status":"","ping_status":"","sticky":false,"template":"","format":"standard","meta":{"footnotes":""},"categories":[2814],"tags":[17,1111,11,35515,49832,1777,674,1011,27,27607,2831,15926,884,12,882,25,3711,3140],"class_list":{"0":"post-584511","1":"post","2":"type-post","3":"status-publish","4":"format-standard","5":"has-post-thumbnail","7":"category-marseille","8":"tag-17","9":"tag-actu","10":"tag-actualites","11":"tag-caisse","12":"tag-decembre","13":"tag-eu","14":"tag-europe","15":"tag-fr","16":"tag-france","17":"tag-jusquau","18":"tag-loisirs-traditions","19":"tag-lumiere","20":"tag-marseille","21":"tag-news","22":"tag-provence-alpes-cote-dazur","23":"tag-republique-francaise","24":"tag-son","25":"tag-spectacle"},"share_on_mastodon":{"url":"https:\/\/pubeurope.com\/@fr\/115679157662485258","error":""},"_links":{"self":[{"href":"https:\/\/www.europesays.com\/fr\/wp-json\/wp\/v2\/posts\/584511","targetHints":{"allow":["GET"]}}],"collection":[{"href":"https:\/\/www.europesays.com\/fr\/wp-json\/wp\/v2\/posts"}],"about":[{"href":"https:\/\/www.europesays.com\/fr\/wp-json\/wp\/v2\/types\/post"}],"author":[{"embeddable":true,"href":"https:\/\/www.europesays.com\/fr\/wp-json\/wp\/v2\/users\/2"}],"replies":[{"embeddable":true,"href":"https:\/\/www.europesays.com\/fr\/wp-json\/wp\/v2\/comments?post=584511"}],"version-history":[{"count":0,"href":"https:\/\/www.europesays.com\/fr\/wp-json\/wp\/v2\/posts\/584511\/revisions"}],"wp:featuredmedia":[{"embeddable":true,"href":"https:\/\/www.europesays.com\/fr\/wp-json\/wp\/v2\/media\/584512"}],"wp:attachment":[{"href":"https:\/\/www.europesays.com\/fr\/wp-json\/wp\/v2\/media?parent=584511"}],"wp:term":[{"taxonomy":"category","embeddable":true,"href":"https:\/\/www.europesays.com\/fr\/wp-json\/wp\/v2\/categories?post=584511"},{"taxonomy":"post_tag","embeddable":true,"href":"https:\/\/www.europesays.com\/fr\/wp-json\/wp\/v2\/tags?post=584511"}],"curies":[{"name":"wp","href":"https:\/\/api.w.org\/{rel}","templated":true}]}}