{"id":584515,"date":"2025-12-07T16:11:12","date_gmt":"2025-12-07T16:11:12","guid":{"rendered":"https:\/\/www.europesays.com\/fr\/584515\/"},"modified":"2025-12-07T16:11:12","modified_gmt":"2025-12-07T16:11:12","slug":"lextreme-gauche-est-un-cancer-pour-notre-democratie","status":"publish","type":"post","link":"https:\/\/www.europesays.com\/fr\/584515\/","title":{"rendered":"L&rsquo;extr\u00eame-gauche est un cancer pour notre d\u00e9mocratie"},"content":{"rendered":"<p>Car les Terrasses du Parc accueillaient le meeting de lancement de la campagne des \u00e9lections m\u00e9tropolitaines pour la candidate RN <a href=\"https:\/\/www.lyonmag.com\/profil-personnalite-lyonnaise\/742\/tiffany-joncour\" target=\"_blank\" rel=\"noopener\">Tiffany Joncour<\/a>.<\/p>\n<p>La d\u00e9put\u00e9e avait r\u00e9uni autour d&rsquo;elle son homologue parlementaire Julien Odoul, ainsi que les 13 candidats qui tenteront avec elle de ravir la M\u00e9tropole de Lyon aux \u00e9cologistes, ou a minima constituer un groupe au conseil &#8211; ce qu&rsquo;<a href=\"https:\/\/www.lyonmag.com\/profil-personnalite-lyonnaise\/67\/andrea-kotarac\" target=\"_blank\" rel=\"noopener\">Andrea Kotarac<\/a> avait \u00e9chou\u00e9 \u00e0 faire en 2020.<\/p>\n<p>Le dispositif de forces de l&rsquo;ordre \u00e9tait d\u00e9ploy\u00e9 face \u00e0 la menace d&rsquo;une manifestation de l&rsquo;extr\u00eame-gauche. Environ 200 personnes se sont en effet r\u00e9unies aux Charpennes pour d\u00e9noncer la tenue de ce meeting. Parmi eux quelques personnalit\u00e9s comme les candidats LFI aux municipales Mathieu Garabedian (Villeurbanne) et Albert L\u00e9vy (Lyon 3e) ou encore le porte-parole de la Jeune Garde Zine-Eddine Messaoudi.<\/p>\n<p><img loading=\"lazy\" decoding=\"async\" style=\"display: block; margin-left: auto; margin-right: auto;\" src=\"https:\/\/www.europesays.com\/fr\/wp-content\/uploads\/2025\/12\/img-5075-1218.jpeg\" alt=\"\" width=\"600\" height=\"450\"\/><\/p>\n<p>\u00ab\u00a0C\u2019est inqui\u00e9tant pour notre d\u00e9mocratie, un lancement de campagne n\u2019a rien d\u2019exceptionnel, on devrait \u00eatre dans un moment de d\u00e9bat d\u00e9mocratique\u00a0\u00bb, regrette Tiffany Joncour qui s&rsquo;exprimait lors d&rsquo;une conf\u00e9rence de presse avant son meeting.<\/p>\n<p>Jusqu\u2019o\u00f9 ira cette violence ?\u00a0\u00bb, s&rsquo;inqui\u00e8te celle qui \u00ab\u00a0attend des r\u00e9actions. La pr\u00e9fecture a r\u00e9agi pour les messages anti-police projet\u00e9s samedi lors de la F\u00eate des Lumi\u00e8res, mais rien sur les messages anti-RN. Comme si c\u2019\u00e9tait normal. Au meeting, y a des curieux, des militants, ces gens-l\u00e0 ne devraient pas \u00eatre inqui\u00e9t\u00e9s\u00a0\u00bb.<\/p>\n<p>Julien Odoul \u00e0 ses c\u00f4t\u00e9s estimait que \u00ab\u00a0l&rsquo;extr\u00eame-gauche est un cancer pour notre d\u00e9mocratie et constitue une menace s\u00e9rieuse pour tous les d\u00e9mocrates et tous ceux qui ne correspondent pas \u00e0 leur id\u00e9ologie de la violence. Le dispositif de s\u00e9curit\u00e9 d\u00e9ploy\u00e9 pour ce meeting, c\u2019est choquant. \u00c7a devrait r\u00e9volter tout le monde\u00a0\u00bb.<\/p>\n<p><strong>\u00ab\u00a0On veut redonner la voix aux communes\u00a0\u00bb<\/strong><\/p>\n<p>Concernant les \u00e9lections m\u00e9tropolitaines, Tiffany Joncour s&rsquo;appuiera sur des candidats qui, pour certains, le seront aussi aux \u00e9lections municipales. C&rsquo;est le cas \u00e9videmment d&rsquo;Alexandre Dupalais, candidat UDR-RN \u00e0 Lyon et qui est investi dans la circonscription m\u00e9tropolitaine Lyon Sud-Est, mais aussi de G\u00e9rald Canon (Villeurbanne), Marco Charavia (Corbas et Portes du Sud) ou encore Tim Bouzon (D\u00e9cines et Rh\u00f4ne Amont).<\/p>\n<p>\u00ab\u00a0On veut redonner la voix aux communes\u00a0\u00bb, promet la d\u00e9put\u00e9e de la 13e circonscription du Rh\u00f4ne, qui fera campagne sur trois th\u00e8mes principaux : mobilit\u00e9s, s\u00e9curit\u00e9 et d\u00e9veloppement \u00e9conomique\/pouvoir d&rsquo;achat.<\/p>\n<p><img loading=\"lazy\" decoding=\"async\" style=\"display: block; margin-left: auto; margin-right: auto;\" src=\"https:\/\/www.europesays.com\/fr\/wp-content\/uploads\/2025\/12\/dsc-9066-44431.jpg\" alt=\"\" width=\"600\" height=\"430\"\/><\/p>\n<p>\u00ab\u00a0Il faut tourner la page de la gauche et de l\u2019extr\u00eame gauche dans toutes les municipalit\u00e9s qu\u2019elles dirigent avec des r\u00e9sultats calamiteux et d\u00e9vastateurs. Ce fut un laboratoire du pire\u00a0\u00bb, rench\u00e9rit Julien Odoul, qui qualifie le Rassemblement national de seul parti capable de \u00ab\u00a0constituer un rempart \u00e0 l&rsquo;islamogauchisme municipal. La droite lyonnaise est relativement discr\u00e8te sur les manifestations de l\u2019extr\u00eame gauche\u00a0\u00bb.<\/p>\n<p>Interrog\u00e9e sur le fait que <a href=\"https:\/\/www.lyonmag.com\/profil-personnalite-lyonnaise\/8\/jean-michel-aulas\" target=\"_blank\" rel=\"noopener\">Jean-Michel Aulas<\/a> a pr\u00e9venu que Coeur Lyonnais et Grand Coeur Lyonnais ne ferait aucune alliance avec les extr\u00eames au premier comme au second tour, Tiffany Joncour a contre-attaqu\u00e9 : \u00ab\u00a0Il dit qu\u2019il ne fera alliance avec nous ? \u00c7a tombe bien parce qu\u2019on ne veut pas s\u2019allier \u00e0 ce bloc informe, cette mascarade qui va de la droite au socialisme en passant par la macronie. Son camp est f\u00e9brile car ils savent qu\u2019ils ne pourront pas faire sans nous, sans notre groupe\u00a0\u00bb.<\/p>\n<p>Et demain ? \u00ab\u00a0Les 14 candidats vont aller sur le terrain\u00a0\u00bb, promet Tiffany Joncour. \u00ab\u00a0Chaque voix va compter et \u00eatre utile\u00a0\u00bb, concluait Julien Odoul, incitant les Grands Lyonnais \u00e0 voter pour ce scrutin, grande r\u00e9p\u00e9tition g\u00e9n\u00e9rale avant la pr\u00e9sidentielle 2027 tr\u00e8s attendue par le RN.<\/p>\n","protected":false},"excerpt":{"rendered":"Car les Terrasses du Parc accueillaient le meeting de lancement de la campagne des \u00e9lections m\u00e9tropolitaines pour la&hellip;\n","protected":false},"author":2,"featured_media":584516,"comment_status":"","ping_status":"","sticky":false,"template":"","format":"standard","meta":{"footnotes":""},"categories":[1889],"tags":[1111,11,2813,2190,2430,1109,251,1112,2811,1777,674,118,1011,27,1922,1110,1114,2428,2810,12,241,316,25,2812,517,800],"class_list":{"0":"post-584515","1":"post","2":"type-post","3":"status-publish","4":"format-standard","5":"has-post-thumbnail","7":"category-lyon","8":"tag-actu","9":"tag-actualites","10":"tag-article","11":"tag-asvel","12":"tag-auvergne-rhone-alpes","13":"tag-breves","14":"tag-culture","15":"tag-depeches","16":"tag-economique","17":"tag-eu","18":"tag-europe","19":"tag-faits-divers","20":"tag-fr","21":"tag-france","22":"tag-info","23":"tag-informations","24":"tag-infos","25":"tag-lyon","26":"tag-lyonmag","27":"tag-news","28":"tag-ol","29":"tag-politique","30":"tag-republique-francaise","31":"tag-sociale","32":"tag-sport","33":"tag-transports"},"share_on_mastodon":{"url":"https:\/\/pubeurope.com\/@fr\/115679166286615549","error":""},"_links":{"self":[{"href":"https:\/\/www.europesays.com\/fr\/wp-json\/wp\/v2\/posts\/584515","targetHints":{"allow":["GET"]}}],"collection":[{"href":"https:\/\/www.europesays.com\/fr\/wp-json\/wp\/v2\/posts"}],"about":[{"href":"https:\/\/www.europesays.com\/fr\/wp-json\/wp\/v2\/types\/post"}],"author":[{"embeddable":true,"href":"https:\/\/www.europesays.com\/fr\/wp-json\/wp\/v2\/users\/2"}],"replies":[{"embeddable":true,"href":"https:\/\/www.europesays.com\/fr\/wp-json\/wp\/v2\/comments?post=584515"}],"version-history":[{"count":0,"href":"https:\/\/www.europesays.com\/fr\/wp-json\/wp\/v2\/posts\/584515\/revisions"}],"wp:featuredmedia":[{"embeddable":true,"href":"https:\/\/www.europesays.com\/fr\/wp-json\/wp\/v2\/media\/584516"}],"wp:attachment":[{"href":"https:\/\/www.europesays.com\/fr\/wp-json\/wp\/v2\/media?parent=584515"}],"wp:term":[{"taxonomy":"category","embeddable":true,"href":"https:\/\/www.europesays.com\/fr\/wp-json\/wp\/v2\/categories?post=584515"},{"taxonomy":"post_tag","embeddable":true,"href":"https:\/\/www.europesays.com\/fr\/wp-json\/wp\/v2\/tags?post=584515"}],"curies":[{"name":"wp","href":"https:\/\/api.w.org\/{rel}","templated":true}]}}