{"id":584517,"date":"2025-12-07T16:12:16","date_gmt":"2025-12-07T16:12:16","guid":{"rendered":"https:\/\/www.europesays.com\/fr\/584517\/"},"modified":"2025-12-07T16:12:16","modified_gmt":"2025-12-07T16:12:16","slug":"la-ligne-t1-impactee-du-9-au-11-decembre","status":"publish","type":"post","link":"https:\/\/www.europesays.com\/fr\/584517\/","title":{"rendered":"la ligne T1 impact\u00e9e du 9 au 11 d\u00e9cembre"},"content":{"rendered":"<p itemprop=\"description\"><strong>Changements d\u2019horaires \u00e0 pr\u00e9voir pour la ligne de Tram T1 en ce d\u00e9but de mois de d\u00e9cembre.<\/strong><\/p>\n<p>Dans le cadre des pr\u00e9paratifs pour la future ligne de BHNS, des travaux techniques se d\u00e9rouleront les nuits des 9, 10 et 11 d\u00e9cembre 2025 dans le secteur Servient-Libert\u00e9.<\/p>\n<p>Un dispositif va \u00eatre install\u00e9 aux points o\u00f9 les fils \u00e9lectriques du tramway et du futur bus se croisent. Cela permettra de les s\u00e9parer sur le plan \u00e9lectrique, afin que chaque r\u00e9seau fonctionne ind\u00e9pendamment et en toute s\u00e9curit\u00e9.<\/p>\n<p>Les derniers d\u00e9parts complets du T1 auront lieu \u00e0 21h13 de Debourg vers IUT Feyssine et \u00e0 21h 22 dans l\u2019autre sens, puis des d\u00e9parts partiels seront assur\u00e9s de 21h20 \u00e0 0h35 de Debourg vers Place des Archives et de 22h 02 \u00e0 1h de Place des Archives vers Debourg.<\/p>\n<p>La circulation sera limit\u00e9e entre Debourg et Place des Archives, et les voyageurs devront utiliser des correspondances alternatives via le tram T4, le m\u00e9tro B ou les lignes de bus C17 et 37 pour rejoindre les zones non desservies.<\/p>\n","protected":false},"excerpt":{"rendered":"Changements d\u2019horaires \u00e0 pr\u00e9voir pour la ligne de Tram T1 en ce d\u00e9but de mois de d\u00e9cembre. Dans&hellip;\n","protected":false},"author":2,"featured_media":584518,"comment_status":"","ping_status":"","sticky":false,"template":"","format":"standard","meta":{"footnotes":""},"categories":[1889],"tags":[1111,11,2813,2190,2430,1109,251,1112,2811,1777,674,118,1011,27,1922,1110,1114,2428,2810,12,241,316,25,2812,517,800],"class_list":{"0":"post-584517","1":"post","2":"type-post","3":"status-publish","4":"format-standard","5":"has-post-thumbnail","7":"category-lyon","8":"tag-actu","9":"tag-actualites","10":"tag-article","11":"tag-asvel","12":"tag-auvergne-rhone-alpes","13":"tag-breves","14":"tag-culture","15":"tag-depeches","16":"tag-economique","17":"tag-eu","18":"tag-europe","19":"tag-faits-divers","20":"tag-fr","21":"tag-france","22":"tag-info","23":"tag-informations","24":"tag-infos","25":"tag-lyon","26":"tag-lyonmag","27":"tag-news","28":"tag-ol","29":"tag-politique","30":"tag-republique-francaise","31":"tag-sociale","32":"tag-sport","33":"tag-transports"},"share_on_mastodon":{"url":"https:\/\/pubeurope.com\/@fr\/115679169305526533","error":""},"_links":{"self":[{"href":"https:\/\/www.europesays.com\/fr\/wp-json\/wp\/v2\/posts\/584517","targetHints":{"allow":["GET"]}}],"collection":[{"href":"https:\/\/www.europesays.com\/fr\/wp-json\/wp\/v2\/posts"}],"about":[{"href":"https:\/\/www.europesays.com\/fr\/wp-json\/wp\/v2\/types\/post"}],"author":[{"embeddable":true,"href":"https:\/\/www.europesays.com\/fr\/wp-json\/wp\/v2\/users\/2"}],"replies":[{"embeddable":true,"href":"https:\/\/www.europesays.com\/fr\/wp-json\/wp\/v2\/comments?post=584517"}],"version-history":[{"count":0,"href":"https:\/\/www.europesays.com\/fr\/wp-json\/wp\/v2\/posts\/584517\/revisions"}],"wp:featuredmedia":[{"embeddable":true,"href":"https:\/\/www.europesays.com\/fr\/wp-json\/wp\/v2\/media\/584518"}],"wp:attachment":[{"href":"https:\/\/www.europesays.com\/fr\/wp-json\/wp\/v2\/media?parent=584517"}],"wp:term":[{"taxonomy":"category","embeddable":true,"href":"https:\/\/www.europesays.com\/fr\/wp-json\/wp\/v2\/categories?post=584517"},{"taxonomy":"post_tag","embeddable":true,"href":"https:\/\/www.europesays.com\/fr\/wp-json\/wp\/v2\/tags?post=584517"}],"curies":[{"name":"wp","href":"https:\/\/api.w.org\/{rel}","templated":true}]}}