{"id":584519,"date":"2025-12-07T16:14:10","date_gmt":"2025-12-07T16:14:10","guid":{"rendered":"https:\/\/www.europesays.com\/fr\/584519\/"},"modified":"2025-12-07T16:14:10","modified_gmt":"2025-12-07T16:14:10","slug":"ratp-et-sncf-les-perturbations-attendues-dans-les-transports-a-paris-et-en-ile-de-france-cette-semaine-29","status":"publish","type":"post","link":"https:\/\/www.europesays.com\/fr\/584519\/","title":{"rendered":"RATP et SNCF. Les perturbations attendues dans les transports \u00e0 Paris et en \u00cele-de-France cette semaine"},"content":{"rendered":"<p>                    Par<br \/>\n        <strong><br \/>\n            <a href=\"https:\/\/actu.fr\/auteur\/antoine-grotteria02\" title=\"Consulter tous les articles de Antoine Grotteria\" target=\"_blank\" rel=\"noopener\">Antoine Grotteria<\/a><br \/>\n                    <\/strong><\/p>\n<p>        Publi\u00e9 le<\/p>\n<p>            7 d\u00e9c. 2025 \u00e0 17h02        <\/p>\n<p>Des tracas dans les <a href=\"https:\/\/actu.fr\/tag\/transport\" target=\"_blank\" rel=\"noopener\">transports en commun<\/a>. Cette semaine du lundi 8 au dimanche 14 d\u00e9cembre 2025, le <a href=\"https:\/\/actu.fr\/tag\/metro\" target=\"_blank\" rel=\"noopener\">m\u00e9tro<\/a>, le RER, le Transilien et le tramway seront perturb\u00e9s \u00e0 <a href=\"https:\/\/actu.fr\/paris\/\" target=\"_blank\" rel=\"noopener\">Paris<\/a> et en <a href=\"https:\/\/actu.fr\/ile-de-france\/\" target=\"_blank\" rel=\"noopener\">\u00cele-de-France<\/a>. Actu Paris a recens\u00e9 les lignes\u00a0<a href=\"https:\/\/actu.fr\/tag\/sncf\" target=\"_blank\" rel=\"noopener\">SNCF\u00a0<\/a>et\u00a0<a href=\"https:\/\/actu.fr\/tag\/ratp\" target=\"_blank\" rel=\"noopener\">RATP\u00a0<\/a>concern\u00e9es.\u00a0<\/p>\n<p class=\" wall-content\"><strong>M\u00e9tro<\/strong><\/p>\n<ul class=\" wall-content\">\n<li><strong>Ligne 1<\/strong> : jusqu\u2019au 4 janvier, le week-end de 16 heures \u00e0 23h45, les acc\u00e8s \u00e0 la station Tuileries sont ferm\u00e9s par mesures de s\u00e9curit\u00e9.\u00a0<\/li>\n<\/ul>\n<p class=\" wall-content\"><strong>RER\u00a0<\/strong><\/p>\n<ul class=\" wall-content\">\n<li><strong>RER A<\/strong> : du lundi au vendredi, d\u00e8s 21h50, le trafic est interrompu entre Cergy\u2006\u2013\u2006Le Haut et Maisons-Laffitte en raison de travaux. Bus de remplacement \u00e0 Sartrouville. Jusqu\u2019au 13 d\u00e9cembre, du mardi au samedi, le trafic est interrompu de Cergy\u2013Le Haut \u00e0 Maisons-Laffitte en raison de travaux. Bus entre les deux stations.\u00a0<\/li>\n<li><strong>RER B<\/strong> : du lundi au vendredi, d\u00e8s 22h45, \u00a0le trafic est interrompu entre Gare du Nord et A\u00e9roport Charles de Gaulle 2\u2013TGV \u2022 Mitry\u2013Claye en raison de travaux d\u2019entretien.\u00a0<\/li>\n<li><strong>RER C<\/strong> : jusqu\u2019au 19 d\u00e9cembre, d\u00e8s 23h45, le trafic est interrompu de Javel vers Saint-Quentin en Yvelines Report : Ligne N, lignes de bus de ville 169 ou 171. Motif travaux sur le r\u00e9seau ferroviaire. Du lundi 1er au vendredi 19 d\u00e9cembre, sauf le samedi et le dimanche, d\u00e8s 23h45, le trafic est interrompu entre Versailles Ch\u00e2teau Rive Gauche et Javel. Motif : travaux sur le r\u00e9seau ferroviaire. Du lundi au vendredi, d\u00e8s 23h30, le trafic est interrompu entre Gare d\u2019Austerlitz et Dourdan \u2022 Saint-Martin d\u2019\u00c9tampes en raison de travaux. Du lundi au vendredi 19 d\u00e9cembre, \u00e0 partir de 23 heures, le trafic est interrompu entre Juvisy et Paris Austerlitz. M\u00eame chose entre Paris Austerlitz et Pont de Rungis. Jusqu\u2019au 11 janvier, l\u2019arr\u00eat n\u2019est pas desservi \u00e0 Issy vers Dourdan la For\u00eat, Saint-Martin d\u2019\u00c9tampes et Massy\u2006\u2013\u2006Palaiseau en raison de travaux. Dimanche 14 d\u00e9cembre, \u00e0 partir de 23h45, le trafic est interrompu entre Paris Austerlitz et Dourdan\/Saint-Martin d\u2019Etampes.\u00a0<\/li>\n<li><strong>RER D<\/strong> : du lundi au vendredi, \u00e0 partir de 23h35, le trafic est interrompu entre Paris Gare du Nord et Creil. Jusqu\u2019au 24 d\u00e9cembre, du lundi au vendredi d\u00e8s 23h30, le trafic est interrompu entre Gare du Nord et Gare de Lyon en raison de travaux. Jusqu\u2019au vendredi 12 d\u00e9cembre, le trafic est interrompu de Villeneuve S Georges vers Corbeil-Essonnes \u00e0 partir de 23h15. Jusqu\u2019au 12 d\u00e9cembre, du lundi au vendredi \u00e0 partir de 23h20, le trafic est interrompu entre Gare du Nord et Creil en raison de travaux. Jusqu\u2019au vendredi 12 d\u00e9cembre, \u00e0 partir de 22h30, les gares entre Paris Gare de Lyon et Villeneuve Saint-Georges ne sont pas desservies. M\u00eame chose pour Cr\u00e9teil Pompadour, Villeneuve Triage, Le Vert de Maisons et Maisons-Alfort. Du lundi au vendredi, de 9h30 \u00e0 16 heures, all\u00e8gement du plan de transport entre Villeneuve S Georges et Melun de circulation. Pr\u00e9voyez 1 train sur 2 terminus.\u00a0<\/li>\n<li><strong>RER E<\/strong> : du lundi au vendredi \u00e0 partir de 22h45, le trafic est interrompu entre Nanterre-la-Folie et Chelles Gournay. Jusqu\u2019au vendredi 12 d\u00e9cembre, les soirs en semaine, d\u00e8s 20h55, le trafic est interrompu entre Nanterre\u2013La Folie et Tournan (travaux sur le r\u00e9seau ferroviaire)<\/li>\n<\/ul>\n<p class=\" wall-content\"><strong>Transilien\u00a0<\/strong><\/p>\n<ul class=\" wall-content\">\n<li><strong>Ligne J<\/strong> : jusqu\u2019au 12 d\u00e9cembre, du lundi au vendredi d\u00e8s 21h40, le trafic est interrompu entre Gare Saint-Lazare et Mantes-la-Jolie via Poissy. Bus de remplacement.\u00a0<\/li>\n<li><strong>Ligne K<\/strong> : samedi 13 d\u00e9cembre, de 5 heures \u00e0 7h15, le trafic est interrompu entre Cr\u00e9py-en-Valois et Mitry \u2013 Claye. Du 6 d\u00e9cembre au 21 d\u00e9cembre, le samedi, le trafic sera interrompu entre Mitry\u2006\u2013\u2006Claye et Cr\u00e9py-en-Valois. Bus de remplacement. En raison de travaux, le trafic est interrompu entre Cr\u00e9py-en-Valois et Mitry \u2013 Claye du vendredi \u00e0 partir de 21h15 jusqu\u2019au samedi \u00e0 06h30 du vendredi 05 au samedi 20 d\u00e9cembre inclus. Un service de bus de remplacement est mis en place. En semaine de soir\u00e9e jusqu\u2019au samedi matin, du lundi 19 mai au samedi 20 d\u00e9cembre, le trafic est interrompu entre Gare du Nord et Cr\u00e9py-en-Valois. En raison de travaux sur le r\u00e9seau ferroviaire, le trafic est interrompu sur l\u2019ensemble de la ligne jusqu\u2019au vendredi 19 d\u00e9cembre inclus en semaine uniquement de 21h15 \u00e0 fin de service. Un service de bus de remplacement est mis en place.<\/li>\n<li><strong>Ligne L<\/strong> : jusqu\u2019au 19 d\u00e9cembre, du lundi au vendredi d\u00e8s 21h50, le trafic est interrompu entre Saint-Cloud et Versailles Rive Droite. Bus de remplacement.<\/li>\n<li><strong>Ligne N<\/strong> : Du 8 d\u00e9cembre au 12 d\u00e9cembre inclus, du lundi au vendredi d\u00e8s 21 heures, le trafic sera interrompu de Gare Montparnasse vers Mantes-la-Jolie en raison de travaux. M\u00eame chose entre Montparnasse et Dreux d\u00e8s 22h30, et entre Rambouillet et Saint-Cyr d\u00e8s 23h30.\u00a0<\/li>\n<li><strong>Ligne P<\/strong> : du lundi 1er au vendredi 12 d\u00e9cembre, le trafic est interrompu entre Meaux et La Fert\u00e9-Milon d\u00e8s 22 heures. En semaine \u00e0 partir de 20h45 du 24 novembre au 19 d\u00e9cembre : trafic interrompu entre Paris Est et Provins. Du lundi au vendredi, \u00e0 partir de 22 heures, le trafic est interrompu entre Paris Est et Ch\u00e2teau-Thierry. En semaine \u00e0 partir de 21h30, jusqu\u2019au vendredi 19 d\u00e9cembre. Le trafic est interrompu entre Paris Est et Coulommiers.<\/li>\n<li><strong>Ligne R<\/strong> : jusqu\u2019au vendredi 12 d\u00e9cembre, \u00e0 partir de 0 heure, le trafic est interrompu entre Moret Veneux les S. et Montargis. Jusqu\u2019au vendredi 12 d\u00e9cembre, d\u00e8s 22 heures, le trafic est interrompu de Montargis vers Paris Gare de Lyon. En raison de travaux, le trafic est interrompu entre Moret Veneux les S. et Montargis du 1er au 12 d\u00e9cembre inclus en semaine uniquement de 00h \u00e0 fin de service. Un service de bus de remplacement est mis en place.\u00a0<\/li>\n<li><strong>Ligne U<\/strong> : du lundi 01 au vendredi 19 d\u00e9cembre, \u00e0 partir de 22 heures en semaine, le trafic est interrompu entre La D\u00e9fense et La Verri\u00e8re.\u00a0<\/li>\n<\/ul>\n<p class=\" wall-content\"><strong>Tramway<\/strong><\/p>\n<ul class=\" wall-content\">\n<li><strong>T1<\/strong> : le trafic est interrompu\u00a0entre Asni\u00e8res \u2013 Quatre Routes et Gare de Saint-Denis\u00a0et perturb\u00e9 sur le reste de la ligne\u00a0en raison d\u2019une d\u00e9gradation par un tiers\u00a0\u00e0 L\u2019\u00cele-Saint-Denis.\u00a0Reprise des circulations envisag\u00e9e \u00e0 l\u2019\u00e9t\u00e9 2026.<\/li>\n<li><strong>T2<\/strong> : jusqu\u2019\u00e0 fin f\u00e9vrier 2026,\u00a0le trafic est interrompu\u00a0entre\u00a0Porte de Versailles\u00a0et\u00a0Suzanne Lenglen\u00a0en raison d\u2019importants travaux de modernisation.<br \/>Pour rejoindre la Porte de Versailles, depuis Suzanne Lenglen, rejoindre \u00e0 pied la station Balard du T3a.<\/li>\n<li><strong>T4<\/strong> : Du 8 au 12 d\u00e9cembre, le trafic est interrompu entre les stations Gargan et Aulnay-sous-Bois \u00e0 partir de 22h55 en raison de travaux.<\/li>\n<\/ul>\n<p class=\" wall-content\">Personnalisez votre actualit\u00e9 en ajoutant vos villes et m\u00e9dias en favori avec <a href=\"https:\/\/moncompte.actu.fr\" title=\"D\u00e9couvez Mon Actu\" rel=\"nofollow noopener\" data-trk=\"{&quot;cta&quot;:{&quot;action&quot;:&quot;https:\\\/\\\/moncompte.actu.fr&quot;,&quot;category&quot;:&quot;mon compte&quot;,&quot;from&quot;:&quot;article footer&quot;,&quot;name&quot;:&quot;Mon actu&quot;,&quot;type&quot;:&quot;cta&quot;}}\" target=\"_blank\">Mon Actu<\/a>.<\/p>\n","protected":false},"excerpt":{"rendered":"Par Antoine Grotteria Publi\u00e9 le 7 d\u00e9c. 2025 \u00e0 17h02 Des tracas dans les transports en commun. Cette&hellip;\n","protected":false},"author":2,"featured_media":584520,"comment_status":"","ping_status":"","sticky":false,"template":"","format":"standard","meta":{"footnotes":""},"categories":[1592],"tags":[1111,11,1777,674,1011,27,662,12,626,625,25,2215,104,2803],"class_list":{"0":"post-584519","1":"post","2":"type-post","3":"status-publish","4":"format-standard","5":"has-post-thumbnail","7":"category-ile-de-france","8":"tag-actu","9":"tag-actualites","10":"tag-eu","11":"tag-europe","12":"tag-fr","13":"tag-france","14":"tag-ile-de-france","15":"tag-news","16":"tag-paris","17":"tag-ratp","18":"tag-republique-francaise","19":"tag-sncf","20":"tag-societe","21":"tag-transport"},"share_on_mastodon":{"url":"https:\/\/pubeurope.com\/@fr\/115679177274252329","error":""},"_links":{"self":[{"href":"https:\/\/www.europesays.com\/fr\/wp-json\/wp\/v2\/posts\/584519","targetHints":{"allow":["GET"]}}],"collection":[{"href":"https:\/\/www.europesays.com\/fr\/wp-json\/wp\/v2\/posts"}],"about":[{"href":"https:\/\/www.europesays.com\/fr\/wp-json\/wp\/v2\/types\/post"}],"author":[{"embeddable":true,"href":"https:\/\/www.europesays.com\/fr\/wp-json\/wp\/v2\/users\/2"}],"replies":[{"embeddable":true,"href":"https:\/\/www.europesays.com\/fr\/wp-json\/wp\/v2\/comments?post=584519"}],"version-history":[{"count":0,"href":"https:\/\/www.europesays.com\/fr\/wp-json\/wp\/v2\/posts\/584519\/revisions"}],"wp:featuredmedia":[{"embeddable":true,"href":"https:\/\/www.europesays.com\/fr\/wp-json\/wp\/v2\/media\/584520"}],"wp:attachment":[{"href":"https:\/\/www.europesays.com\/fr\/wp-json\/wp\/v2\/media?parent=584519"}],"wp:term":[{"taxonomy":"category","embeddable":true,"href":"https:\/\/www.europesays.com\/fr\/wp-json\/wp\/v2\/categories?post=584519"},{"taxonomy":"post_tag","embeddable":true,"href":"https:\/\/www.europesays.com\/fr\/wp-json\/wp\/v2\/tags?post=584519"}],"curies":[{"name":"wp","href":"https:\/\/api.w.org\/{rel}","templated":true}]}}