{"id":584525,"date":"2025-12-07T16:17:12","date_gmt":"2025-12-07T16:17:12","guid":{"rendered":"https:\/\/www.europesays.com\/fr\/584525\/"},"modified":"2025-12-07T16:17:12","modified_gmt":"2025-12-07T16:17:12","slug":"violeur-le-spectacle-dary-abittan-a-paris-interrompu-par-lintervention-de-plusieurs-militantes-feministes","status":"publish","type":"post","link":"https:\/\/www.europesays.com\/fr\/584525\/","title":{"rendered":"\u00ab\u00a0Violeur\u00a0\u00bb\u00a0: le spectacle d\u2019Ary Abittan \u00e0 Paris interrompu par l\u2019intervention de plusieurs militantes f\u00e9ministes"},"content":{"rendered":"<p class=\"paragraph text_align_left lp-f-body-02\">L\u2019artiste a \u00e9t\u00e9 rattrap\u00e9 par ses affaires judiciaires. Ce samedi, le spectacle de <a href=\"https:\/\/www.leparisien.fr\/culture-loisirs\/humour\/jai-traverse-cette-epreuve-ary-abittan-nest-pas-en-colere-contre-la-femme-qui-la-accuse-de-viol-et-lui-pardonne-07-11-2025-BTYARSRSURBN5OGPS7ILOW7M24.php\" target=\"_blank\" rel=\"noreferrer noopener\">l\u2019humoriste Ary Abittan<\/a>, au th\u00e9\u00e2tre des<a href=\"https:\/\/www.leparisien.fr\/culture-loisirs\/la-folle-histoire-des-folies-bergere-dun-magasin-de-literie-au-temple-de-la-danse-nue-06-11-2021-IZSWJ5QRMJHGPAD35KGUHO2KEM.php\" target=\"_blank\" rel=\"noopener\"> Folies Berg\u00e8res<\/a>, dans le IXe arrondissement de Paris, a \u00e9t\u00e9 interrompu par l\u2019intervention de plusieurs militantes f\u00e9ministes du collectif Nous Toutes, comme le rapportent <a href=\"https:\/\/actu.fr\/ile-de-france\/paris_75056\/ary-abittan-violeur-a-paris-un-collectif-feministe-perturbe-un-spectacle-de-l-humoriste_63541936.html\" target=\"_blank\" rel=\"noreferrer noopener\">Actu Paris <\/a>et Le Media.<\/p>\n<p class=\"paragraph text_align_left lp-f-body-02\">Selon le collectif <a href=\"https:\/\/www.leparisien.fr\/sentinelles\/noustoutes-caroline-de-haas-quitte-le-mouvement-feministe-quelle-a-cree-23-11-2021-IMNRPDBDSFC7LLXVWHWRW5RBUM.php\" target=\"_blank\" rel=\"noreferrer noopener\">Nous Toutes<\/a> Paris Nord, \u00ab quatre militantes \u00bb sont intervenues aux alentours de 20 heures, \u00e9quip\u00e9es d\u2019un masque d\u2019Ary Abittan o\u00f9 la mention \u00ab violeur \u00bb figurait sur le front. Une r\u00e9f\u00e9rence \u00e0 l\u2019accusation de viol sur une jeune femme de 24 ans qui a vis\u00e9 l\u2019acteur en 2021. \u00ab Ary Abittan violeur \u00bb, ont \u00e9galement scand\u00e9 les activistes f\u00e9ministes, avant d\u2019\u00eatre \u00e9vacu\u00e9es par la s\u00e9curit\u00e9 et hu\u00e9es par le public.<\/p>\n<p class=\"paragraph text_align_left lp-f-body-02\">Le collectif Nous Toutes assure que ses membres ont subi \u00ab des coups au visage \u00bb lors de leur \u00e9vacuation. \u00ab P\u00e9tasse \u00bb, \u00ab cassez-vous \u00bb, peut-on \u00e9galement entendre sur les images film\u00e9es par Le M\u00e9dia.<\/p>\n<p>Un non-lieu confirm\u00e9 en appel<\/p>\n<p class=\"paragraph text_align_left lp-f-body-02\">L\u2019humoriste de 51 ans a fait son retour sur sc\u00e8ne avec un spectacle intitul\u00e9 \u00ab Authentique \u00bb, trois ans apr\u00e8s son retrait de la vie publique en raison de l\u2019enqu\u00eate pour viol qui le visait.<\/p>\n<p class=\"paragraph text_align_left lp-f-body-02\">L\u2019acteur de \u00ab Qu\u2019est-ce qu\u2019on a fait au bon Dieu ? \u00bb a \u00e9t\u00e9 mis en examen et soumis \u00e0 un contr\u00f4le judiciaire dans le cadre de cette affaire, avant que la justice ne prononce <a href=\"https:\/\/www.leparisien.fr\/faits-divers\/affaire-ary-abittan-lacteur-accuse-de-viol-beneficie-dun-non-lieu-03-04-2024-HBVJUCWZRVDXROPL2LUF3IVH6M.php\" target=\"_blank\" rel=\"noreferrer noopener\">un non-lieu en avril 2024<\/a>. Une d\u00e9cision confirm\u00e9e en appel en janvier 2025.<\/p>\n<p class=\"paragraph text_align_left lp-f-body-02\">De son c\u00f4t\u00e9, le collectif Nous Toutes rappelle qu\u2019\u00ab un non-lieu n\u2019est pas un acquittement, c\u2019est juste la fin des poursuites \u00bb. \u00ab Nous Toutes refuse de voir se d\u00e9rouler la r\u00e9int\u00e9gration m\u00e9diatique et professionnelle d\u2019un homme qui est accus\u00e9 de viol \u00bb, ajoute le collectif.<\/p>\n<p class=\"paragraph text_align_left lp-f-body-02\">En mai 2024, des militantes f\u00e9ministes s\u2019\u00e9taient d\u00e9j\u00e0 oppos\u00e9es \u00e0 un spectacle d\u2019Ary Abittan dans <a href=\"https:\/\/www.leparisien.fr\/culture-loisirs\/humour\/violeurs-on-vous-voit-des-feministes-taguent-un-theatre-de-tours-pour-protester-contre-la-venue-dary-abittan-13-05-2024-OYA5YCWT3FC45ECUUE2GFRVWGM.php\" target=\"_blank\" rel=\"noreferrer noopener\">un th\u00e9\u00e2tre de la ville de Tours<\/a>, en taguant la fa\u00e7ade du lieu.<\/p>\n<p class=\"paragraph text_align_left lp-f-body-02\">Pour l\u2019heure, Ary Abittan n\u2019a pas directement r\u00e9agi aux faits survenus samedi. L\u2019artiste a encore plusieurs dates de pr\u00e9vues fin 2025 et courant 2026.<\/p>\n","protected":false},"excerpt":{"rendered":"L\u2019artiste a \u00e9t\u00e9 rattrap\u00e9 par ses affaires judiciaires. Ce samedi, le spectacle de l\u2019humoriste Ary Abittan, au th\u00e9\u00e2tre&hellip;\n","protected":false},"author":2,"featured_media":584526,"comment_status":"","ping_status":"","sticky":false,"template":"","format":"standard","meta":{"footnotes":""},"categories":[1888],"tags":[11,872,1777,674,118,1011,27,12,626,25],"class_list":{"0":"post-584525","1":"post","2":"type-post","3":"status-publish","4":"format-standard","5":"has-post-thumbnail","7":"category-paris","8":"tag-actualites","9":"tag-culture-et-loisirs","10":"tag-eu","11":"tag-europe","12":"tag-faits-divers","13":"tag-fr","14":"tag-france","15":"tag-news","16":"tag-paris","17":"tag-republique-francaise"},"share_on_mastodon":{"url":"https:\/\/pubeurope.com\/@fr\/115679189111590961","error":""},"_links":{"self":[{"href":"https:\/\/www.europesays.com\/fr\/wp-json\/wp\/v2\/posts\/584525","targetHints":{"allow":["GET"]}}],"collection":[{"href":"https:\/\/www.europesays.com\/fr\/wp-json\/wp\/v2\/posts"}],"about":[{"href":"https:\/\/www.europesays.com\/fr\/wp-json\/wp\/v2\/types\/post"}],"author":[{"embeddable":true,"href":"https:\/\/www.europesays.com\/fr\/wp-json\/wp\/v2\/users\/2"}],"replies":[{"embeddable":true,"href":"https:\/\/www.europesays.com\/fr\/wp-json\/wp\/v2\/comments?post=584525"}],"version-history":[{"count":0,"href":"https:\/\/www.europesays.com\/fr\/wp-json\/wp\/v2\/posts\/584525\/revisions"}],"wp:featuredmedia":[{"embeddable":true,"href":"https:\/\/www.europesays.com\/fr\/wp-json\/wp\/v2\/media\/584526"}],"wp:attachment":[{"href":"https:\/\/www.europesays.com\/fr\/wp-json\/wp\/v2\/media?parent=584525"}],"wp:term":[{"taxonomy":"category","embeddable":true,"href":"https:\/\/www.europesays.com\/fr\/wp-json\/wp\/v2\/categories?post=584525"},{"taxonomy":"post_tag","embeddable":true,"href":"https:\/\/www.europesays.com\/fr\/wp-json\/wp\/v2\/tags?post=584525"}],"curies":[{"name":"wp","href":"https:\/\/api.w.org\/{rel}","templated":true}]}}