{"id":584529,"date":"2025-12-07T16:19:16","date_gmt":"2025-12-07T16:19:16","guid":{"rendered":"https:\/\/www.europesays.com\/fr\/584529\/"},"modified":"2025-12-07T16:19:16","modified_gmt":"2025-12-07T16:19:16","slug":"la-production-de-defense-a-t-elle-atteint-un-pic","status":"publish","type":"post","link":"https:\/\/www.europesays.com\/fr\/584529\/","title":{"rendered":"la production de d\u00e9fense a-t-elle atteint un pic ?"},"content":{"rendered":"<dl class=\"post-meta-box flex flex-wrap items-top border-grey-lighter border-b post-meta relative z-20\">&#13;<br \/>\n                                    &#13;<br \/>\n                                    &#13;<br \/>\n                                    &#13;<\/p>\n<dt class=\"inline-block py-1 leading-5 w-1\/5 sm:1\/6 xl:w-3\/10 flex items-top font-sans text-3xs text-grey tracking-wider uppercase border-grey-lighter border-t\">&#13;<br \/>\n                                      Date                                    <\/dt>\n<p>&#13;<\/p>\n<dd class=\"inline-block w-4\/5 sm:5\/6 xl:w-7\/10 pl-1u lg:pl-0 flex-grow  py-1 font-sans text-xs leading-5 border-grey-lighter border-t\">&#13;<br \/>\n                                      7 d\u00e9cembre 2025&#13;\n                                    <\/dd>\n<p>&#13;\n                                  <\/dl>\n<p>  Ajouter<br \/>\n  Article ajout\u00e9<\/p>\n<p>  T\u00e9l\u00e9charger le PDF<br \/>\n  En cours<\/p>\n<dl class=\"post-meta-box flex flex-wrap items-top border-grey-lighter border-b post-meta relative z-20 mt-4\">&#13;<\/p>\n<dt class=\"partager inline-block py-1 leading-5 w-1\/5 sm:1\/6 xl:w-3\/10 flex items-top font-sans text-3xs text-grey tracking-wider uppercase border-grey-lighter border-t\">&#13;<br \/>\n                                      Partager                                    <\/dt>\n<p>&#13;<\/p>\n<dd class=\"partager inline-block w-4\/5 sm:5\/6 xl:w-7\/10 pl-1u lg:pl-0 flex-grow  py-1 font-sans text-xs leading-5 border-grey-lighter border-t\">&#13;<br \/>\n                                      <a target=\"_blank\" data-social=\"twitter\" class=\"text-red no-underline inline-block w-4 h-4 mr-2\" href=\"https:\/\/twitter.com\/intent\/tweet\/?text=%C3%89conomie+russe%C2%A0%3A+le+secteur+de+la+d%C3%A9fense+a-t-il+atteint+son+pic+de+capacit%C3%A9%C2%A0%3F&amp;url=https%3A%2F%2Flegrandcontinent.eu%2Ffr%2F2025%2F12%2F07%2Feconomie-russe-le-secteur-de-la-defense-a-t-il-atteint-son-pic-de-capacite%2F\" rel=\"noopener\">&#13;<br \/>\n                                          &#13;<br \/>\n                                        <\/a>&#13;<br \/>\n                                      <a target=\"_blank\" data-social=\"facebook\" class=\"text-red no-underline inline-block w-4 h-4 mr-2\" href=\"https:\/\/facebook.com\/sharer\/sharer.php?u=https%3A%2F%2Flegrandcontinent.eu%2Ffr%2F2025%2F12%2F07%2Feconomie-russe-le-secteur-de-la-defense-a-t-il-atteint-son-pic-de-capacite%2F\" rel=\"noopener\">&#13;<br \/>\n                                          &#13;<br \/>\n                                        <\/a>&#13;<br \/>\n                                      <a target=\"_blank\" data-social=\"linkedin\" class=\"text-red no-underline inline-block w-4 h-4 mr-2\" href=\"https:\/\/www.linkedin.com\/shareArticle?title=%C3%89conomie+russe%26%23160%3B%3A+le+secteur+de+la+d%C3%A9fense+a-t-il+atteint+son+pic+de+capacit%C3%A9%26%23160%3B%3F&amp;url=https%3A%2F%2Flegrandcontinent.eu%2Ffr%2F2025%2F12%2F07%2Feconomie-russe-le-secteur-de-la-defense-a-t-il-atteint-son-pic-de-capacite%2F\" rel=\"noopener\">&#13;<br \/>\n                                          &#13;<br \/>\n                                        <\/a>&#13;<br \/>\n&#13;<br \/>\n&#13;\n                                    <\/dd>\n<p>&#13;<\/p>\n<p class=\"font-sans text-black text-xs lg:text-2xs\">&#13;<br \/>\n                                          Abonnez-vous pour t\u00e9l\u00e9charger cet article en format PDF                                        <\/p>\n<p>                                        <a href=\"https:\/\/legrandcontinent.eu\/fr\/2025\/12\/07\/economie-russe-le-secteur-de-la-defense-a-t-il-atteint-son-pic-de-capacite\/\" class=\"btn-subscribe flex no-underline mt-4\" target=\"_blank\" rel=\"noopener\">&#13;<br \/>\n                                          &#13;<br \/>\n                                            \u2192&#13;<br \/>\n                                          &#13;<br \/>\n                                          &#13;<br \/>\n                                            S&rsquo;abonner                                          &#13;<br \/>\n                                        <\/a><\/p>\n<p>                                    &#13;\n                                  <\/dl>\n<p>En 2024, <a href=\"https:\/\/legrandcontinent.eu\/fr\/2025\/12\/02\/les-revenus-des-grandes-entreprises-de-larmement-ont-atteint-leurs-niveaux-les-plus-eleves-en-2024\/\" target=\"_blank\" rel=\"noopener\">les revenus combin\u00e9s des principales entreprises russes de la d\u00e9fense<\/a> dont les donn\u00e9es financi\u00e8res sont disponibles, Rostec et United Shipbuilding Corporation (OCK), ont augment\u00e9 de 23\u00a0% en glissement annuel. La production d\u2019armes est rest\u00e9e \u00e0 un niveau \u00e9lev\u00e9 l\u2019an dernier en Russie, en particulier dans les secteurs des munitions, des v\u00e9hicules blind\u00e9s, de l\u2019artillerie, des missiles et des drones, selon le SIPRI.<\/p>\n<p>Toutefois, une r\u00e9cente analyse de l\u2019Institut de pr\u00e9vision \u00e9conomique (\u0418\u041d\u041f \u0420\u0410\u041d), un centre public sp\u00e9cialis\u00e9 dans la recherche scientifique fondamentale, sugg\u00e8re que le secteur de la d\u00e9fense pourrait avoir atteint sa capacit\u00e9 maximale de production.<\/p>\n<ul class=\"wp-block-list\">\n<li>La production russe <a href=\"https:\/\/legrandcontinent.eu\/fr\/2025\/08\/25\/economie-russe-la-production-est-exclusivement-tiree-vers-le-haut-par-les-depenses-de-defense\/\" target=\"_blank\" rel=\"noopener\">d\u00e9pend d\u00e9sormais quasi-exclusivement du complexe-militaro industriel<\/a> pour sa croissance\u00a0: lorsqu\u2019on exclut celui-ci, la production se contracte chaque mois de 0,3\u00a0% par rapport au mois pr\u00e9c\u00e9dent\u00a0<a href=\"#easy-footnote-bottom-1-307582\" title=\"&lt;a href=&quot;http:\/\/www.forecast.ru\/_ARCHIVE\/Analitics\/PROM\/2025\/PR-OTR_2025-07-24.pdf&quot;&gt;\u041e \u0414\u0418\u041d\u0410\u041c\u0418\u041a\u0415 \u041f\u0420\u041e\u041c\u042b\u0428\u041b\u0415\u041d\u041d\u041e\u0413\u041e \u041f\u0420\u041e\u0418\u0417\u0412\u041e\u0414\u0421\u0422\u0412\u0410 \u0432 \u0438\u044e\u043d\u0435 \u0438 II \u043a\u0432\u0430\u0440\u0442\u0430\u043b\u0435 2025 \u0433.&lt;\/a&gt;, \u0426\u0435\u043d\u0442\u0440 \u043c\u0430\u043a\u0440\u043e\u044d\u043a\u043e\u043d\u043e\u043c\u0438\u0447\u0435\u0441\u043a\u043e\u0433\u043e \u0430\u043d\u0430\u043b\u0438\u0437\u0430 \u0438 \u043a\u0440\u0430\u0442\u043a\u043e\u0441\u0440\u043e\u0447\u043d\u043e\u0433\u043e \u043f\u0440\u043e\u0433\u043d\u043e\u0437\u0438\u0440\u043e\u0432\u0430\u043d\u0438\u044f (\u0426\u041c\u0410\u041a\u041f), 24 juillet 2025.\">1<\/a>.<\/li>\n<li>Or, apr\u00e8s presque quatre ans de guerre \u00e0 grande \u00e9chelle en Ukraine \u2014 qui a vu une hausse consid\u00e9rable des cadences de production \u2014, le secteur russe de la d\u00e9fense commence \u00e0 montrer des signes de ralentissement.<\/li>\n<li>\u00c0 la fin du mois de septembre, la fabrication de v\u00e9hicules et d\u2019\u00e9quipements pour l\u2019arm\u00e9e affichait une croissance de 106\u00a0% en glissement annuel, contre 136\u00a0% sur la p\u00e9riode janvier-ao\u00fbt, et la fabrication de produits m\u00e9talliques finis se situait \u00e0 98\u00a0% \u2014 en baisse de 20 points par rapport \u00e0 la moyenne depuis le d\u00e9but de l\u2019ann\u00e9e\u00a0<a href=\"#easy-footnote-bottom-2-307582\" title=\"&lt;a href=&quot;https:\/\/ecfor.ru\/publication\/kratkosrochnyj-analiz-dinamiki-vvp-noyabr-2025\/&quot;&gt;\u041a\u0440\u0430\u0442\u043a\u043e\u0441\u0440\u043e\u0447\u043d\u044b\u0439 \u0430\u043d\u0430\u043b\u0438\u0437 \u0434\u0438\u043d\u0430\u043c\u0438\u043a\u0438 \u0412\u0412\u041f\u00a0: \u043d\u043e\u044f\u0431\u0440\u044c 2025&lt;\/a&gt;, \u0418\u043d\u0441\u0442\u0438\u0442\u0443\u0442 \u043d\u0430\u0440\u043e\u0434\u043d\u043e\u0445\u043e\u0437\u044f\u0439\u0441\u0442\u0432\u0435\u043d\u043d\u043e\u0433\u043e \u043f\u0440\u043e\u0433\u043d\u043e\u0437\u0438\u0440\u043e\u0432\u0430\u043d\u0438\u044f \u0420\u043e\u0441\u0441\u0438\u0439\u0441\u043a\u043e\u0439 \u0430\u043a\u0430\u0434\u0435\u043c\u0438\u0438 \u043d\u0430\u0443\u043a, 10 novembre 2025.\">2<\/a>.<\/li>\n<\/ul>\n<p>Cette baisse de la production suit <a href=\"https:\/\/legrandcontinent.eu\/fr\/2025\/09\/15\/economie-russe-les-benefices-de-lentreprise-etatique-de-transport-ferroviaire-rjd-se-sont-effondres-de-96-au-premier-semestre\/\" target=\"_blank\" rel=\"noopener\">une tendance d\u00e9j\u00e0 visible<\/a> dans l\u2019industrie civile.<\/p>\n<ul class=\"wp-block-list\">\n<li>Depuis le d\u00e9but de l\u2019ann\u00e9e, plusieurs grandes entreprises dont KamAZ et LiAZ, sp\u00e9cialis\u00e9es dans la construction de v\u00e9hicules lourds, les constructeurs automobiles GAZ et AvtoVAZ ou bien Rostselmach, dans l\u2019industrie agricole, ont d\u00fb r\u00e9duire le temps de travail de leurs employ\u00e9s face \u00e0 une baisse de la demande.<\/li>\n<li>D\u00e9but octobre, Ouralvagonzavod (UVZ) \u2014 l\u2019un des principaux acteurs du complexe militaro-industriel \u2014 <a href=\"https:\/\/legrandcontinent.eu\/fr\/2025\/10\/14\/economie-russe-face-a-une-baisse-de-la-demande-civile-plusieurs-entreprises-passent-a-la-semaine-de-quatre-jours\/\" target=\"_blank\" rel=\"noopener\">a annonc\u00e9 avoir pris une d\u00e9cision similaire<\/a> pour plusieurs milliers d\u2019employ\u00e9s travaillant sur ses lignes de production \u00e0 destination du secteur civil.<\/li>\n<li>Ces groupes, qui emploient plusieurs centaines de milliers de personnes, d\u00e9clarent faire face \u00e0 une baisse de la demande ainsi qu\u2019\u00e0 une \u00ab\u00a0absence de perspectives de croissance du march\u00e9\u00a0\u00bb.<\/li>\n<\/ul>\n<p>Tandis que les sanctions compliquent l\u2019importation en Russie de composants \u00e9lectroniques n\u00e9cessaires \u00e0 la production d\u2019armement, les recrutements d\u2019ouvriers dans l\u2019arm\u00e9e contribuent \u00e0 une baisse de la main-d\u2019\u0153uvre qualifi\u00e9e.<\/p>\n<ul class=\"wp-block-list\">\n<li>Afin de pallier cette p\u00e9nurie, les entreprises de la d\u00e9fense ont multipli\u00e9 les partenariats avec des universit\u00e9s d\u2019\u00c9tat, notamment dans les cursus d\u2019ing\u00e9nieurs.<\/li>\n<li>Rostec a \u00e9galement lanc\u00e9 en novembre un programme pour former en Russie des ing\u00e9nieurs v\u00e9n\u00e9zu\u00e9liens dans le domaine des munitions, de l\u2019optique, de l\u2019informatique, de l\u2019a\u00e9ronautique et de l\u2019\u00e9lectronique\u00a0<a href=\"#easy-footnote-bottom-3-307582\" title=\"&lt;a href=&quot;https:\/\/rostec.ru\/media\/news\/rostekh-predlozhil-obuchat-venesuelskikh-studentov-v-rossiyskikh-vuzakh\/#start&quot;&gt;\u0420\u043e\u0441\u0442\u0435\u0445 \u043f\u0440\u0435\u0434\u043b\u043e\u0436\u0438\u043b \u043e\u0431\u0443\u0447\u0430\u0442\u044c \u0432\u0435\u043d\u0435\u0441\u0443\u044d\u043b\u044c\u0441\u043a\u0438\u0445 \u0441\u0442\u0443\u0434\u0435\u043d\u0442\u043e\u0432 \u0432 \u0440\u043e\u0441\u0441\u0438\u0439\u0441\u043a\u0438\u0445 \u0432\u0443\u0437\u0430\u0445&lt;\/a&gt;, Rostec, 5 novembre 2025.\">3<\/a>.<\/li>\n<\/ul>\n<p>                            <script async src=\"https:\/\/platform.twitter.com\/widgets.js\" charset=\"utf-8\"><\/script><\/p>\n","protected":false},"excerpt":{"rendered":"&#13; &#13; &#13; &#13; &#13; Date &#13; &#13; 7 d\u00e9cembre 2025&#13; &#13; Ajouter Article ajout\u00e9 T\u00e9l\u00e9charger le PDF&hellip;\n","protected":false},"author":2,"featured_media":584530,"comment_status":"","ping_status":"","sticky":false,"template":"","format":"standard","meta":{"footnotes":""},"categories":[1591],"tags":[11,1887,12,1885,1886,132],"class_list":{"0":"post-584529","1":"post","2":"type-post","3":"status-publish","4":"format-standard","5":"has-post-thumbnail","7":"category-russie","8":"tag-actualites","9":"tag-federation-de-russie","10":"tag-news","11":"tag-russia","12":"tag-russian-federation","13":"tag-russie"},"share_on_mastodon":{"url":"https:\/\/pubeurope.com\/@fr\/115679197254665811","error":""},"_links":{"self":[{"href":"https:\/\/www.europesays.com\/fr\/wp-json\/wp\/v2\/posts\/584529","targetHints":{"allow":["GET"]}}],"collection":[{"href":"https:\/\/www.europesays.com\/fr\/wp-json\/wp\/v2\/posts"}],"about":[{"href":"https:\/\/www.europesays.com\/fr\/wp-json\/wp\/v2\/types\/post"}],"author":[{"embeddable":true,"href":"https:\/\/www.europesays.com\/fr\/wp-json\/wp\/v2\/users\/2"}],"replies":[{"embeddable":true,"href":"https:\/\/www.europesays.com\/fr\/wp-json\/wp\/v2\/comments?post=584529"}],"version-history":[{"count":0,"href":"https:\/\/www.europesays.com\/fr\/wp-json\/wp\/v2\/posts\/584529\/revisions"}],"wp:featuredmedia":[{"embeddable":true,"href":"https:\/\/www.europesays.com\/fr\/wp-json\/wp\/v2\/media\/584530"}],"wp:attachment":[{"href":"https:\/\/www.europesays.com\/fr\/wp-json\/wp\/v2\/media?parent=584529"}],"wp:term":[{"taxonomy":"category","embeddable":true,"href":"https:\/\/www.europesays.com\/fr\/wp-json\/wp\/v2\/categories?post=584529"},{"taxonomy":"post_tag","embeddable":true,"href":"https:\/\/www.europesays.com\/fr\/wp-json\/wp\/v2\/tags?post=584529"}],"curies":[{"name":"wp","href":"https:\/\/api.w.org\/{rel}","templated":true}]}}