{"id":584537,"date":"2025-12-07T16:23:23","date_gmt":"2025-12-07T16:23:23","guid":{"rendered":"https:\/\/www.europesays.com\/fr\/584537\/"},"modified":"2025-12-07T16:23:23","modified_gmt":"2025-12-07T16:23:23","slug":"ghana-6781-millions-usd-dechanges-avec-lallemagne-en-2024","status":"publish","type":"post","link":"https:\/\/www.europesays.com\/fr\/584537\/","title":{"rendered":"Ghana : 678,1 millions USD d\u2019\u00e9changes avec l&rsquo;Allemagne en 2024\u00a0\u00a0"},"content":{"rendered":"<\/p>\n<p><strong>\u00c0 Accra, au Ghana, les gouvernements du Ghana et de l\u2019Allemagne ont ouvert, les 2 et 3 d\u00e9cembre 2025, des pourparlers bilat\u00e9raux de deux jours visant \u00e0 renforcer la coop\u00e9ration \u00e9conomique. Objectif : soutenir la cr\u00e9ation d\u2019emplois pour les jeunes, d\u00e9velopper le secteur priv\u00e9 et promouvoir l\u2019industrialisation, tout en alignant l\u2019aide allemande sur les priorit\u00e9s nationales du Ghana.<\/strong><\/p>\n<p>Les gouvernements du Ghana et de l\u2019Allemagne ont ouvert \u00e0 Accra, les 2 et 3 d\u00e9cembre 2025, des pourparlers bilat\u00e9raux de deux jours visant \u00e0 renforcer la coop\u00e9ration \u00e9conomique et \u00e0 aligner les priorit\u00e9s de d\u00e9veloppement. La rencontre r\u00e9unit des hauts responsables, des experts techniques et des diplomates. L\u2019objectif principal est de promouvoir la cr\u00e9ation d\u2019emplois pour les jeunes, la formation professionnelle et le d\u00e9veloppement des infrastructures locales.\u00a0<\/p>\n<blockquote class=\"wp-block-quote is-layout-flow wp-block-quote-is-layout-flow\">\n<p><strong>Plusieurs domaines doivent \u00eatre au c\u0153ur de cette coop\u00e9ration. L\u2019un d\u2019eux est la r\u00e9ussite dans le domaine de l\u2019\u00e9ducation. Nous alignons \u00e9galement ce soutien sur notre budget et essayons de nous concentrer sur les initiatives du secteur priv\u00e9.<\/strong><\/p>\n<p><strong>Thomas Nyarko Ampem<\/strong>, <strong>Ministre d\u00e9l\u00e9gu\u00e9 aux Finances<\/strong> \u2013 <strong>Ghana<\/strong><\/p>\n<\/blockquote>\n<p>Le Ghana renforce son partenariat avec l\u2019Allemagne pour acc\u00e9l\u00e9rer son industrialisation, cr\u00e9er davantage d\u2019emplois et valoriser ses mati\u00e8res premi\u00e8res locales, tout en soutenant un d\u00e9veloppement durable. Depuis 1994, 197 projets d\u2019investissement allemands ont \u00e9t\u00e9 recens\u00e9s dans le pays, g\u00e9n\u00e9rant pr\u00e8s de 6\u202f930 emplois directs, selon le Ghana Investment Promotion Centre (GIPC). Dans le cadre de l\u2019engagement de 2025, l\u2019Allemagne mobilise 65\u202fmillions d\u2019euros pour appuyer des secteurs strat\u00e9giques tels que la formation technique et professionnelle (TVET), les \u00e9nergies renouvelables et le d\u00e9veloppement du secteur priv\u00e9, tout en consolidant un cadre de coop\u00e9ration p\u00e9renne pour soutenir la croissance \u00e9conomique ghan\u00e9enne.<\/p>\n<blockquote class=\"wp-block-quote is-layout-flow wp-block-quote-is-layout-flow\">\n<p><strong>50 ans de coop\u00e9ration au d\u00e9veloppement entre l\u2019Allemagne et le Ghana, un demi-si\u00e8cle qui refl\u00e8te le parcours du Ghana, de l\u2019acc\u00e8s \u00e0 l\u2019eau et aux services de base jusqu\u2019aux emplois num\u00e9riques, aux \u00e9nergies vertes et aux capacit\u00e9s industrielles. La coop\u00e9ration au d\u00e9veloppement n\u2019est pas de l\u2019aide, c\u2019est un alignement, o\u00f9 les priorit\u00e9s du Ghana rencontrent les int\u00e9r\u00eats \u00e0 long terme de l\u2019Allemagne. C\u2019est pourquoi nous nous r\u00e9unissons maintenant, non pour dresser un inventaire de ce qui a \u00e9t\u00e9 fait, mais pour tracer ce qui vient ensuite.<\/strong><\/p>\n<p><strong>Frederik Landsh\u00f6ft<\/strong>, <strong>Ambassadeur au Ghana<\/strong> \u2013 <strong>Allemagne<\/strong><\/p>\n<\/blockquote>\n<p>Ces pourparlers bilat\u00e9raux d\u00e9montrent la vision claire du Ghana, notamment son objectif de b\u00e2tir une \u00e9conomie plus r\u00e9siliente, diversifi\u00e9e et comp\u00e9titive. Il convient de noter que les \u00e9changes commerciaux entre le Ghana et l\u2019Allemagne ont atteint 678,1 millions de dollars en 2024, selon les chiffres officiels du Ghana Investment Promotion Centre (GIPC).\u00a0\u00a0<\/p>\n","protected":false},"excerpt":{"rendered":"\u00c0 Accra, au Ghana, les gouvernements du Ghana et de l\u2019Allemagne ont ouvert, les 2 et 3 d\u00e9cembre&hellip;\n","protected":false},"author":2,"featured_media":584538,"comment_status":"","ping_status":"","sticky":false,"template":"","format":"standard","meta":{"footnotes":""},"categories":[1587],"tags":[11,672,1804,1805,1803,1777,674,1801,12,1802],"class_list":{"0":"post-584537","1":"post","2":"type-post","3":"status-publish","4":"format-standard","5":"has-post-thumbnail","7":"category-allemagne","8":"tag-actualites","9":"tag-allemagne","10":"tag-bundesrepublik-deutschland","11":"tag-de","12":"tag-deutschland","13":"tag-eu","14":"tag-europe","15":"tag-germany","16":"tag-news","17":"tag-republique-federale-dallemagne"},"share_on_mastodon":{"url":"https:\/\/pubeurope.com\/@fr\/115679212765130367","error":""},"_links":{"self":[{"href":"https:\/\/www.europesays.com\/fr\/wp-json\/wp\/v2\/posts\/584537","targetHints":{"allow":["GET"]}}],"collection":[{"href":"https:\/\/www.europesays.com\/fr\/wp-json\/wp\/v2\/posts"}],"about":[{"href":"https:\/\/www.europesays.com\/fr\/wp-json\/wp\/v2\/types\/post"}],"author":[{"embeddable":true,"href":"https:\/\/www.europesays.com\/fr\/wp-json\/wp\/v2\/users\/2"}],"replies":[{"embeddable":true,"href":"https:\/\/www.europesays.com\/fr\/wp-json\/wp\/v2\/comments?post=584537"}],"version-history":[{"count":0,"href":"https:\/\/www.europesays.com\/fr\/wp-json\/wp\/v2\/posts\/584537\/revisions"}],"wp:featuredmedia":[{"embeddable":true,"href":"https:\/\/www.europesays.com\/fr\/wp-json\/wp\/v2\/media\/584538"}],"wp:attachment":[{"href":"https:\/\/www.europesays.com\/fr\/wp-json\/wp\/v2\/media?parent=584537"}],"wp:term":[{"taxonomy":"category","embeddable":true,"href":"https:\/\/www.europesays.com\/fr\/wp-json\/wp\/v2\/categories?post=584537"},{"taxonomy":"post_tag","embeddable":true,"href":"https:\/\/www.europesays.com\/fr\/wp-json\/wp\/v2\/tags?post=584537"}],"curies":[{"name":"wp","href":"https:\/\/api.w.org\/{rel}","templated":true}]}}