{"id":584549,"date":"2025-12-07T16:32:11","date_gmt":"2025-12-07T16:32:11","guid":{"rendered":"https:\/\/www.europesays.com\/fr\/584549\/"},"modified":"2025-12-07T16:32:11","modified_gmt":"2025-12-07T16:32:11","slug":"rugby-nationale-courtise-par-des-clubs-de-top-14-un-demi-de-melee-tres-prometteur-du-racing-club-narbonnais-devrait-continuer-en-orange-et-noir","status":"publish","type":"post","link":"https:\/\/www.europesays.com\/fr\/584549\/","title":{"rendered":"Rugby \u2013 Nationale\u00a0: courtis\u00e9 par des clubs de Top 14, un demi de m\u00eal\u00e9e tr\u00e8s prometteur du Racing Club Narbonnais devrait continuer en orange et noir"},"content":{"rendered":"<p>\n                                                                Dans la continuit\u00e9 des prolongations du deuxi\u00e8me ligne Morgan Maga et du centre Th\u00e9o Gomez, selon nos informations, le Racing Club Narbonnais a trouv\u00e9 un accord avec l\u2019un de ses demis de m\u00eal\u00e9e pour le conserver.\n                            <\/p>\n<p>Il y a un mois, d\u00e9but novembre, le Racing Club Narbonnais avait d\u00e9j\u00e0 envoy\u00e9 un message fort pour son effectif de la saison prochaine. Les prolongations du deuxi\u00e8me ligne Morgan Maga et du centre Th\u00e9o Gomez, \u00e9tincelants sur la premi\u00e8re partie de saison, pour les deux prochaines saisons \u00e9taient un vrai signe de l\u2019ambition audoise.<\/p>\n<p>Ce n\u2019est plus un secret, le directeur sportif Charles Malet et le manager Jacques Delmas travaillent ensemble et ont\u00a0attaqu\u00e9 le rayon de la vingtaine de joueurs en fin de contrat \u00e0 l\u2019issue de la saison. Selon nos informations, en cette fin de semaine, le Racing aurait trouv\u00e9 un accord avec le demi de m\u00eal\u00e9e Th\u00e9o B\u00e9via pour \u00e9tendre le bail de ce jeune de 19 ans tr\u00e8s prometteur.<\/p>\n<p>L\u2019offrande bonifi\u00e9e samedi soir<\/p>\n<p>Comme \u00e0 P\u00e9rigueux il y a deux semaines (d\u00e9faite 25-20), samedi soir, contre Bourgoin-Jallieu (victoire 31-10), le num\u00e9ro\u00a09 narbonnais a dynamis\u00e9 le jeu, pris des initiatives et transform\u00e9 quelque peu le jeu du Racing. C\u2019est d\u2019ailleurs lui qui est \u00e0 l\u2019initiative de l\u2019essai du bonus offensif de Jules Veyrier en toute fin de match, sur une perc\u00e9e au c\u0153ur du jeu et une chistera apr\u00e8s contact.<\/p>\n<p>Pas pr\u00e9vu au d\u00e9part de la saison dans le programme du staff, pas si t\u00f4t en tout cas, les blessures de Pablo Barbaste et Pierrick Nova ont propuls\u00e9 Th\u00e9o B\u00e9via dans le grand bain, \u00e0 18 ans, dix jours avant son anniversaire \u00e0 Marcq-en-Bar\u0153ul (victoire 27-36), puis quatre autres feuilles de match, dont une titularisation \u00e0 Rennes (d\u00e9faite 8-3).\u00a0Et dans le rugby moderne, un joueur aussi jeune et aussi performant, m\u00eame en Nationale, attire forc\u00e9ment le regard des grosses cylindr\u00e9es.<\/p>\n<p>Certaines \u00e9curies du Top 14 ont pris des renseignements pour sonder les envies du joueur. Mais visiblement, Th\u00e9o B\u00e9via a pris sa d\u00e9cision, il devrait poursuivre son aventure en orange et noir encore plusieurs ann\u00e9es pour prendre en exp\u00e9rience et vivre encore sous le maillot cher \u00e0 son c\u0153ur.<\/p>\n","protected":false},"excerpt":{"rendered":"Dans la continuit\u00e9 des prolongations du deuxi\u00e8me ligne Morgan Maga et du centre Th\u00e9o Gomez, selon nos informations,&hellip;\n","protected":false},"author":2,"featured_media":584550,"comment_status":"","ping_status":"","sticky":false,"template":"","format":"standard","meta":{"footnotes":""},"categories":[1416],"tags":[4086,1011,27,35514,479,1468,68796,517,60],"class_list":{"0":"post-584549","1":"post","2":"type-post","3":"status-publish","4":"format-standard","5":"has-post-thumbnail","7":"category-rugby","8":"tag-aude","9":"tag-fr","10":"tag-france","11":"tag-narbonne","12":"tag-rugby","13":"tag-rugby-football","14":"tag-rugby-u00e0-xv","15":"tag-sport","16":"tag-sports"},"share_on_mastodon":{"url":"https:\/\/pubeurope.com\/@fr\/115679248078375064","error":""},"_links":{"self":[{"href":"https:\/\/www.europesays.com\/fr\/wp-json\/wp\/v2\/posts\/584549","targetHints":{"allow":["GET"]}}],"collection":[{"href":"https:\/\/www.europesays.com\/fr\/wp-json\/wp\/v2\/posts"}],"about":[{"href":"https:\/\/www.europesays.com\/fr\/wp-json\/wp\/v2\/types\/post"}],"author":[{"embeddable":true,"href":"https:\/\/www.europesays.com\/fr\/wp-json\/wp\/v2\/users\/2"}],"replies":[{"embeddable":true,"href":"https:\/\/www.europesays.com\/fr\/wp-json\/wp\/v2\/comments?post=584549"}],"version-history":[{"count":0,"href":"https:\/\/www.europesays.com\/fr\/wp-json\/wp\/v2\/posts\/584549\/revisions"}],"wp:featuredmedia":[{"embeddable":true,"href":"https:\/\/www.europesays.com\/fr\/wp-json\/wp\/v2\/media\/584550"}],"wp:attachment":[{"href":"https:\/\/www.europesays.com\/fr\/wp-json\/wp\/v2\/media?parent=584549"}],"wp:term":[{"taxonomy":"category","embeddable":true,"href":"https:\/\/www.europesays.com\/fr\/wp-json\/wp\/v2\/categories?post=584549"},{"taxonomy":"post_tag","embeddable":true,"href":"https:\/\/www.europesays.com\/fr\/wp-json\/wp\/v2\/tags?post=584549"}],"curies":[{"name":"wp","href":"https:\/\/api.w.org\/{rel}","templated":true}]}}