{"id":584557,"date":"2025-12-07T16:39:12","date_gmt":"2025-12-07T16:39:12","guid":{"rendered":"https:\/\/www.europesays.com\/fr\/584557\/"},"modified":"2025-12-07T16:39:12","modified_gmt":"2025-12-07T16:39:12","slug":"jean-pierre-foucault-enerve-a-lanimation-de-miss-france-2026-il-derape-et-insulte-un-internaute","status":"publish","type":"post","link":"https:\/\/www.europesays.com\/fr\/584557\/","title":{"rendered":"Jean-Pierre Foucault \u00e9nerv\u00e9 \u00e0 l\u2019animation de Miss France 2026 ? Il d\u00e9rape et insulte un internaute"},"content":{"rendered":"<p>Un \u00e9change sur le r\u00e9seau social X (anciennement Twitter) a suscit\u00e9 la surprise ce week-end autour de <a href=\"https:\/\/www.public.fr\/tag\/jean-pierre-foucault\" target=\"_blank\" rel=\"noopener\">Jean-Pierre Foucault<\/a>. L\u2019animateur historique de l\u2019\u00e9lection <a href=\"https:\/\/www.public.fr\/tag\/miss-france\" target=\"_blank\" rel=\"noopener\">Miss France<\/a>, habituellement connu pour son calme et son ton pos\u00e9, a en effet <strong>r\u00e9pondu de mani\u00e8re particuli\u00e8rement virulente \u00e0 un internaute<\/strong>. Le message, publi\u00e9 depuis son compte officiel, a rapidement circul\u00e9 et provoqu\u00e9 de nombreuses r\u00e9actions.<\/p>\n<p>L\u2019incident survient quelques heures apr\u00e8s l\u2019\u00e9dition annuelle de Miss France qui a sacr\u00e9 Miss Tahiti, <a href=\"https:\/\/www.public.fr\/tag\/hinaupoko-deveze\" target=\"_blank\" rel=\"noopener\">Hinaupoko Dev\u00e8ze<\/a>. P\u00e9riode durant laquelle l\u2019animateur est fortement sollicit\u00e9 sur les r\u00e9seaux et dans les m\u00e9dias. L\u2019internaute \u00e0 l\u2019origine de l\u2019\u00e9change lui adressait <strong>une critique sur son r\u00f4le et surtout sa mani\u00e8re d\u2019animer le concours<\/strong> ce samedi 6 d\u00e9cembre 2025. La r\u00e9ponse de Jean-Pierre Foucault, inattendue, a pris la forme d\u2019un tweet bref mais insultant, cr\u00e9ant en quelques minutes un d\u00e9but de pol\u00e9mique.<\/p>\n<p>Les r\u00e9actions d\u2019utilisateurs ont imm\u00e9diatement afflu\u00e9 sous la publication, beaucoup exprimant leur \u00e9tonnement de voir l\u2019animateur r\u00e9pondre de mani\u00e8re aussi directe.<\/p>\n<p><strong>Un tweet insultant sign\u00e9 du compte officiel<\/strong> de Jean-Pierre Foucault<\/p>\n<p>Le message \u00e0 l\u2019origine de la controverse provient bien du compte v\u00e9rifi\u00e9 de Jean-Pierre Foucault. Publi\u00e9 en r\u00e9ponse \u00e0 un internaute qui l\u2019interpellait au sujet de <a href=\"https:\/\/vsd.fr\/tag\/miss-france\/\" target=\"_blank\" rel=\"noopener\">l\u2019\u00e9lection Miss France<\/a>. \u00ab\u00a0Monsieur. Foucault,<strong> je vous ai trouv\u00e9 particuli\u00e8rement mauvais hier soir,<\/strong> vous ne faisiez que lire votre prompteur, n&rsquo;\u00e9tiez pas tr\u00e8s sympa avec les Miss et vous n&rsquo;\u00e9coutiez m\u00eame pas les r\u00e9ponses des membres du jury. Pour moi, c&rsquo;\u00e9tait l&rsquo;\u00e9mission c&rsquo;\u00e9tait de trop. Bon vent\u00a0\u00bb, a l\u00e2ch\u00e9 un internaute visiblement agac\u00e9.<\/p>\n<p>Jean-Pierre Foucault n\u2019a pas tard\u00e9 \u00e0 lui r\u00e9pondre. Le ton du message tranche d\u2019ailleurs avec la communication habituellement mesur\u00e9e de l\u2019animateur : <strong>\u00ab\u00a0G\u00e9n\u00e9ralement Lajoie est pr\u00e9c\u00e9d\u00e9e de Ducon\u00a0\u00bb<\/strong>, en r\u00e9f\u00e9rence au \u00ab\u00a0nom\u00a0\u00bb de l&rsquo;internaute se faisant appeler \u00ab\u00a0Jean Lajoie\u00a0\u00bb sur le r\u00e9seau social.<\/p>\n<p>\u00c0 la suite de la publication, plusieurs internautes ont exprim\u00e9 leur soutien ou leur incompr\u00e9hension, certains soulignant qu\u2019il \u00e9tait rare de voir l\u2019animateur r\u00e9pondre aux critiques, et encore moins sur ce ton. \u00ab\u00a0Vous \u00eates avec <a href=\"https:\/\/www.public.fr\/tag\/michel-drucker\" target=\"_blank\" rel=\"noopener\">Michel Drucker<\/a> deux dinosaures du PAF. Par cons\u00e9quent votre devise devrait \u00eatre : Les chiens aboient la caravane passe\u00a0\u00bb, \u00ab\u00a0Avec 0 abonn\u00e9 \u00e7a ressemble \u00e0 un bon troll, vous restez le meilleur dans cet exercice\u00a0\u00bb, ont d\u00e9fendu certains.<\/p>\n<p>Alors que d\u2019autres ont critiqu\u00e9 : \u00ab\u00a0Jean-Pierre Foucault est compl\u00e8tement has been. Il est temps de raccrocher, votre temps est pass\u00e9, vous n&rsquo;\u00eates plus que l&rsquo;ombre de vous-m\u00eame, c&rsquo;est un conseil avant de devenir encore plus aigri avec le temps\u00a0\u00bb, \u00ab\u00a0Ok boomer\u00a0\u00bb, \u00ab\u00a0g\u00eanant\u00a0\u00bb, \u00ab\u00a0<strong>Bonne retraite p\u00e9p\u00e9<\/strong>\u00ab\u00a0.<\/p>\n<blockquote class=\"twitter-tweet\">\n<p>G\u00e9n\u00e9ralement Lajoie est pr\u00e9c\u00e9d\u00e9e de Ducon \ud83e\udd2a<\/p>\n<p>\u2014 Jean-Pierre Foucault (@Foucault_JP) <a href=\"https:\/\/twitter.com\/Foucault_JP\/status\/1997605909456167033?ref_src=twsrc%5Etfw\" target=\"_blank\" rel=\"noopener\">December 7, 2025<\/a><\/p><\/blockquote>\n<p><strong>Jean-Pierre Foucault, pr\u00e8s de trente ans \u00e0 la pr\u00e9sentation de Miss France<\/strong><\/p>\n<p>L\u2019incident intervient alors que Jean-Pierre Foucault demeure l\u2019un des visages embl\u00e9matiques du concours Miss France. <strong>L\u2019animateur pr\u00e9sente l\u2019\u00e9lection depuis le milieu des ann\u00e9es 1990<\/strong>. Il a assur\u00e9 pour la premi\u00e8re fois l\u2019animation du show le 16 d\u00e9cembre 1995 au Grand Palais de Lille. Marquant le d\u00e9but d\u2019une collaboration devenue l\u2019une des plus longues de la t\u00e9l\u00e9vision fran\u00e7aise.<\/p>\n<p>Depuis, Jean-Pierre Foucault a pr\u00e9sent\u00e9 toutes les \u00e9ditions du concours, devenant une figure incontournable de l\u2019\u00e9v\u00e9nement. En 2024, <strong>il c\u00e9l\u00e9brait m\u00eame sa trenti\u00e8me participation cons\u00e9cutive<\/strong> \u00e0 la t\u00eate de la c\u00e9r\u00e9monie. Son nom reste aujourd\u2019hui encore indissociable du concours, qu\u2019il continue en effet d\u2019animer ann\u00e9e apr\u00e8s ann\u00e9e.<\/p>\n<p>Malgr\u00e9 l\u2019\u00e9volution du format, les pol\u00e9miques ponctuelles qui accompagnent certains choix artistiques ou commentaires, et les transformations impos\u00e9es par les nouvelles directives, Jean-Pierre Foucault conserve son r\u00f4le central. Cette long\u00e9vit\u00e9 exceptionnelle fait de lui, avec Michel Drucker et d\u2019autres \u00ab\u00a0dinosaures du PAF\u00a0\u00bb, l\u2019un des animateurs les plus durables de la t\u00e9l\u00e9vision fran\u00e7aise, tous programmes confondus.<\/p>\n<p>\n          Hits &amp; People en continu\n        <\/p>\n<p>\n          Public Radio\n        <\/p>\n<p>      Mentionn\u00e9s dans cet article<\/p>\n<p>      Sur le m\u00eame sujet<\/p>\n<p>  <script async src=\"https:\/\/platform.twitter.com\/widgets.js\" charset=\"utf-8\"><\/script><\/p>\n","protected":false},"excerpt":{"rendered":"Un \u00e9change sur le r\u00e9seau social X (anciennement Twitter) a suscit\u00e9 la surprise ce week-end autour de Jean-Pierre&hellip;\n","protected":false},"author":2,"featured_media":584558,"comment_status":"","ping_status":"","sticky":false,"template":"","format":"standard","meta":{"footnotes":""},"categories":[1359],"tags":[58,59,1011,27,9917,3034,973],"class_list":{"0":"post-584557","1":"post","2":"type-post","3":"status-publish","4":"format-standard","5":"has-post-thumbnail","7":"category-people","8":"tag-divertissement","9":"tag-entertainment","10":"tag-fr","11":"tag-france","12":"tag-jean-pierre-foucault","13":"tag-miss-france","14":"tag-people"},"share_on_mastodon":{"url":"https:\/\/pubeurope.com\/@fr\/115679275613090969","error":""},"_links":{"self":[{"href":"https:\/\/www.europesays.com\/fr\/wp-json\/wp\/v2\/posts\/584557","targetHints":{"allow":["GET"]}}],"collection":[{"href":"https:\/\/www.europesays.com\/fr\/wp-json\/wp\/v2\/posts"}],"about":[{"href":"https:\/\/www.europesays.com\/fr\/wp-json\/wp\/v2\/types\/post"}],"author":[{"embeddable":true,"href":"https:\/\/www.europesays.com\/fr\/wp-json\/wp\/v2\/users\/2"}],"replies":[{"embeddable":true,"href":"https:\/\/www.europesays.com\/fr\/wp-json\/wp\/v2\/comments?post=584557"}],"version-history":[{"count":0,"href":"https:\/\/www.europesays.com\/fr\/wp-json\/wp\/v2\/posts\/584557\/revisions"}],"wp:featuredmedia":[{"embeddable":true,"href":"https:\/\/www.europesays.com\/fr\/wp-json\/wp\/v2\/media\/584558"}],"wp:attachment":[{"href":"https:\/\/www.europesays.com\/fr\/wp-json\/wp\/v2\/media?parent=584557"}],"wp:term":[{"taxonomy":"category","embeddable":true,"href":"https:\/\/www.europesays.com\/fr\/wp-json\/wp\/v2\/categories?post=584557"},{"taxonomy":"post_tag","embeddable":true,"href":"https:\/\/www.europesays.com\/fr\/wp-json\/wp\/v2\/tags?post=584557"}],"curies":[{"name":"wp","href":"https:\/\/api.w.org\/{rel}","templated":true}]}}