{"id":584559,"date":"2025-12-07T16:40:14","date_gmt":"2025-12-07T16:40:14","guid":{"rendered":"https:\/\/www.europesays.com\/fr\/584559\/"},"modified":"2025-12-07T16:40:14","modified_gmt":"2025-12-07T16:40:14","slug":"martin-parr-celebre-photographe-britannique-est-decede-a-73-ans","status":"publish","type":"post","link":"https:\/\/www.europesays.com\/fr\/584559\/","title":{"rendered":"Martin Parr, c\u00e9l\u00e8bre photographe britannique, est d\u00e9c\u00e9d\u00e9 \u00e0 73 ans"},"content":{"rendered":"<p>Le photographe britannique <a href=\"https:\/\/www.20minutes.fr\/arts-stars\/culture\/2799999-20200615-rennes-union-jack-classes-populaires-selfies-bienvenue-univers-martin-parr\" class=\"c-link c-link--is-underlined\" target=\"_blank\" rel=\"noopener\">Martin Parr<\/a>, c\u00e9l\u00e8bre pour ses clich\u00e9s d\u00e9peignant avec humour le quotidien de ses compatriotes du <a href=\"https:\/\/www.20minutes.fr\/monde\/royaume-uni\/\" class=\"c-link c-link--is-underlined\" target=\"_blank\" rel=\"noopener\">Royaume-Uni<\/a>, est d\u00e9c\u00e9d\u00e9 samedi \u00e0 l\u2019\u00e2ge de 73 ans, <a href=\"https:\/\/x.com\/jfguyot\/status\/1997649848107950496?s=46&amp;t=IvpT85oZvhNmXdf4mkyZ3Q\" target=\"_blank\" class=\"c-link c-link--is-underlined\">a annonc\u00e9 sa fondation<\/a> dimanche dans un communiqu\u00e9.<\/p>\n<p>\u00ab\u00a0C\u2019est avec une grande tristesse que nous annon\u00e7ons que Martin Parr (1952-2025) est d\u00e9c\u00e9d\u00e9 [samedi] \u00e0 son domicile \u00e0 Bristol\u00a0\u00bb, a-t-elle annonc\u00e9 en m\u00eame temps que <a href=\"https:\/\/www.20minutes.fr\/societe\/874376-20120206-saint-valentin-agence-magnum-installe-studios-portraits-ephemeres\" class=\"c-link c-link--is-underlined\" target=\"_blank\" rel=\"noopener\">Magnum Photos<\/a>, agence pour laquelle le photographe avait longtemps travaill\u00e9.<\/p>\n<p>Une critique du consum\u00e9risme<\/p>\n<p>Corps cramoisis par le soleil, garden parties chapeaut\u00e9es\u2026 Martin Parr a acc\u00e9d\u00e9 au rang de star gr\u00e2ce \u00e0 son esth\u00e9tique reconnaissable, avec gros plans et couleurs satur\u00e9es, sa touche british et ses th\u00e8mes de pr\u00e9dilection, comme le tourisme de masse ou le consum\u00e9risme.<\/p>\n<\/p>\n<p>Son influence d\u00e9passe largement le cercle des amateurs de photographie, m\u00eame si son \u0153uvre presque documentaire, parfois tax\u00e9e de kitsch, lui a valu d\u2019avoir autant d\u2019admirateurs que de d\u00e9tracteurs.<\/p>\n<p>C\u2019est au milieu des ann\u00e9es 80 qu\u2019il se fait remarquer avec Last Resort, clich\u00e9s de vacanciers de la middle class \u00e0 Brighton, qui pr\u00e9figure la suite de son \u0153uvre, avec son recours au flash m\u00eame en ext\u00e9rieur.<\/p>\n","protected":false},"excerpt":{"rendered":"Le photographe britannique Martin Parr, c\u00e9l\u00e8bre pour ses clich\u00e9s d\u00e9peignant avec humour le quotidien de ses compatriotes du&hellip;\n","protected":false},"author":2,"featured_media":584560,"comment_status":"","ping_status":"","sticky":false,"template":"","format":"standard","meta":{"footnotes":""},"categories":[1358],"tags":[3734,1348,1384,1385,251,3983,1386,58,59,3293,1011,27,473],"class_list":{"0":"post-584559","1":"post","2":"type-post","3":"status-publish","4":"format-standard","5":"has-post-thumbnail","7":"category-arts-et-design","8":"tag-art","9":"tag-arts","10":"tag-arts-and-design","11":"tag-arts-et-design","12":"tag-culture","13":"tag-deces","14":"tag-design","15":"tag-divertissement","16":"tag-entertainment","17":"tag-exposition","18":"tag-fr","19":"tag-france","20":"tag-royaume-uni"},"share_on_mastodon":{"url":"https:\/\/pubeurope.com\/@fr\/115679279403076723","error":""},"_links":{"self":[{"href":"https:\/\/www.europesays.com\/fr\/wp-json\/wp\/v2\/posts\/584559","targetHints":{"allow":["GET"]}}],"collection":[{"href":"https:\/\/www.europesays.com\/fr\/wp-json\/wp\/v2\/posts"}],"about":[{"href":"https:\/\/www.europesays.com\/fr\/wp-json\/wp\/v2\/types\/post"}],"author":[{"embeddable":true,"href":"https:\/\/www.europesays.com\/fr\/wp-json\/wp\/v2\/users\/2"}],"replies":[{"embeddable":true,"href":"https:\/\/www.europesays.com\/fr\/wp-json\/wp\/v2\/comments?post=584559"}],"version-history":[{"count":0,"href":"https:\/\/www.europesays.com\/fr\/wp-json\/wp\/v2\/posts\/584559\/revisions"}],"wp:featuredmedia":[{"embeddable":true,"href":"https:\/\/www.europesays.com\/fr\/wp-json\/wp\/v2\/media\/584560"}],"wp:attachment":[{"href":"https:\/\/www.europesays.com\/fr\/wp-json\/wp\/v2\/media?parent=584559"}],"wp:term":[{"taxonomy":"category","embeddable":true,"href":"https:\/\/www.europesays.com\/fr\/wp-json\/wp\/v2\/categories?post=584559"},{"taxonomy":"post_tag","embeddable":true,"href":"https:\/\/www.europesays.com\/fr\/wp-json\/wp\/v2\/tags?post=584559"}],"curies":[{"name":"wp","href":"https:\/\/api.w.org\/{rel}","templated":true}]}}