{"id":584561,"date":"2025-12-07T16:42:14","date_gmt":"2025-12-07T16:42:14","guid":{"rendered":"https:\/\/www.europesays.com\/fr\/584561\/"},"modified":"2025-12-07T16:42:14","modified_gmt":"2025-12-07T16:42:14","slug":"r-i-p-pressentie-pour-obtenir-le-role-principal-cette-actrice-a-attaque-la-production-en-justice","status":"publish","type":"post","link":"https:\/\/www.europesays.com\/fr\/584561\/","title":{"rendered":"R.I.P. : Pressentie pour obtenir le r\u00f4le principal, cette actrice a attaqu\u00e9 la production en justice !"},"content":{"rendered":"<p>Claudia Tagbo retrouve son personnage d&rsquo;Anne-Lise, la g\u00e9rante d&rsquo;une entreprise de pompes fun\u00e8bres, pour une nouvelle soir\u00e9e de R.I.P.. Mais le r\u00f4le aurait pu revenir \u00e0 une autre actrice bien connue qui a intent\u00e9 une action en justice. <\/p>\n<p>Claudia Tagbo, alias Anne-Lise, reprend les r\u00eanes de son entreprise de pompes fun\u00e8bres pour une seconde soir\u00e9e de R.I.P. intitul\u00e9e La vie vous va si bien, diffus\u00e9e ce lundi 8\u00a0d\u00e9cembre 2025 \u00e0 21h10 sur TF1. Une nouvelle intrigue toujours aussi fac\u00e9tieuse men\u00e9e par l\u2019\u00e9nergique patronne, loin d\u2019\u00eatre muette comme une tombe, <a href=\"https:\/\/www.programme-tv.net\/news\/series-tv\/357018-rip-aimons-nous-vivants-faut-il-regarder-la-fiction-inedite-avec-claudia-tagbo-diffusee-ce-mardi-16-juillet-notre-avis\/\" data-api-deeplink=\"teleloisirs:\/\/news\/357018\" rel=\"nofollow noopener\" target=\"_blank\">qui succ\u00e8de \u00e0 un premier opus au sc\u00e9nario parfois morose (notre avis)<\/a> pourtant accueilli chaudement par les t\u00e9l\u00e9spectateurs\u00a0: ils avaient \u00e9t\u00e9 3,58\u00a0millions \u00e0 le visionner en juin\u00a02024. Apr\u00e8s ce succ\u00e8s, une suite semblait s\u2019imposer, mais elle s\u2019est fait attendre. Le tournage du deuxi\u00e8me volet des aventures de Claudia Tagbo, <a href=\"https:\/\/www.programme-tv.net\/biographie\/4485-binard-arnaud\/\" data-link-people=\"8f0e1c9e-c5cc-4078-b679-ea7dba0cedc4\" rel=\"nofollow noopener\" target=\"_blank\">Arnaud Binard<\/a> &#8211; <a href=\"https:\/\/www.programme-tv.net\/news\/series-tv\/374985-apres-broceliande-nolwenn-leroy-retrouve-arnaud-binard-dans-ete-36-la-suite-des-combattantes\/\" data-api-deeplink=\"teleloisirs:\/\/news\/374985\" rel=\"nofollow noopener\" target=\"_blank\">bient\u00f4t au casting d\u2019\u00c9t\u00e9 36<\/a> ou de <a href=\"https:\/\/www.programme-tv.net\/news\/series-tv\/379636-cat-s-eyes-saison-2-casting-lieux-de-tournage-intrigues-les-premieres-infos-sur-la-suite-de-la-serie-evenement-de-tf1-avec-claire-romain-camille-lou-et-constance-labbe\/\" data-api-deeplink=\"teleloisirs:\/\/news\/379636\" rel=\"nofollow noopener\" target=\"_blank\">la saison 2 de Cat\u2019s Eyes<\/a>, Janis Abrikh ou encore <a href=\"https:\/\/www.programme-tv.net\/biographie\/249809-lellouche-philippe\/\" data-link-people=\"29d61276-4055-432c-8ebc-d4526e0cb564\" rel=\"nofollow noopener\" target=\"_blank\">Philippe Lellouche<\/a> n\u2019a, en effet, pas \u00e9t\u00e9 un long fleuve tranquille. Parmi les raisons\u00a0: un diff\u00e9rend entre Alef Two, la soci\u00e9t\u00e9 d\u2019Arthur, qui produit R.I.P., et une actrice bien connue\u2026<\/p>\n<p>                        R.I.P.\u00a0: Pressentie pour obtenir le r\u00f4le principal, une actrice a attaqu\u00e9 la production en justice<\/p>\n<p>Dans ce nouvel \u00e9pisode de<b> <\/b><b>R.I.P.<\/b>, Anne-Lise change de d\u00e9cor pour sa Maison du deuil, et se retrouve sous la menace d\u2019une inspection avec son \u00e9quipe de bras cass\u00e9s si attachants. Elle accueille \u00e9galement B\u00e9atrice, qui vient de perdre son mari et cache un lourd secret\u00a0: elle est illettr\u00e9e. Une mission d\u00e9licate pour Anne-Lise qui va devoir troquer sa tenue de croque-mort contre des ailes d\u2019ange gardien afin de redonner confiance \u00e0 cette m\u00e8re de famille incarn\u00e9e par une invit\u00e9e de marque\u00a0: <a href=\"https:\/\/www.programme-tv.net\/biographie\/111530-kolb-ophelia\/\" data-link-people=\"b3d6d231-3d07-4af3-aaf5-c4bc1790b748\" rel=\"nofollow noopener\" target=\"_blank\">Oph\u00e9lia Kolb<\/a>, <a href=\"https:\/\/www.programme-tv.net\/news\/cinema\/389328-dix-pour-cent-les-premieres-informations-sur-le-film-netflix-derive-de-la-serie\/\" data-api-deeplink=\"teleloisirs:\/\/news\/389328\" rel=\"nofollow noopener\" target=\"_blank\">bient\u00f4t \u00e0 l\u2019affiche du film Dix pour cent<\/a>. Ce volet est port\u00e9, encore une fois, par la bonne humeur de Claudia Tagbo qui avait confi\u00e9 \u00e0 <a href=\"https:\/\/toutelatele.ouest-france.fr\/claudia-tagbo-rip-tf1-je-trouve-ose-que-la-production-ait-pense-a-moi-167728\" rel=\"nofollow noopener\" target=\"_blank\">Toutelat\u00e9l\u00e9,<\/a> l\u2019an pass\u00e9, \u00eatre ravie d\u2019incarner ce r\u00f4le \u00e0 contre-courant\u00a0: \u00ab\u00a0Lorsque le sujet est arriv\u00e9 sur ma table, j\u2019ai dit oui parce que j\u2019avais en souvenir la s\u00e9rie Six Feet Under. Je l\u2019avais beaucoup aim\u00e9e, et m\u00eame si ce n\u2019est pas du tout la m\u00eame chose, ne serait-ce que le traitement de la mort, c\u2019est d\u00e9j\u00e0 un sujet qui est un peu frileux&#8230; Je trouve os\u00e9 que la production ait pens\u00e9 \u00e0 moi\u201d. Pourtant, une autre actrice aurait pu incarner ce personnage qui d\u00e9note, et la pilule a eu du mal \u00e0 passer\u2026<\/p>\n<p>Les producteurs de <b>R.I.P.<\/b> avaient ainsi d\u2019abord song\u00e9 \u00e0 Catherine Jacob pour incarner Anne-Lise, avant de se r\u00e9tracter. Une d\u00e9cision que la star de La vie est un long fleuve tranquille ou Tati Danielle n\u2019avait pas appr\u00e9ci\u00e9, elle avait alors intent\u00e9 une action en justice pour \u00ab\u00a0rupture abusive de contrat dans des conditions brutales et vexatoires\u00a0\u00bb et r\u00e9clam\u00e9 95\u00a0000\u00a0euros de dommages et int\u00e9r\u00eats. En vain\u2026 D\u00e9bout\u00e9e par les prud&rsquo;hommes, l&rsquo;actrice finira par abandonner les poursuites en juin\u00a02025.<\/p>\n","protected":false},"excerpt":{"rendered":"Claudia Tagbo retrouve son personnage d&rsquo;Anne-Lise, la g\u00e9rante d&rsquo;une entreprise de pompes fun\u00e8bres, pour une nouvelle soir\u00e9e de&hellip;\n","protected":false},"author":2,"featured_media":584562,"comment_status":"","ping_status":"","sticky":false,"template":"","format":"standard","meta":{"footnotes":"","_share_on_mastodon":"0"},"categories":[1356],"tags":[69792,46677,244,58,59,1011,27,2701,69793,252,199,1364],"class_list":["post-584561","post","type-post","status-publish","format-standard","has-post-thumbnail","category-television","tag-catherine-jacob","tag-claudia-tagbo","tag-commentaire","tag-divertissement","tag-entertainment","tag-fr","tag-france","tag-humoriste","tag-r-i-p","tag-television","tag-tf1","tag-tv"],"share_on_mastodon":{"url":"https:\/\/pubeurope.com\/@fr\/115679287490458751","error":""},"_links":{"self":[{"href":"https:\/\/www.europesays.com\/fr\/wp-json\/wp\/v2\/posts\/584561","targetHints":{"allow":["GET"]}}],"collection":[{"href":"https:\/\/www.europesays.com\/fr\/wp-json\/wp\/v2\/posts"}],"about":[{"href":"https:\/\/www.europesays.com\/fr\/wp-json\/wp\/v2\/types\/post"}],"author":[{"embeddable":true,"href":"https:\/\/www.europesays.com\/fr\/wp-json\/wp\/v2\/users\/2"}],"replies":[{"embeddable":true,"href":"https:\/\/www.europesays.com\/fr\/wp-json\/wp\/v2\/comments?post=584561"}],"version-history":[{"count":0,"href":"https:\/\/www.europesays.com\/fr\/wp-json\/wp\/v2\/posts\/584561\/revisions"}],"wp:featuredmedia":[{"embeddable":true,"href":"https:\/\/www.europesays.com\/fr\/wp-json\/wp\/v2\/media\/584562"}],"wp:attachment":[{"href":"https:\/\/www.europesays.com\/fr\/wp-json\/wp\/v2\/media?parent=584561"}],"wp:term":[{"taxonomy":"category","embeddable":true,"href":"https:\/\/www.europesays.com\/fr\/wp-json\/wp\/v2\/categories?post=584561"},{"taxonomy":"post_tag","embeddable":true,"href":"https:\/\/www.europesays.com\/fr\/wp-json\/wp\/v2\/tags?post=584561"}],"curies":[{"name":"wp","href":"https:\/\/api.w.org\/{rel}","templated":true}]}}