{"id":584574,"date":"2025-12-07T16:50:12","date_gmt":"2025-12-07T16:50:12","guid":{"rendered":"https:\/\/www.europesays.com\/fr\/584574\/"},"modified":"2025-12-07T16:50:12","modified_gmt":"2025-12-07T16:50:12","slug":"chez-bm-cet-outil-de-jardin-a-moins-de-7-e-change-tout-lastuce-meconnue-des-jardiniers-pour-tailler-sans-se-ruiner","status":"publish","type":"post","link":"https:\/\/www.europesays.com\/fr\/584574\/","title":{"rendered":"Chez B&#038;M, cet outil de jardin \u00e0 moins de 7 \u20ac change tout : l\u2019astuce m\u00e9connue des jardiniers pour tailler sans se ruiner"},"content":{"rendered":"<p>Entre branches mortes et haies en<br \/>\npagaille, beaucoup h\u00e9sitent \u00e0 investir dans du mat\u00e9riel cher. Une<br \/>\noffre \u00e0 moins de 7 \u20ac chez B&amp;M pourrait bien changer la<br \/>\ndonne.<\/p>\n<p>L\u2019hiver n\u2019emp\u00eache pas de penser \u00e0 son coin de verdure : branches<br \/>\nmortes \u00e0 \u00e9liminer, haies \u00e0 remettre en forme, fruitiers \u00e0 \u00e9claircir<br \/>\navant le retour des beaux jours. Le souci, c\u2019est que les outils de<br \/>\njardin co\u00fbtent vite cher, surtout quand le budget est d\u00e9j\u00e0 pris par<br \/>\nles d\u00e9penses de fin d\u2019ann\u00e9e.<\/p>\n<p>C\u2019est l\u00e0 qu\u2019intervient l\u2019astuce des jardiniers malins : un<br \/>\n<strong>coupe-branches B&amp;M<\/strong> vendu moins de 7 \u20ac en<br \/>\nmagasin. Ce mod\u00e8le Gardeners Corner \u00e0 6,99 \u20ac attire l\u2019\u0153il, mais<br \/>\nbeaucoup se demandent s\u2019il permet vraiment de tailler sans se<br \/>\npriver.<\/p>\n<p>Un coupe-branches B&amp;M \u00e0 6,99 \u20ac qui vise les petits<br \/>\nbudgets<\/p>\n<p>Sur la fiche produit B&amp;M France, ce <strong>coupe-branches<br \/>\npas cher B&amp;M<\/strong> s\u2019affiche \u00e0 <strong>6,99 \u20ac<\/strong>, soit<br \/>\nun prix plancher pour ce type d\u2019outil. Commercialis\u00e9 sous la marque<br \/>\nGardeners Corner, il est fabriqu\u00e9 \u00e0 <strong>90 % en<br \/>\naluminium<\/strong> pour la structure et <strong>10 % en<br \/>\nTPR<\/strong> pour la poign\u00e9e, un caoutchouc thermoplastique souple.<br \/>\nSes dimensions, <strong>54 x 21 cm<\/strong>, en font un outil<br \/>\ncompact, simple \u00e0 ranger dans un abri de jardin ou sur un<br \/>\nbalcon.<\/p>\n<p>Ce format vise clairement les particuliers : petits et moyens<br \/>\njardins, haies d\u2019ornement, arbustes d\u00e9coratifs ou premiers<br \/>\nfruitiers. L\u2019id\u00e9e n\u2019est pas de concurrencer le mat\u00e9riel<br \/>\nprofessionnel, mais de proposer un \u00e9brancheur d\u2019appoint efficace<br \/>\npour les branches de taille moyenne, l\u00e0 o\u00f9 un simple s\u00e9cateur<br \/>\nmontre ses limites.<\/p>\n<p>Efficacit\u00e9 et confort : ce que vaut ce coupe-branches pas<br \/>\ncher B&amp;M<\/p>\n<p>Avec ses manches en aluminium, le coupe-branches Gardeners<br \/>\nCorner reste l\u00e9ger tout en offrant un bon bras de levier. Sa<br \/>\nlongueur permet d\u2019atteindre des branches un peu en hauteur ou au<br \/>\nc\u0153ur d\u2019un massif, tout en gardant une certaine pr\u00e9cision. Le site<br \/>\nTrucmania, \u00e9dit\u00e9 par Ouest-France, rappelle d\u2019ailleurs qu\u2019\u00a0\u00bbUne<br \/>\ncoupe propre limite significativement les maladies\u00a0\u00bb, ce qui met<br \/>\nl\u2019accent sur l\u2019int\u00e9r\u00eat d\u2019un outil capable de trancher net, sans<br \/>\n\u00e9craser le bois.<\/p>\n<p>La poign\u00e9e en TPR constitue un autre argument pour ce<br \/>\n<strong>coupe-branches B&amp;M 6,99<\/strong>. Ce rev\u00eatement<br \/>\nantid\u00e9rapant aide \u00e0 garder la main s\u00fbre, m\u00eame par temps froid ou<br \/>\nhumide, et limite la fatigue lors des s\u00e9ances un peu longues. En<br \/>\nl\u2019absence d\u2019indication officielle sur le diam\u00e8tre maximal de coupe,<br \/>\nce mod\u00e8le reste conseill\u00e9 pour des rameaux et branches de section<br \/>\nmod\u00e9r\u00e9e, en particulier sur bois vert ou peu lignifi\u00e9, plut\u00f4t que<br \/>\nsur de grosses branches tr\u00e8s dures.<\/p>\n<p>O\u00f9 trouver le coupe-branches<br \/>\nB&amp;M et comment le garder longtemps<\/p>\n<p>Ce <strong>outil de jardin pas cher B&amp;M<\/strong> est<br \/>\nr\u00e9f\u00e9renc\u00e9 dans la cat\u00e9gorie jardinage des magasins de l\u2019enseigne.<br \/>\nLa disponibilit\u00e9 d\u00e9pend toutefois de chaque point de vente, surtout<br \/>\nen p\u00e9riode de fin d\u2019ann\u00e9e. Mieux vaut rep\u00e9rer \u00e0 l\u2019avance le magasin<br \/>\nB&amp;M le plus proche et v\u00e9rifier sur le site si le produit<br \/>\nappara\u00eet \u00ab\u00a0en stock\u00a0\u00bb avant de se d\u00e9placer, les bons plans \u00e9tant<br \/>\nsouvent pris\u00e9s par les amateurs de jardinage \u00e9conomique.<\/p>\n<p>Une fois l\u2019outil achet\u00e9, quelques gestes simples prolongent sa<br \/>\ndur\u00e9e de vie et maintiennent une bonne qualit\u00e9 de coupe :<\/p>\n<ul>\n<li>nettoyer les lames apr\u00e8s chaque utilisation et bien les s\u00e9cher<br \/>\n;<\/li>\n<li>appliquer ponctuellement une fine couche d\u2019huile sur la partie<br \/>\nm\u00e9tallique ;<\/li>\n<li>contr\u00f4ler la visserie et resserrer si besoin ;<\/li>\n<li>aff\u00fbter la lame d\u00e8s que la coupe devient moins franche.<\/li>\n<\/ul>\n","protected":false},"excerpt":{"rendered":"Entre branches mortes et haies en pagaille, beaucoup h\u00e9sitent \u00e0 investir dans du mat\u00e9riel cher. Une offre \u00e0&hellip;\n","protected":false},"author":2,"featured_media":584575,"comment_status":"","ping_status":"","sticky":false,"template":"","format":"standard","meta":{"footnotes":""},"categories":[6],"tags":[677,1003,35,69798,33,34,1011,27,3354,64963],"class_list":{"0":"post-584574","1":"post","2":"type-post","3":"status-publish","4":"format-standard","5":"has-post-thumbnail","7":"category-economie","8":"tag-bons-plans","9":"tag-budget","10":"tag-business","11":"tag-conso-argent","12":"tag-economie","13":"tag-economy","14":"tag-fr","15":"tag-france","16":"tag-jardin","17":"tag-outil"},"share_on_mastodon":{"url":"https:\/\/pubeurope.com\/@fr\/115679318734640064","error":""},"_links":{"self":[{"href":"https:\/\/www.europesays.com\/fr\/wp-json\/wp\/v2\/posts\/584574","targetHints":{"allow":["GET"]}}],"collection":[{"href":"https:\/\/www.europesays.com\/fr\/wp-json\/wp\/v2\/posts"}],"about":[{"href":"https:\/\/www.europesays.com\/fr\/wp-json\/wp\/v2\/types\/post"}],"author":[{"embeddable":true,"href":"https:\/\/www.europesays.com\/fr\/wp-json\/wp\/v2\/users\/2"}],"replies":[{"embeddable":true,"href":"https:\/\/www.europesays.com\/fr\/wp-json\/wp\/v2\/comments?post=584574"}],"version-history":[{"count":0,"href":"https:\/\/www.europesays.com\/fr\/wp-json\/wp\/v2\/posts\/584574\/revisions"}],"wp:featuredmedia":[{"embeddable":true,"href":"https:\/\/www.europesays.com\/fr\/wp-json\/wp\/v2\/media\/584575"}],"wp:attachment":[{"href":"https:\/\/www.europesays.com\/fr\/wp-json\/wp\/v2\/media?parent=584574"}],"wp:term":[{"taxonomy":"category","embeddable":true,"href":"https:\/\/www.europesays.com\/fr\/wp-json\/wp\/v2\/categories?post=584574"},{"taxonomy":"post_tag","embeddable":true,"href":"https:\/\/www.europesays.com\/fr\/wp-json\/wp\/v2\/tags?post=584574"}],"curies":[{"name":"wp","href":"https:\/\/api.w.org\/{rel}","templated":true}]}}