{"id":584578,"date":"2025-12-07T16:52:23","date_gmt":"2025-12-07T16:52:23","guid":{"rendered":"https:\/\/www.europesays.com\/fr\/584578\/"},"modified":"2025-12-07T16:52:23","modified_gmt":"2025-12-07T16:52:23","slug":"lyon-les-tops-et-les-flops-de-cette-fete-des-lumieres-2025-voici-notre-avis","status":"publish","type":"post","link":"https:\/\/www.europesays.com\/fr\/584578\/","title":{"rendered":"Lyon. Les tops et les flops de cette F\u00eate des Lumi\u00e8res 2025, voici notre avis"},"content":{"rendered":"<p>                    Par<br \/>\n        <strong><br \/>\n            <a href=\"https:\/\/actu.fr\/auteur\/theo-zuili\" title=\"Consulter tous les articles de Th\u00e9o Zuili\" target=\"_blank\" rel=\"noopener\">Th\u00e9o Zuili<\/a><br \/>\n                    <\/strong><\/p>\n<p>        Publi\u00e9 le<\/p>\n<p>            7 d\u00e9c. 2025 \u00e0 15h21<br \/>\n        ; mis \u00e0 jour le 7 d\u00e9c. 2025 \u00e0 15h22    <\/p>\n<p>Quelles r\u00e9ussites, quels rat\u00e9s pour cette <a href=\"https:\/\/actu.fr\/tag\/fete-des-lumieres-de-lyon\" target=\"_blank\" rel=\"noopener\">F\u00eate des Lumi\u00e8res 2025<\/a> \u00e0 <a href=\"https:\/\/actu.fr\/auvergne-rhone-alpes\/lyon_69123\" target=\"_blank\" rel=\"noopener\">Lyon<\/a> ? <strong>Ce qui fonctionne<\/strong>, ce qui devrait aller plus loin, ce qui laisse dubitatif et <strong>ce qui d\u00e9\u00e7oit<\/strong>\u2026 La r\u00e9daction a arpent\u00e9 la ville vendredi et samedi soir : voici notre avis et ce qui vaut, \u00e0 notre sens, le d\u00e9placement.<\/p>\n<p>    <a href=\"https:\/\/www.google.com\/maps\/d\/embed?mid=1jguEG35Pd_h8WoKsp305nUi1io5lzhs7&amp;ehbc=2E312F\" title=\"Ouvrie le lien\" target=\"_blank\" rel=\"noopener\">Cliquez ici pour visualiser le contenu<\/a><\/p>\n<p>Les drones, grand succ\u00e8s<\/p>\n<p class=\" wall-content\">C\u2019est ind\u00e9niablement <a href=\"https:\/\/actu.fr\/auvergne-rhone-alpes\/lyon_69123\/fete-des-lumieres-a-lyon-l-eblouissant-spectacle-de-drones-fait-l-unanimite-j-etais-bouche-bee_63540126.html\" target=\"_blank\" rel=\"noopener\">la grosse claque de cette ann\u00e9e<\/a> : un bout de futur et d\u2019innovation s\u2019invite au parc de la T\u00eate d\u2019Or avec un spectacle sur toutes les l\u00e8vres <strong>absolument fou<\/strong>. Le show de drones de la F\u00eate des Lumi\u00e8res, d\u2019un nouveau genre \u00e0 Lyon, est un grand succ\u00e8s.<\/p>\n<p>    <img   decoding=\"async\" loading=\"lazy\" src=\"https:\/\/www.europesays.com\/fr\/wp-content\/uploads\/2025\/12\/fete-des-lumieres-lyon-drones-spectacle-parc-de-la-tete-dor-960x640.jpg\" alt=\"La basilique de Fourvi\u00e8re repr\u00e9sent\u00e9e lors du spectacle de drones au parc de la T\u00eate d'Or.\" width=\"960\" height=\"640\"\/><br \/>\n    La basilique de Fourvi\u00e8re repr\u00e9sent\u00e9e lors du spectacle de drones au parc de la T\u00eate d\u2019Or. (\u00a9Ludivine Caporal\/actu Lyon)<\/p>\n<p class=\" wall-content\">Le public est <strong>bouche b\u00e9e<\/strong>, les \u00ab\u00a0wouaw\u00a0\u00bb et les applaudissements s\u2019encha\u00eenent pour \u00ab\u00a0L\u2019\u00c9veil des Lumi\u00e8res\u00a0\u00bb \u00e0 mesure que les drones s\u2019assemblent pour dessiner dans le ciel.<\/p>\n<p class=\" wall-content\">\n<p class=\" wall-content\">Seul <strong>gros b\u00e9mol<\/strong> mis \u00e0 part peut-\u00eatre qu\u2019on aurait aim\u00e9 encore plus grand avec plus de drones : la file d\u2019attente. Avec un nombre d\u2019\u0153uvres limit\u00e9 en raison des coupes budg\u00e9taires de la mairie, le public se masse autour des illuminations les plus populaires et <a href=\"https:\/\/actu.fr\/auvergne-rhone-alpes\/lyon_69123\/fete-des-lumieres-a-lyon-de-la-folie-un-monde-incroyable-devant-la-tete-d-or-pour-les-drones_63539232.html\" target=\"_blank\" rel=\"noopener\">le parc de la T\u00eate d\u2019Or a le plus souffert de son succ\u00e8s<\/a>.<\/p>\n<p class=\" wall-content\">\n<p>Saint-Jean, on en redemande<\/p>\n<p class=\" wall-content\">M\u00eame constat \u00e0 Saint-Jean, qui d\u00e9\u00e7oit rarement, mais o\u00f9 la foule a atteint des niveaux ph\u00e9nom\u00e9naux pour acc\u00e9der \u00e0 l\u2019illumination : \u00ab\u00a0C\u2019est chaud l\u00e0, il y a trop de monde\u00a0\u00bb, \u00ab\u00a0mais pourquoi les gens viennent avec les chiens\u00a0\u00bb, \u00ab\u00a0on pr\u00e9f\u00e8re aller ailleurs c\u2019est angoissant ici\u00a0\u00bb. <strong>Une attente qui vaut le coup<\/strong> : cette ann\u00e9e, \u00ab\u00a0Lumina\u00a0\u00bb nous a particuli\u00e8rement plu par son originalit\u00e9.<\/p>\n<p>Votre r\u00e9gion, votre actu !<\/p>\n<p>Recevez chaque jour les infos qui comptent pour vous.<\/p>\n<p>\t<a href=\"https:\/\/actu.fr\/newsletter\" class=\"ac-btn ac-btn--corner ac-btn--medium ac-btn--blue800\" target=\"_blank\" rel=\"noopener\">S&rsquo;incrire<\/a><\/p>\n<p class=\" wall-content\">\n<p class=\" wall-content\">La musique, les effets de lumi\u00e8re, le mapping : si l\u2019\u0153uvre est habituellement jolie, l\u2019artiste est all\u00e9 encore plus loin cette ann\u00e9e avec une illumination immersive <strong>qui nous plonge \u00e0 travers la cath\u00e9drale<\/strong> et nous embarque en immersion pendant environ sept minutes.<\/p>\n<p class=\" wall-content\">\n<p class=\" wall-content\">R\u00e9sultat : on en redemande. Si la couleur explose \u00e0 la fin du spectacle, on aurait aim\u00e9 que l\u2019artiste <strong>nous emm\u00e8ne encore plus loin<\/strong> et que la musique s\u2019emballe encore plus.<\/p>\n<p>Fourvi\u00e8re, une belle illumination \u00e0 renouveler<\/p>\n<p class=\" wall-content\">Toujours un grand succ\u00e8s pour Fourvi\u00e8re, avec \u00ab\u00a0La R\u00e9gion des Lumi\u00e8res\u00a0\u00bb, spectacle magistral organis\u00e9 par la R\u00e9gion Auvergne Rh\u00f4ne-Alpes, qui <strong>envoie le p\u00e2t\u00e9<\/strong>.<\/p>\n<p>    <img   decoding=\"async\" loading=\"lazy\" src=\"https:\/\/www.europesays.com\/fr\/wp-content\/uploads\/2025\/12\/fete-lumires-lyon-fourviere-960x640.jpg\" alt=\"La basilique de Fourvi\u00e8re illumin\u00e9e pour la F\u00eate des Lumi\u00e8res 2025 \u00e0 Lyon.\" width=\"960\" height=\"640\"\/><br \/>\n    La basilique de Fourvi\u00e8re illumin\u00e9e pour la F\u00eate des Lumi\u00e8res 2025 \u00e0 Lyon. (\u00a9Julien Damboise \/ actu Lyon)<\/p>\n<p class=\" wall-content\">On peut pointer un <strong>manque de coh\u00e9rence entre les tableaux<\/strong> tr\u00e8s esth\u00e9tiques et surtout une envie de voir quelque chose de nouveau : le spectacle n\u2019a \u00e9t\u00e9 que tr\u00e8s peu ajust\u00e9 par rapport aux ann\u00e9es pr\u00e9c\u00e9dentes. Mais le public est au rendez-vous et la basilique brille de mille feux.<\/p>\n<p>Une rue de la R\u00e9publique en f\u00eate<\/p>\n<p class=\" wall-content\">\u00ab\u00a0Paseo d\u2019hiver\u00a0\u00bb est de retour pour une nouvelle ann\u00e9e cons\u00e9cutive pour \u00e9clairer la rue de la R\u00e9publique avec ses couleurs envo\u00fbtantes. Dommage que les arches illumin\u00e9es<strong> n\u2019aient pas \u00e9t\u00e9 prolong\u00e9es<\/strong> sur le nord de cette art\u00e8re, pi\u00e9tonnis\u00e9 par la majorit\u00e9 \u00e9cologiste en 2025.<\/p>\n<p class=\" wall-content\">\n<p class=\" wall-content\">On ne peut pas en dire autant de \u00ab\u00a0Astralys\u00a0\u00bb qui nous a laiss\u00e9 de marbre place de la R\u00e9publique.<\/p>\n<p>Quelques bonnes surprises<\/p>\n<p class=\" wall-content\">Tr\u00e8s bonne surprise \u00e0 la <strong>Manufacture des Tabacs<\/strong> avec \u00ab\u00a0Fen\u00eatre sur cour(s)\u00a0\u00bb et une mise en lumi\u00e8re particuli\u00e8rement r\u00e9ussie pour cette \u00e9dition. Quatre projections sont \u00e0 d\u00e9couvrir pour une dur\u00e9e totale de 16 minutes et une bande son l\u00e9ch\u00e9e. Sans foule et facile d\u2019acc\u00e8s, c\u2019est <a href=\"https:\/\/actu.fr\/auvergne-rhone-alpes\/lyon_69123\/fete-des-lumieres-a-lyon-sans-foule-facile-d-acces-voici-l-oeuvre-parfaite-pour-les-familles_63540083.html\" target=\"_blank\" rel=\"noopener\">l\u2019\u0153uvre parfaite pour les familles<\/a>.<\/p>\n<p>    <img   decoding=\"async\" loading=\"lazy\" src=\"https:\/\/www.europesays.com\/fr\/wp-content\/uploads\/2025\/12\/fete-des-lumieres-manufacture-lyon-960x640.jpeg\" alt=\"Au total, les quatre projections diffus\u00e9es durent 16 minutes. \" width=\"960\" height=\"640\"\/><br \/>\n    Au total, les quatre projections diffus\u00e9es durent 16 minutes. (\u00a9Julien Damboise \/ actu Lyon)<\/p>\n<p class=\" wall-content\">\u00c0 <strong>Saint-Paul<\/strong>, trois artistes se succ\u00e8dent pour illuminer la fa\u00e7ade de la gare avec de jolis spectacles originaux et color\u00e9s, mais pas \u00ab\u00a0\u00e0 voir absolument\u00a0\u00bb.<\/p>\n<p class=\" wall-content\">\n<p class=\" wall-content\">L\u2019ambiance tr\u00e8s festive nous a plu <strong>place Antonin-Poncet<\/strong> avec \u00ab\u00a0Le jardin de lumi\u00e8re\u00a0\u00bb et sa musique entra\u00eenante. On note tout de m\u00eame un manque d\u2019ambition pour une \u0153uvre principale, m\u00eame si les jeunes et les familles s\u2019y retrouveront.<\/p>\n<p class=\" wall-content\">\n<p class=\" wall-content\">Sur les quais de Sa\u00f4ne, <strong>la vue sur la colline de Fourvi\u00e8re<\/strong> avec \u00ab\u00a0Les Malles Persanes\u00a0\u00bb est tr\u00e8s po\u00e9tique, avec beaucoup de couleurs, mais un peu redondante \u00e0 nouveau par rapport aux ann\u00e9es pr\u00e9c\u00e9dentes. On regrette les ann\u00e9es o\u00f9 toute la colline \u00e9tait illumin\u00e9e.<\/p>\n<p class=\" wall-content\">\n<p>Nos \u00ab\u00a0oui mais\u00a0\u00bb<\/p>\n<p class=\" wall-content\">Place Sathonay, \u00ab\u00a0Stranger Lights\u00a0\u00bb de <a href=\"https:\/\/actu.fr\/tag\/netflix\" target=\"_blank\" rel=\"noopener\">Netflix<\/a> rappelle le mus\u00e9e de la miniature et du cin\u00e9ma. C\u2019est le spot parfait pour un selfie avec un joli d\u00e9cor, <a href=\"https:\/\/actu.fr\/auvergne-rhone-alpes\/lyon_69123\/lyon-stranger-things-a-la-fete-des-lumieres-des-decus-mais-carton-pour-netflix-notre-avis_63540133.html\" target=\"_blank\" rel=\"noopener\">mais pas vraiment une illumination<\/a>. Quand la musique iconique r\u00e9sonne, le public chantonne et on finit par se laisser embarquer malgr\u00e9 \u00ab\u00a0un go\u00fbt d\u2019inachev\u00e9\u00a0\u00bb.<\/p>\n<p class=\" wall-content\">On a trouv\u00e9 l\u2019illumination \u00ab\u00a0Onion Skin\u00a0\u00bb place d\u2019Albon int\u00e9ressante, mais trop anecdotique. M\u00eame constat place Louis-Pradel : \u00ab\u00a0HDV \u2013 40 ans de skate \u00e0 Lyon\u00a0\u00bb se pr\u00eate au lieu, mais <strong>manque encore d\u2019ambition<\/strong>.<\/p>\n<p class=\" wall-content\">\n<p>Grosse d\u00e9ception sur Bellecour<\/p>\n<p class=\" wall-content\">La place Bellecour sans illumination et \u00ab\u00a0BLOBmorphose\u00a0\u00bb de la fondation Bullukian nous ont largement d\u00e9\u00e7us. Limite <strong>plong\u00e9e dans le noir<\/strong>, malgr\u00e9 un Food court plut\u00f4t appr\u00e9ci\u00e9 des visiteurs, la place m\u00e9rite de rester illumin\u00e9e.<\/p>\n<p class=\" wall-content\">\n<p>    <img   decoding=\"async\" loading=\"lazy\" src=\"https:\/\/www.europesays.com\/fr\/wp-content\/uploads\/2025\/12\/place-bellecour-lyon-fete-des-lumieres-2025-960x640.jpg\" alt=\"La place Bellecour \u00e0 Lyon lors de la F\u00eate des Lumi\u00e8res 2025, vue de Fourvi\u00e8re.\" width=\"960\" height=\"640\"\/><br \/>\n    La place Bellecour \u00e0 Lyon lors de la F\u00eate des Lumi\u00e8res 2025, vue de Fourvi\u00e8re. (\u00a9Th\u00e9o Zuili \/ actu Lyon)Les Terreaux divisent<\/p>\n<p class=\" wall-content\">Dans la foule, on a entendu des \u00ab\u00a0c\u2019est quoi ce truc ?\u00a0\u00bb, \u00ab\u00a0pas de rythme\u00a0\u00bb, \u00ab\u00a0manque de visuels sur la mairie\u00a0\u00bb, \u00ab\u00a0on ne comprend pas\u2026\u00a0\u00bb, \u00ab\u00a0trop d\u00e9cal\u00e9\u00a0\u00bb, \u00ab\u00a0comme<strong> une blague de tonton<\/strong> un peu trop longue\u00a0\u00bb ou \u00ab\u00a0g\u00e9nial\u00a0\u00bb.<\/p>\n<p class=\" wall-content\">\n<p class=\" wall-content\">Des souffles longs ou des rires : comme chez le public, cette <strong>expression artistique d\u00e9cal\u00e9e divise<\/strong> dans notre r\u00e9daction, mais la majorit\u00e9 penche vers le \u00ab\u00a0flop\u00a0\u00bb.<\/p>\n<p>Moyen pour Jacobins<\/p>\n<p class=\" wall-content\">Plut\u00f4t appr\u00e9ci\u00e9e du public, l\u2019illumination \u00ab\u00a0Les Lumignons du C\u0153ur \u2013 L\u2019\u00eele des Jacobins\u00a0\u00bb nous a d\u00e9\u00e7u par son c\u00f4t\u00e9 sombre et le <strong>manque de visibilit\u00e9<\/strong>. D\u2019autant qu\u2019on a le souvenir d\u2019une \u00e9dition pr\u00e9c\u00e9dente lumineuse et sublime au m\u00eame endroit pour les lumignons du c\u0153ur.<\/p>\n<p class=\" wall-content\">\n<p>Deux illuminations excentr\u00e9es<\/p>\n<p class=\" wall-content\">Deux \u0153uvres plut\u00f4t excentr\u00e9es ne valent pas le d\u00e9tour, selon nous. Particuli\u00e8rement \u00ab\u00a0Aube\u00a0\u00bb, au Jardin de l\u2019Instituto Cervant\u00e8s, avec des d\u00e9chets de plastique qui tra\u00eenaient au sol vendredi soir. L\u2019\u0153uvre consiste en des barres m\u00e9talliques, de la toile et une bande led filantes. <strong>Le public\u00a0pr\u00e9f\u00e8re regarder la vue<\/strong> et se demande pourquoi il n\u2019y a aucune projection, musique ou autre.<\/p>\n<p>    <img   decoding=\"async\" loading=\"lazy\" src=\"https:\/\/www.europesays.com\/fr\/wp-content\/uploads\/2025\/12\/fete-des-lumieres-lyon-2025-aube-960x640.jpeg\" alt=\"L'\u0153uvre \" width=\"960\" height=\"640\"\/><br \/>\n    L\u2019\u0153uvre \u00ab\u00a0Aube\u00a0\u00bb laisse \u00e0 d\u00e9sirer. (\u00a9Julien Damboise \/ actu Lyon)<\/p>\n<p class=\" wall-content\">\u00c0 Villeurbanne, on est <strong>d\u00e9\u00e7us d\u2019avoir fait le d\u00e9placement<\/strong> jusqu\u2019au P\u00f4le PIXEL avec \u00ab\u00a0A Salty Protest V1\u00a0\u00bb et ceux qui cherchent du spectacle, des couleurs et de la magie le seront aussi.<\/p>\n<p>Ressenti g\u00e9n\u00e9ral<\/p>\n<p class=\" wall-content\">Le vin chaud coule \u00e0 flot pour cette F\u00eate des Lumi\u00e8res et l\u2019ambiance g\u00e9n\u00e9rale<strong> tr\u00e8s festive<\/strong> a \u00e9t\u00e9 port\u00e9e par une m\u00e9t\u00e9o plut\u00f4t favorable. \u00ab\u00a0Tous nos clients nous ont dit que c\u2019\u00e9tait nul\u00a0\u00bb, temp\u00e8re le g\u00e9rant d\u2019un bar en Presqu\u2019\u00eele, mais certains de nos interviews balancent clairement ces propos avec <strong>un public parfois conquis<\/strong>.<\/p>\n<p class=\" wall-content\">Il y a des endroits o\u00f9 on sait que \u00e7a manque, comme \u00e0 C\u00e9lestins ou Bellecour, et on a clairement ressenti <a href=\"https:\/\/actu.fr\/auvergne-rhone-alpes\/lyon_69123\/lyon-moins-d-oeuvres-budget-en-baisse-soupe-a-la-grimace-pour-la-fete-des-lumieres-2025_63397512.html\" target=\"_blank\" rel=\"noopener\">la coupe budg\u00e9taire de cette ann\u00e9e<\/a>. Si certaines \u0153uvres magistrales nous font penser que les millions de touristes ont bien fait de venir, la majorit\u00e9 manque d\u2019ambition et de renouvellement pour les Lyonnais qui esp\u00e8rent \u00eatre emport\u00e9s par une jolie magie. L\u2019id\u00e9e de <strong>revoir le format<\/strong> <a href=\"https:\/\/actu.fr\/auvergne-rhone-alpes\/lyon_69123\/lyon-fete-des-lumieres-sur-deux-semaines-le-projet-ambitieux-de-nathalie-perrin-gilbert_63525084.html\" target=\"_blank\" rel=\"noopener\">se fait de plus en plus pr\u00e9gnante<\/a>.<\/p>\n<p class=\" wall-content\"><strong>Avec Ludivine Caporal, Pierre Chemel, Julien Sournies, Anthony Soudani, Julien Damboise et Nicolas Zaugra.<\/strong><\/p>\n<p class=\" wall-content\">Personnalisez votre actualit\u00e9 en ajoutant vos villes et m\u00e9dias en favori avec <a href=\"https:\/\/moncompte.actu.fr\" title=\"D\u00e9couvez Mon Actu\" rel=\"nofollow noopener\" data-trk=\"{&quot;cta&quot;:{&quot;action&quot;:&quot;https:\\\/\\\/moncompte.actu.fr&quot;,&quot;category&quot;:&quot;mon compte&quot;,&quot;from&quot;:&quot;article footer&quot;,&quot;name&quot;:&quot;Mon actu&quot;,&quot;type&quot;:&quot;cta&quot;}}\" target=\"_blank\">Mon Actu<\/a>.<\/p>\n","protected":false},"excerpt":{"rendered":"Par Th\u00e9o Zuili Publi\u00e9 le 7 d\u00e9c. 2025 \u00e0 15h21 ; mis \u00e0 jour le 7 d\u00e9c. 2025&hellip;\n","protected":false},"author":2,"featured_media":584579,"comment_status":"","ping_status":"","sticky":false,"template":"","format":"standard","meta":{"footnotes":""},"categories":[4],"tags":[11,48837,1011,27,12,25,104],"class_list":{"0":"post-584578","1":"post","2":"type-post","3":"status-publish","4":"format-standard","5":"has-post-thumbnail","7":"category-france","8":"tag-actualites","9":"tag-fete-des-lumieres-de-lyon","10":"tag-fr","11":"tag-france","12":"tag-news","13":"tag-republique-francaise","14":"tag-societe"},"share_on_mastodon":{"url":"https:\/\/pubeurope.com\/@fr\/115679328121213878","error":""},"_links":{"self":[{"href":"https:\/\/www.europesays.com\/fr\/wp-json\/wp\/v2\/posts\/584578","targetHints":{"allow":["GET"]}}],"collection":[{"href":"https:\/\/www.europesays.com\/fr\/wp-json\/wp\/v2\/posts"}],"about":[{"href":"https:\/\/www.europesays.com\/fr\/wp-json\/wp\/v2\/types\/post"}],"author":[{"embeddable":true,"href":"https:\/\/www.europesays.com\/fr\/wp-json\/wp\/v2\/users\/2"}],"replies":[{"embeddable":true,"href":"https:\/\/www.europesays.com\/fr\/wp-json\/wp\/v2\/comments?post=584578"}],"version-history":[{"count":0,"href":"https:\/\/www.europesays.com\/fr\/wp-json\/wp\/v2\/posts\/584578\/revisions"}],"wp:featuredmedia":[{"embeddable":true,"href":"https:\/\/www.europesays.com\/fr\/wp-json\/wp\/v2\/media\/584579"}],"wp:attachment":[{"href":"https:\/\/www.europesays.com\/fr\/wp-json\/wp\/v2\/media?parent=584578"}],"wp:term":[{"taxonomy":"category","embeddable":true,"href":"https:\/\/www.europesays.com\/fr\/wp-json\/wp\/v2\/categories?post=584578"},{"taxonomy":"post_tag","embeddable":true,"href":"https:\/\/www.europesays.com\/fr\/wp-json\/wp\/v2\/tags?post=584578"}],"curies":[{"name":"wp","href":"https:\/\/api.w.org\/{rel}","templated":true}]}}