{"id":584582,"date":"2025-12-07T16:55:12","date_gmt":"2025-12-07T16:55:12","guid":{"rendered":"https:\/\/www.europesays.com\/fr\/584582\/"},"modified":"2025-12-07T16:55:12","modified_gmt":"2025-12-07T16:55:12","slug":"un-arbre-a-ete-plante-pour-celebrer-chaque-naissance-de-lannee-a-saint-etienne-du-gres","status":"publish","type":"post","link":"https:\/\/www.europesays.com\/fr\/584582\/","title":{"rendered":"Un arbre a \u00e9t\u00e9 plant\u00e9 pour c\u00e9l\u00e9brer chaque naissance de l&rsquo;ann\u00e9e \u00e0 Saint-\u00c9tienne-du-Gr\u00e8s"},"content":{"rendered":"<p>Planter un arbre pour c\u00e9l\u00e9brer la naissance d\u2019un enfant \u00e0 <a href=\"https:\/\/www.laprovence.com\/bouches-du-rhone\/saint-etienne-du-gres-13094\" target=\"_blank\" rel=\"noopener\">Saint-\u00c9tienne-du-Gr\u00e8s<\/a>, voici une tradition \u00e0 laquelle les habitants de la commune sont attach\u00e9s. Et cette \u00e9dition 2025 n\u2019a pas d\u00e9rog\u00e9 \u00e0 la r\u00e8gle.<\/p>\n<p>Apr\u00e8s un petit-d\u00e9jeuner offert par la municipalit\u00e9 sur le parking du Mas de Pommet, les participants ont rejoint la Font du Baron o\u00f9 une vingtaine de jeunes plants ont \u00e9t\u00e9 soigneusement mis en terre. Parmi eux figuraient un c\u00e8dre de l\u2019Atlas, un sorbier des oiseleurs, un tilleul \u00e0 petites feuilles, un poirier sauvage ou encore plusieurs \u00e9rables de Montpellier.<\/p>\n<p>Cette douzi\u00e8me \u00e9dition de l\u2019op\u00e9ration \u00ab\u00a0Une naissance, un arbre\u00a0\u00bb, lanc\u00e9e en\u00a02014 par C\u00e9line Castells, adjointe en charge de l\u2019\u00c9ducation, de l\u2019Enfance, de la Jeunesse et des Sports, ainsi que par le regrett\u00e9 <a href=\"https:\/\/www.laprovence.com\/article\/societe\/7330767649948214\/a-saint-etienne-du-gres-l-adjoint-au-maire-yves-durand-nous-a-quittes\" target=\"_blank\" rel=\"noopener\">Yves Durand<\/a>, adjoint \u00e0 l\u2019Agriculture, \u00e0 la For\u00eat, \u00e0 la Chasse et au March\u00e9, mettait \u00e0 l\u2019honneur deux enfants. Gabin et Esm\u00e9e, repr\u00e9sent\u00e9e par sa grande s\u0153ur Isaure, ont vu chacun un arbre plant\u00e9 en leur nom, symbole d\u2019un enracinement appel\u00e9 \u00e0 grandir au fil des ann\u00e9es dans les collines du village.<\/p>\n<p>Le tout nouveau <a href=\"https:\/\/www.laprovence.com\/article\/politique\/49509707114511\/les-12-nouveaux-membres-du-conseil-municipal-des-jeunes-ont-recu-leurs-echarpes-a-saint-etienne-du-gres\" target=\"_blank\" rel=\"noopener\">Conseil municipal des jeunes<\/a> avait \u00e9galement \u00e9t\u00e9 convi\u00e9. Malgr\u00e9 le vent, Mila, Aure et Fiona ont particip\u00e9 avec enthousiasme \u00e0 la plantation en d\u00e9diant un arbre \u00e0 chacun des membres fra\u00eechement \u00e9lus du CMJ. Leur premier geste officiel prend ainsi la forme d\u2019un engagement fort en faveur de l\u2019environnement.<\/p>\n<p>Cette initiative municipale, men\u00e9e en collaboration avec l\u2019Office national des for\u00eats et soutenue financi\u00e8rement \u00e0 60% par le D\u00e9partement, s\u2019inscrit une fois de plus dans une d\u00e9marche citoyenne et \u00e9cologique qui associe symboliquement la croissance des enfants \u00e0 celle de la for\u00eat locale.<\/p>\n","protected":false},"excerpt":{"rendered":"Planter un arbre pour c\u00e9l\u00e9brer la naissance d\u2019un enfant \u00e0 Saint-\u00c9tienne-du-Gr\u00e8s, voici une tradition \u00e0 laquelle les habitants&hellip;\n","protected":false},"author":2,"featured_media":584583,"comment_status":"","ping_status":"","sticky":false,"template":"","format":"standard","meta":{"footnotes":""},"categories":[9653],"tags":[17,1111,11,8489,2430,4413,32672,2883,1777,674,1011,27,198,12,22212,471,25,4001,104],"class_list":{"0":"post-584582","1":"post","2":"type-post","3":"status-publish","4":"format-standard","5":"has-post-thumbnail","7":"category-saint-etienne","8":"tag-17","9":"tag-actu","10":"tag-actualites","11":"tag-arbre","12":"tag-auvergne-rhone-alpes","13":"tag-celebrer","14":"tag-chaque","15":"tag-ete","16":"tag-eu","17":"tag-europe","18":"tag-fr","19":"tag-france","20":"tag-naissance","21":"tag-news","22":"tag-plante","23":"tag-pour","24":"tag-republique-francaise","25":"tag-saint-etienne","26":"tag-societe"},"share_on_mastodon":{"url":"https:\/\/pubeurope.com\/@fr\/115679338459172993","error":""},"_links":{"self":[{"href":"https:\/\/www.europesays.com\/fr\/wp-json\/wp\/v2\/posts\/584582","targetHints":{"allow":["GET"]}}],"collection":[{"href":"https:\/\/www.europesays.com\/fr\/wp-json\/wp\/v2\/posts"}],"about":[{"href":"https:\/\/www.europesays.com\/fr\/wp-json\/wp\/v2\/types\/post"}],"author":[{"embeddable":true,"href":"https:\/\/www.europesays.com\/fr\/wp-json\/wp\/v2\/users\/2"}],"replies":[{"embeddable":true,"href":"https:\/\/www.europesays.com\/fr\/wp-json\/wp\/v2\/comments?post=584582"}],"version-history":[{"count":0,"href":"https:\/\/www.europesays.com\/fr\/wp-json\/wp\/v2\/posts\/584582\/revisions"}],"wp:featuredmedia":[{"embeddable":true,"href":"https:\/\/www.europesays.com\/fr\/wp-json\/wp\/v2\/media\/584583"}],"wp:attachment":[{"href":"https:\/\/www.europesays.com\/fr\/wp-json\/wp\/v2\/media?parent=584582"}],"wp:term":[{"taxonomy":"category","embeddable":true,"href":"https:\/\/www.europesays.com\/fr\/wp-json\/wp\/v2\/categories?post=584582"},{"taxonomy":"post_tag","embeddable":true,"href":"https:\/\/www.europesays.com\/fr\/wp-json\/wp\/v2\/tags?post=584582"}],"curies":[{"name":"wp","href":"https:\/\/api.w.org\/{rel}","templated":true}]}}