{"id":584592,"date":"2025-12-07T17:00:11","date_gmt":"2025-12-07T17:00:11","guid":{"rendered":"https:\/\/www.europesays.com\/fr\/584592\/"},"modified":"2025-12-07T17:00:11","modified_gmt":"2025-12-07T17:00:11","slug":"pourquoi-des-soignants-porteront-ils-bientot-des-blouses-colorees","status":"publish","type":"post","link":"https:\/\/www.europesays.com\/fr\/584592\/","title":{"rendered":"pourquoi des soignants porteront-ils bient\u00f4t des blouses color\u00e9es\u00a0?"},"content":{"rendered":"<p>                    Par<br \/>\n        <strong><br \/>\n            <a href=\"https:\/\/actu.fr\/auteur\/jm-aubert\" title=\"Consulter tous les articles de Jean-Marc Aubert\" target=\"_blank\" rel=\"noopener\">Jean-Marc Aubert<\/a><br \/>\n                    <\/strong><\/p>\n<p>        Publi\u00e9 le<\/p>\n<p>            7 d\u00e9c. 2025 \u00e0 17h30        <\/p>\n<p>C\u2019est une petite r\u00e9volution : les blouses blanches vont (bient\u00f4t) changer de couleurs \u00e0 l\u2019<strong>h\u00f4pital Arnaud de Villeneuve<\/strong>, sur le site du <strong>CHU de Montpellier,<\/strong> route de Ganges : les m\u00e9decins, infirmi\u00e8res et aides-soignantes des unit\u00e9s p\u00e9diatriques vont \u00eatre v\u00eatus de <strong>blouses \u00e0 motifs color\u00e9s<\/strong>, des patchworks pour \u00e9gayer le quotidien tristounet des enfants hospitalis\u00e9s. Et pour la plus grande joie des parents qui d\u00e9couvriront ainsi leurs prog\u00e9nitures beaucoup moins stress\u00e9es sur leur lit d\u2019h\u00f4pital, lors de la venue du personnel dans les chambres.<\/p>\n<p class=\" wall-content\">La blouse blanche est souvent associ\u00e9e \u00e0 la douleur d\u00e8s le plus jeune \u00e2ge, selon des constats dress\u00e9s par des familles d\u2019enfants en s\u00e9jour \u00e0 l\u2019h\u00f4pital p\u00e9diatrique Clocheville \u00e0 Tours, le premier \u00e9tablissement hospitalier de France \u00e0 mettre en oeuvre cette op\u00e9ration de blouses color\u00e9es, une exp\u00e9rience qui inspire d\u2019autres h\u00f4pitaux p\u00e9diatriques, dont le CHU de Montpellier pour Arnaud de Villeneuve.<\/p>\n<p>    <a href=\"https:\/\/www.google.com\/maps\/embed?pb=!1m18!1m12!1m3!1d7808.1852476374015!2d3.8499415205284704!3d43.63084860691353!2m3!1f0!2f0!3f0!3m2!1i1024!2i768!4f13.1!3m3!1m2!1s0x12b6aee814df19cf%3A0xd7dfd399223f84d0!2sHOPITAL%20ARNAUD%20DE%20VILLENEUVE%20-%2034090!5e0!3m2!1sfr!2sfr!4v1764924789974!5m2!1sfr!2sfr\" title=\"Ouvrie le lien\" target=\"_blank\" rel=\"noopener\">Cliquez ici pour visualiser le contenu<\/a><\/p>\n<p class=\" wall-content\">C\u2019est l\u2019<strong>association Hospi\u2019cool<\/strong> bas\u00e9e \u00e0 Tours qui est \u00e0 l\u2019origine de ce bouleversement hospitalier, un projet n\u00e9 d\u2019un constat pour Aur\u00e9lie Morin, co-fondatrice : \u00ab\u00a0\u00c0 la premi\u00e8re op\u00e9ration, ma fille \u00e2g\u00e9e de cinq mois, voici sept ans et demi, s\u2019est mise \u00e0 hurler lorsqu\u2019elle a aper\u00e7u un soignant en blouse blanche p\u00e9n\u00e9trer dans sa chambre et venir \u00e0 son chevet. Mon coeur de maman a parl\u00e9. Je lui ai dit, mais enlevez-moi cette blouse blanche et mettez autre chose\u00a0\u00bb. Forte de cette sc\u00e8ne, quelques mois plus tard, <strong>Aur\u00e9lie Morin<\/strong> fondait Hospi\u2019cool avec<strong> Marine Tardieu<\/strong> p\u00e9diatre \u00e0 l\u2019h\u00f4pital Clocheville.\u00a0<\/p>\n<p class=\" wall-content\">Commence alors un parcours du combattant pour faire adopter ce bouleversement aux directions des CHU : \u00ab\u00a0pour remplacer des blouses blanches par des color\u00e9es, c\u2019est tr\u00e8s compliqu\u00e9, il faut r\u00e9pondre au struct cahier des charges de l\u2019h\u00f4pital, et trouver un tissu qui supporte \u00e9norm\u00e9ment de lavages en machine, sans risque de d\u00e9coloration, ni de retr\u00e9cissement\u00a0\u00bb, souligne Aur\u00e9lie Morin.<\/p>\n<p>Vid\u00e9os : en ce moment sur Actu<\/p>\n<p class=\" wall-content\">Apr\u00e8s une gal\u00e8re de trois ans pour les \u00e9quipes soignantes, les fournisseurs et la blanchisserie de Clocheville \u00e0 Tours, deux entreprises de textile, l\u2019une install\u00e9e au Maine-et-Loire, et l\u2019autre en Bretagne vont cr\u00e9er des blouses orn\u00e9es de dix motifs diff\u00e9rents en 25 couleurs. Les enfants malades ou bless\u00e9s vont d\u00e9couvrir les univers pr\u00e9f\u00e9r\u00e9 avec un festival de couleurs : des animaux, des dinosaures, des petites voitures \u00e0 p\u00e9dales, des poissons en bleues, roses, jaunes ou encore oranges.<\/p>\n<p>Votre r\u00e9gion, votre actu !<\/p>\n<p>Recevez chaque jour les infos qui comptent pour vous.<\/p>\n<p>\t<a href=\"https:\/\/actu.fr\/newsletter\" class=\"ac-btn ac-btn--corner ac-btn--medium ac-btn--blue800\" target=\"_blank\" rel=\"noopener\">S&rsquo;incrire<\/a><\/p>\n<p class=\" wall-content\">Hospi\u2019cool a command\u00e9 <strong>plus de 2 700 blouses en couleurs<\/strong> pour un co\u00fbt de <strong>92 000\u20ac<\/strong>, ce qui est quatre fois plus cher que des blouses blanches. \u00ab\u00a0Mais aucun centime n\u2019impacte le budget de l\u2019h\u00f4pital p\u00e9diatrique de Tours, le Fonds de dotation finance tout avec de l\u2019argent priv\u00e9\u00a0\u00bb, r\u00e9v\u00e8lent Aur\u00e9lie Morin et Marine Tardieu. Cette derni\u00e8re m\u00e8ne une \u00e9tude scientifique pour \u00e9valuer l\u2019impact de ces nouvelles blouses sur les enfants, les familles et les soignants, avec une publication m\u00e9dicale pr\u00e9vue au terme des travaux. En attendant, les m\u00e9decins et soignants de l\u2019h\u00f4pital Arnaud de Villeneuve, \u00e0 Montpellier, se pr\u00e9parent \u00e0 enfiler ces blouses new-look.<\/p>\n<p class=\" wall-content\">Personnalisez votre actualit\u00e9 en ajoutant vos villes et m\u00e9dias en favori avec <a href=\"https:\/\/moncompte.actu.fr\" title=\"D\u00e9couvez Mon Actu\" rel=\"nofollow noopener\" data-trk=\"{&quot;cta&quot;:{&quot;action&quot;:&quot;https:\\\/\\\/moncompte.actu.fr&quot;,&quot;category&quot;:&quot;mon compte&quot;,&quot;from&quot;:&quot;article footer&quot;,&quot;name&quot;:&quot;Mon actu&quot;,&quot;type&quot;:&quot;cta&quot;}}\" target=\"_blank\">Mon Actu<\/a>.<\/p>\n","protected":false},"excerpt":{"rendered":"Par Jean-Marc Aubert Publi\u00e9 le 7 d\u00e9c. 2025 \u00e0 17h30 C\u2019est une petite r\u00e9volution : les blouses blanches&hellip;\n","protected":false},"author":2,"featured_media":584593,"comment_status":"","ping_status":"","sticky":false,"template":"","format":"standard","meta":{"footnotes":""},"categories":[9599],"tags":[1111,11,15154,1777,674,1011,27,2673,2208,12,2680,25,104],"class_list":{"0":"post-584592","1":"post","2":"type-post","3":"status-publish","4":"format-standard","5":"has-post-thumbnail","7":"category-montpellier","8":"tag-actu","9":"tag-actualites","10":"tag-chu-de-montpellier","11":"tag-eu","12":"tag-europe","13":"tag-fr","14":"tag-france","15":"tag-medecins","16":"tag-montpellier","17":"tag-news","18":"tag-occitanie","19":"tag-republique-francaise","20":"tag-societe"},"share_on_mastodon":{"url":"https:\/\/pubeurope.com\/@fr\/115679358003824957","error":""},"_links":{"self":[{"href":"https:\/\/www.europesays.com\/fr\/wp-json\/wp\/v2\/posts\/584592","targetHints":{"allow":["GET"]}}],"collection":[{"href":"https:\/\/www.europesays.com\/fr\/wp-json\/wp\/v2\/posts"}],"about":[{"href":"https:\/\/www.europesays.com\/fr\/wp-json\/wp\/v2\/types\/post"}],"author":[{"embeddable":true,"href":"https:\/\/www.europesays.com\/fr\/wp-json\/wp\/v2\/users\/2"}],"replies":[{"embeddable":true,"href":"https:\/\/www.europesays.com\/fr\/wp-json\/wp\/v2\/comments?post=584592"}],"version-history":[{"count":0,"href":"https:\/\/www.europesays.com\/fr\/wp-json\/wp\/v2\/posts\/584592\/revisions"}],"wp:featuredmedia":[{"embeddable":true,"href":"https:\/\/www.europesays.com\/fr\/wp-json\/wp\/v2\/media\/584593"}],"wp:attachment":[{"href":"https:\/\/www.europesays.com\/fr\/wp-json\/wp\/v2\/media?parent=584592"}],"wp:term":[{"taxonomy":"category","embeddable":true,"href":"https:\/\/www.europesays.com\/fr\/wp-json\/wp\/v2\/categories?post=584592"},{"taxonomy":"post_tag","embeddable":true,"href":"https:\/\/www.europesays.com\/fr\/wp-json\/wp\/v2\/tags?post=584592"}],"curies":[{"name":"wp","href":"https:\/\/api.w.org\/{rel}","templated":true}]}}