{"id":584596,"date":"2025-12-07T17:05:23","date_gmt":"2025-12-07T17:05:23","guid":{"rendered":"https:\/\/www.europesays.com\/fr\/584596\/"},"modified":"2025-12-07T17:05:23","modified_gmt":"2025-12-07T17:05:23","slug":"a-rouen-florent-devauchel-pratique-lurbex-pour-la-photo-pas-pour-ladrenaline","status":"publish","type":"post","link":"https:\/\/www.europesays.com\/fr\/584596\/","title":{"rendered":"\u00c0 Rouen, Florent Devauchel pratique l&rsquo;urbex pour la photo, \u00ab pas pour l&rsquo;adr\u00e9naline \u00bb"},"content":{"rendered":"<p>                    Par<br \/>\n        <strong><br \/>\n            <a href=\"https:\/\/actu.fr\/auteur\/lily-dedeye\" title=\"Consulter tous les articles de Lily Dedeye\" target=\"_blank\" rel=\"noopener\">Lily Dedeye<\/a><br \/>\n                    <\/strong><\/p>\n<p>        Publi\u00e9 le<\/p>\n<p>            7 d\u00e9c. 2025 \u00e0 17h54        <\/p>\n<p>Florent Devauchel, 39 ans, vit \u00e0 <a href=\"https:\/\/actu.fr\/76actu\/\" target=\"_blank\" rel=\"noopener\">Bonsecours<\/a> et pratique la <strong>photographie urbex<\/strong> depuis 2010. Il se rend dans les lieux abandonn\u00e9s, parfois tr\u00e8s difficiles d\u2019acc\u00e8s pour obtenir ses plus beaux clich\u00e9s. Cette passion lui a fait vivre des aventures, des rencontres, des difficult\u00e9s aussi parfois. Pour raconter \u00e0 tous ses histoires, il a d\u00e9cid\u00e9 d\u2019\u00e9crire des livres. Actuellement expos\u00e9 <a href=\"https:\/\/actu.fr\/normandie\/rouen_76540\/ambiance-japonaise-a-rouen-une-boutique-de-createurs-s-installe-rue-beauvoisine_63510441.html\" target=\"_blank\" rel=\"noopener\">aux Ateliers Shifumi<\/a>, il revient sur l\u2019histoire de cette passion n\u00e9e en 2010.<\/p>\n<blockquote class=\"ac-article-quote wall-content\">\n<p>Ce n&rsquo;est pas la pratique de l&rsquo;urbex qui m&rsquo;a fait venir \u00e0 la photographie comme beaucoup de confr\u00e8res. C&rsquo;est la photographie qui m&rsquo;a fait venir \u00e0 l&rsquo;urbex. Je souhaitais capturer des lieux abandonn\u00e9s, j&rsquo;\u00e9tais int\u00e9ress\u00e9 par ce patrimoine l\u00e0. On dit souvent que je ne suis pas un vrai explorateur. C&rsquo;est vrai, ce n&rsquo;est pas pour l&rsquo;adr\u00e9naline que je pratique cette activit\u00e9 mais par passion pour la photographie.<\/p>\n<p>    <strong>Florent Devauchel<\/strong><br \/>\n        Photographe urbex    <\/p><\/blockquote>\n<p>    <img   decoding=\"async\" loading=\"lazy\" src=\"https:\/\/www.europesays.com\/fr\/wp-content\/uploads\/2025\/12\/34-960x640.jpg\" alt=\"De nombreuses photographies de Florent Devauchel sont actuellement expos\u00e9es aux Ateliers Shifumi, rue Beauvoisine.\" width=\"960\" height=\"640\"\/><br \/>\n    De nombreuses photographies de Florent Devauchel sont actuellement expos\u00e9es aux Ateliers Shifumi, rue Beauvoisine. (\u00a9Florent Devauchel)Les d\u00e9buts d\u2019une passion<\/p>\n<p class=\" wall-content\">Quand Florent d\u00e9marre la photographie, il a 25 ans. Muni d\u2019un petit reflex, il commence par faire des photographies de rue, des paysages, des portraits. Mais il n\u2019y trouve pas tout de suite son compte. \u00ab\u00a0Ce genre de photographies ne me donnait pas l\u2019envie de continuer. Puis un jour, je suis tomb\u00e9 par hasard sur des photographies de lieux abandonn\u00e9s. Je me suis dit que c\u2019\u00e9tait cela que je voulais faire.\u00a0\u00bb<\/p>\n<p class=\" wall-content\">Florent se demande alors comment faire pour acc\u00e9der \u00e0 ce type de lieux. Comment les trouver ? Qu\u2019est-ce qu\u2019il risque en y entrant ? Comment r\u00e9aliser techniquement les photographies ? \u00ab\u00a0Les lieux sont parfois tr\u00e8s sombres et je n\u2019avais pas de formation\u00a0\u00bb, explique le photographe.\u00a0\u00a0<\/p>\n<p class=\" wall-content\">Il d\u00e9cide alors de se lancer, mais accompagn\u00e9. \u00ab\u00a0Je me suis dit que tout seul ce serait probablement plus risqu\u00e9, dans ce genre de lieu, tu ne sais pas sur qui tu peux tomber. J\u2019ai fait une rencontre photo \u00e0 Rouen. L\u00e0, il y avait un gars, Matthieu, qui voulait aussi explorer des lieux abandonn\u00e9s. Je me suis dit banco et on a commenc\u00e9 l\u2019aventure.\u00a0\u00bb<\/p>\n<p>    <img   decoding=\"async\" loading=\"lazy\" src=\"https:\/\/www.europesays.com\/fr\/wp-content\/uploads\/2025\/12\/77-960x640.jpg\" alt=\"L'int\u00e9rieur d'un ch\u00e2teau, photographi\u00e9 par Florent Devauchel.\" width=\"960\" height=\"640\"\/><br \/>\n    L\u2019int\u00e9rieur d\u2019un ch\u00e2teau, photographi\u00e9 par Florent Devauchel. (\u00a9Florent Devauchel)<\/p>\n<p>Votre r\u00e9gion, votre actu !<\/p>\n<p>Recevez chaque jour les infos qui comptent pour vous.<\/p>\n<p>\t<a href=\"https:\/\/actu.fr\/newsletter\" class=\"ac-btn ac-btn--corner ac-btn--medium ac-btn--blue800\" target=\"_blank\" rel=\"noopener\">S&rsquo;incrire<\/a><br \/>\nUne r\u00e8gle : s\u2019infiltrer sans rien casser<\/p>\n<p class=\" wall-content\">Les deux passionn\u00e9s se compl\u00e8tent bien. Florent cherche les lieux, et Matthieu lui apprend les bases de la photographie. \u00ab\u00a0J\u2019ai commenc\u00e9 par demander aux autres photographes urbex comment acc\u00e9der \u00e0 certains sites. Mais personne ne voulait me r\u00e9pondre. Alors on s\u2019est dit qu\u2019on allait regarder ce qu\u2019il y avait comme lieux abandonn\u00e9s \u00e0 Rouen et demander les autorisations pour y entrer.\u00a0\u00bb\u00a0<\/p>\n<p class=\" wall-content\">N\u2019ayant jamais de r\u00e9ponses, les amis tentent de rentrer dans les lieux trouv\u00e9s, mais avec toujours une r\u00e8gle : ne rien casser. \u00ab\u00a0Ce n\u2019\u00e9tait pas dans nos valeurs de d\u00e9t\u00e9riorer les lieux. On s\u2019est toujours dit que si l\u2019on ne trouvait pas de moyen d\u2019entrer sans casser on n\u2019entrerait pas. En plus, la loi fran\u00e7aise dit bien qu\u2019on n\u2019a pas le droit de s\u2019infiltrer sur un lieu priv\u00e9; mais on risque moins si on ne casse rien.\u00a0\u00bb<\/p>\n<blockquote class=\"ac-article-quote wall-content\">\n<p>Souvent on me dit que je ne suis pas un vrai explorateur. Parce que je ne vais pas sur les lieux pour l&rsquo;adr\u00e9naline. J&rsquo;y vais pour la photo. Si demain on me donne toutes les autorisations et toutes les cl\u00e9s pour entrer par la porte d&rsquo;entr\u00e9e, je signe direct !<\/p>\n<p>    <strong>Florent Devauchel<\/strong><br \/>\n        Photographe Urbex    <\/p><\/blockquote>\n<p>La cr\u00e9ation d\u2019une communaut\u00e9<\/p>\n<p class=\" wall-content\">Ainsi, les deux photographes r\u00e9ussissent \u00e0 entrer dans quelques lieux et commencent \u00e0 faire quelques photos. Florent est form\u00e9 sur le tas gr\u00e2ce \u00e0 Matthieu.<\/p>\n<p class=\" wall-content\">Au fil du temps, cette activit\u00e9 ponctuelle devient une vraie passion et tous les lundis, les deux amis partent en exp\u00e9dition. \u00ab\u00a0On a commenc\u00e9 par explorer Rouen, puis on a rayonn\u00e9 \u00e0 10 km autour, puis \u00e0 30. On a commenc\u00e9 \u00e0 faire des lieux plus int\u00e9ressants, des ch\u00e2teaux.\u00a0\u00bb<\/p>\n<p class=\" wall-content\">Les deux passionn\u00e9s partagent leurs photographies sur les r\u00e9seaux sociaux et commencent \u00e0 capter toute une communaut\u00e9. \u00ab\u00a0Des gens \u00e0 l\u2019autre bout de la France nous ont contact\u00e9. Un photographe \u00e0 Strasbourg nous a propos\u00e9 de venir un week-end chez lui pour explorer les environs. On est vraiment entr\u00e9 dans un nouveau monde.\u00a0\u00bb<\/p>\n<p>    <img decoding=\"async\" loading=\"lazy\" src=\"https:\/\/www.europesays.com\/fr\/wp-content\/uploads\/2025\/12\/21-533x640.jpg\" alt=\"\" width=\"533\" height=\"640\"\/><br \/>\n    \u00ab\u00a0Ce lieu \u00e9tait un th\u00e9\u00e2tre abandonn\u00e9, il avait \u00e9t\u00e9 compl\u00e8tement mur\u00e9. Pour pouvoir y entrer on \u00e9tait pass\u00e9 par un parpaing cass\u00e9. A l\u2019int\u00e9rieur on ne voyait rien, on ne savait pas o\u00f9 on allait. Ca puait la mort. On a mis nos lampes torches et on a vu le lieu. On est ressorti et on s\u2019est dit qu\u2019il fallait absolument qu\u2019on l\u2019\u00e9claire \u00e0 la bougie. On est all\u00e9 acheter 300 bougies \u00e0 Ikea, on a positionn\u00e9 les lumi\u00e8res et on a fait la photo. C\u2019\u00e9tait une belle aventure. (\u00a9Florent Devauchel)La d\u00e9couverte des pays frontaliers et du patrimoine industriel<\/p>\n<p class=\" wall-content\">Ainsi, entre 2013 et 2015, les deux photographes r\u00e9alisent plus de 80 sorties, en France et dans les pays frontaliers comme en Belgique. \u00ab\u00a0Nous sommes all\u00e9s \u00e0 Charleroi en Belgique, il y avait une vieille usine. On a pass\u00e9 des heures \u00e0 explorer tellement c\u2019\u00e9tait grand. On a rencontr\u00e9 des gens. Cette exploration nous a ouvert \u00e0 la pratique industrielle. La France a un patrimoine plus r\u00e9sidentiel, c\u2019est int\u00e9ressant mais c\u2019\u00e9tait aussi g\u00e9nial de d\u00e9couvrir un autre univers\u00a0\u00bb, raconte Florent Devauchel.<\/p>\n<p>    <img   decoding=\"async\" loading=\"lazy\" src=\"https:\/\/www.europesays.com\/fr\/wp-content\/uploads\/2025\/12\/blue-powerplant-jpeg-960x640.jpg\" alt=\"Florent Devauchel s'est perdu plusieurs heures dans le grand site industriel de Charleroi en Belgique.\" width=\"960\" height=\"640\"\/><br \/>\n    Florent Devauchel s\u2019est perdu plusieurs heures dans le grand site industriel de Charleroi en Belgique. (\u00a9Florent Devauchel)<\/p>\n<blockquote class=\"ac-article-quote wall-content\">\n<p>L&rsquo;urbex \u00e7a peut \u00eatre dangereux. Tu entres dans des endroits d\u00e9laiss\u00e9s, l&rsquo;humidit\u00e9 s&rsquo;est infiltr\u00e9e, souvent le premier \u00e9tage manque de s&rsquo;effondrer. On faisait vraiment en sorte de s&rsquo;\u00e9quiper et on se fixait des limites pour ne pas se mettre en danger.<\/p>\n<p>    <strong>Florent Devauchel<\/strong><br \/>\n        Photographe Urbex    <\/p><\/blockquote>\n<p class=\" wall-content\">Ils ont ensuite explor\u00e9 des lieux religieux, Florent avait une vraie app\u00e9tence pour ce type de patrimoine. Puis en 2015, il d\u00e9couvre la photographie de voitures abandonn\u00e9es. \u00ab\u00a0\u00c0 cette p\u00e9riode, un photographe m\u2019a contact\u00e9, \u00e7a l\u2019int\u00e9ressait de venir visiter des ch\u00e2teaux et en \u00e9change il m\u2019a propos\u00e9 de m\u2019emmener d\u00e9couvrir des carcasses de voitures. Il \u00e9tait \u00e9paviste de m\u00e9tier.\u00a0\u00bb Les deux hommes partent donc explorer les casses automobiles. Florent est surpris et heureux. \u00ab\u00a0C\u2019\u00e9tait trop beau cette nature qui reprenait ses droits sur les \u00e9paves. Je ne pensais pas que cela existait encore.\u00a0\u00bb<\/p>\n<p>    <img   decoding=\"async\" loading=\"lazy\" src=\"https:\/\/www.europesays.com\/fr\/wp-content\/uploads\/2025\/12\/16-960x640.jpg\" alt=\"Florent Devauchel a d\u00e9couvert en 2015 la photographie de carcasses de voitures avec un coll\u00e8gue photographe et \u00e9paviste.\" width=\"960\" height=\"640\"\/><br \/>\n    Florent Devauchel a d\u00e9couvert en 2015 la photographie de carcasses de voitures avec un coll\u00e8gue photographe et \u00e9paviste. (\u00a9Florent Devauchel)Des sorties plus ponctuelles pour retoucher ses photos<\/p>\n<p class=\" wall-content\">En 2016, le fid\u00e8le acolyte de Florent d\u00e9cide de cesser la pratique. Ce dernier s\u2019entoure alors d\u2019un autre ami. Mais au fil du temps il r\u00e9duit la fr\u00e9quence de ses sorties. \u00ab\u00a0Devenir p\u00e8re m\u2019a calm\u00e9. Et lorsqu\u2019on a tant explor\u00e9, on devient plus exigeant sur la s\u00e9lection des lieux. On ne veut plus se d\u00e9placer pour une petite maison de campagne\u00a0\u00bb, explique le photographe.<\/p>\n<p class=\" wall-content\">Florent continue donc cette activit\u00e9 mais de fa\u00e7on plus ponctuelle, deux roadtrip par an par exemple, au cours desquels il d\u00e9couvre une quinzaine de lieux. \u00ab\u00a0Maintenant, je me concentre surtout sur le travail de retouche de mes photos. J\u2019ai tellement explor\u00e9 que je n\u2019ai pas tellement eu le temps de m\u2019occuper de cette partie l\u00e0.\u00a0\u00bb<\/p>\n<blockquote class=\"ac-article-quote wall-content\">\n<p>On ne se rend pas compte quand on n&rsquo;est pas du milieu mais quand on entre dans un lieu abandonn\u00e9, \u00e7a pue,  parfois tu n&rsquo;as pas de lumi\u00e8re, tu marches sur des cadavres de rat&#8230; Je ne mets pas en sc\u00e8ne mais je d\u00e9place parfois des objets pour rendre la photo plus belle. Je fais tr\u00e8s peu de retouches mais je traite au niveau de la colorim\u00e9trie. Je rends la photographie plus lumineuse, j&rsquo;accentue les rayons de soleil&#8230; Mais souvent, les lieux se suffisent \u00e0 eux-m\u00eames.<\/p>\n<p>    <strong>Florent Devauchel<\/strong><br \/>\n        photographe urbex    <\/p><\/blockquote>\n<p>D\u00e9voiler son travail<\/p>\n<p class=\" wall-content\">\u00catre moins sur le terrain a permis \u00e0 Florent Devauchel de faire des expositions et sortir un livre. \u00ab\u00a0J\u2019ai mis du temps \u00e0 vouloir exposer. Au d\u00e9but, je ne me sentais pas l\u00e9gitime. Puis je me suis lanc\u00e9, et j\u2019ai pr\u00e9sent\u00e9 mes photographies. L\u00e0 les gens m\u2019ont demand\u00e9 de leur raconter des anecdotes de sorties, des histoires li\u00e9es aux photographies. C\u2019est comme cela qu\u2019est venue l\u2019id\u00e9e d\u2019\u00e9crire un livre.\u00a0\u00bb<\/p>\n<blockquote class=\"ac-article-quote wall-content\">\n<p>Cet univers m&rsquo;a permis de cr\u00e9er des amiti\u00e9s. Les expositions m&rsquo;ont permis de rencontrer des gens passionn\u00e9s comme moi. J&rsquo;ai pu faire un festival de photographies \u00e0 Perpignan Visa Off, une exposition \u00e0 Paris avec le street artist Combo. J&rsquo;ai d\u00e9couvert des belles personnes et des nouveaux univers.<\/p>\n<p>    <strong>Florent Devauchel<\/strong><br \/>\n        photographe urbex    <\/p><\/blockquote>\n<p class=\" wall-content\">Ainsi, si vous souhaitez rencontrer ce photographe et entendre quelques anecdotes d\u2019exploration, Florent Devauchel sera pr\u00e9sent \u00e0 l\u2019Armiti\u00e8re le 14 d\u00e9cembre \u00e0 15h pour pr\u00e9senter son nouvel ouvrage. Il s\u2019intitule : Derri\u00e8re les portes, volume 3. Pensez \u00e0 r\u00e9server via le lien ci-dessous.<\/p>\n<p><a href=\"https:\/\/url.de.m.mimecastprotect.com\/s\/Kn8MCXQgpGc1JG9GS6f3FWUCcB?domain=eventbrite.fr\" target=\"_blank\" rel=\"noopener\">Pour s\u2019inscrire pour la rencontre \u00e0 l\u2019Armiti\u00e8re<\/a>Suivez l\u2019actualit\u00e9 de Rouen <a href=\"https:\/\/www.whatsapp.com\/channel\/0029VaKfnf99hXF2ddApFB1D\" target=\"_blank\" rel=\"noopener\">sur notre cha\u00eene WhatsApp<\/a> et <a href=\"https:\/\/www.tiktok.com\/@76actu.fr?lang=fr\" target=\"_blank\" rel=\"noopener\">sur notre compte TikTok<\/a><\/p>\n<p class=\" wall-content\">Personnalisez votre actualit\u00e9 en ajoutant vos villes et m\u00e9dias en favori avec <a href=\"https:\/\/moncompte.actu.fr\" title=\"D\u00e9couvez Mon Actu\" rel=\"nofollow noopener\" data-trk=\"{&quot;cta&quot;:{&quot;action&quot;:&quot;https:\\\/\\\/moncompte.actu.fr&quot;,&quot;category&quot;:&quot;mon compte&quot;,&quot;from&quot;:&quot;article footer&quot;,&quot;name&quot;:&quot;Mon actu&quot;,&quot;type&quot;:&quot;cta&quot;}}\" target=\"_blank\">Mon Actu<\/a>.<\/p>\n<p>                    <script async src=\"\/\/www.tiktok.com\/embed.js\"><\/script><\/p>\n","protected":false},"excerpt":{"rendered":"Par Lily Dedeye Publi\u00e9 le 7 d\u00e9c. 2025 \u00e0 17h54 Florent Devauchel, 39 ans, vit \u00e0 Bonsecours et&hellip;\n","protected":false},"author":2,"featured_media":584597,"comment_status":"","ping_status":"","sticky":false,"template":"","format":"standard","meta":{"footnotes":""},"categories":[9587],"tags":[1111,11,1777,674,1011,27,1757,1652,12,5161,1756,25,9590],"class_list":{"0":"post-584596","1":"post","2":"type-post","3":"status-publish","4":"format-standard","5":"has-post-thumbnail","7":"category-rouen","8":"tag-actu","9":"tag-actualites","10":"tag-eu","11":"tag-europe","12":"tag-fr","13":"tag-france","14":"tag-insolite","15":"tag-loisirs-culture","16":"tag-news","17":"tag-normandie","18":"tag-photographie","19":"tag-republique-francaise","20":"tag-rouen"},"share_on_mastodon":{"url":"https:\/\/pubeurope.com\/@fr\/115679379370785379","error":""},"_links":{"self":[{"href":"https:\/\/www.europesays.com\/fr\/wp-json\/wp\/v2\/posts\/584596","targetHints":{"allow":["GET"]}}],"collection":[{"href":"https:\/\/www.europesays.com\/fr\/wp-json\/wp\/v2\/posts"}],"about":[{"href":"https:\/\/www.europesays.com\/fr\/wp-json\/wp\/v2\/types\/post"}],"author":[{"embeddable":true,"href":"https:\/\/www.europesays.com\/fr\/wp-json\/wp\/v2\/users\/2"}],"replies":[{"embeddable":true,"href":"https:\/\/www.europesays.com\/fr\/wp-json\/wp\/v2\/comments?post=584596"}],"version-history":[{"count":0,"href":"https:\/\/www.europesays.com\/fr\/wp-json\/wp\/v2\/posts\/584596\/revisions"}],"wp:featuredmedia":[{"embeddable":true,"href":"https:\/\/www.europesays.com\/fr\/wp-json\/wp\/v2\/media\/584597"}],"wp:attachment":[{"href":"https:\/\/www.europesays.com\/fr\/wp-json\/wp\/v2\/media?parent=584596"}],"wp:term":[{"taxonomy":"category","embeddable":true,"href":"https:\/\/www.europesays.com\/fr\/wp-json\/wp\/v2\/categories?post=584596"},{"taxonomy":"post_tag","embeddable":true,"href":"https:\/\/www.europesays.com\/fr\/wp-json\/wp\/v2\/tags?post=584596"}],"curies":[{"name":"wp","href":"https:\/\/api.w.org\/{rel}","templated":true}]}}