{"id":584598,"date":"2025-12-07T17:06:26","date_gmt":"2025-12-07T17:06:26","guid":{"rendered":"https:\/\/www.europesays.com\/fr\/584598\/"},"modified":"2025-12-07T17:06:26","modified_gmt":"2025-12-07T17:06:26","slug":"tous-les-resultats-de-la-13e-journee-et-le-classement","status":"publish","type":"post","link":"https:\/\/www.europesays.com\/fr\/584598\/","title":{"rendered":"tous les r\u00e9sultats de la 13e journ\u00e9e, et le classement"},"content":{"rendered":"<p>                    Par<br \/>\n        <strong><br \/>\n            <a href=\"https:\/\/actu.fr\/auteur\/nicolas-dendri-actu-fr\" title=\"Consulter tous les articles de Nicolas Dendri\" target=\"_blank\" rel=\"noopener\">Nicolas Dendri<\/a><br \/>\n                    <\/strong><\/p>\n<p>        Publi\u00e9 le<\/p>\n<p>            6 d\u00e9c. 2025 \u00e0 20h41        <\/p>\n<p><a href=\"https:\/\/actu.fr\/rugby\/nationale-rugby\" target=\"_blank\" rel=\"noopener\">La Nationale<\/a> a vu se disputer sa 13e journ\u00e9e de championnat ces 5 et 6 novembre. Apr\u00e8s sa performance \u00e0 Nice, <strong>Albi<\/strong> a confirm\u00e9 sa position de leader en s\u2019imposant contre P\u00e9rigueux \u00e0 domicile. Les Azur\u00e9ens sont all\u00e9s se relancer sur la pelouse de Rennes. Tout comme <strong>Rouen<\/strong> \u00e0 Tarbes. Voici tous les r\u00e9sultats, et le classement.<\/p>\n<p>Nationale : Albi solide leader\u00a0<\/p>\n<p class=\" wall-content\">Lors de la 12e journ\u00e9e, les Albigeois avaient r\u00e9ussi \u00e0 d\u00e9crocher un succ\u00e8s tonitruant sur la pelouse des Ni\u00e7ois. Une performance confirm\u00e9e ce week-end en s\u2019imposant 27-13 dans le P\u00e9rigord contre un adversaire direct aux premi\u00e8res places du classement. Apr\u00e8s la d\u00e9faite contre Albi, Nice s\u2019est largement impos\u00e9 \u00e0 Rennes (21-44) avec cinq essais inscrits.\u00a0<\/p>\n<p class=\" wall-content\">De son c\u00f4t\u00e9, Narbonne s\u2019installe \u00e0 la seconde place du classement apr\u00e8s sa victoire contre Bourgoin. Cette 13e journ\u00e9e a aussi permis \u00e0 Rouen d\u2019aller chercher son deuxi\u00e8me triomphe \u00e0 l\u2019ext\u00e9rieur (20-26) du c\u00f4t\u00e9 des Hautes-Pyr\u00e9n\u00e9es, gr\u00e2ce \u00e0 un essai de l\u2019ailier Kevin Bly \u00e0 la 76e minute. Autre prouesse en terre hostile : Massy l\u2019a emport\u00e9 dans le Nord \u00e0 Marcq-en-Bar\u0153ul.\u00a0<\/p>\n<p>Nationale : les r\u00e9sultats de la 13e journ\u00e9e<\/p>\n<ul class=\" wall-content\">\n<li>Tarbes \u2013 Rouen : 20-26<\/li>\n<li>Albi \u2013 P\u00e9rigueux : 27-13<\/li>\n<li>Suresnes \u2013 Chamb\u00e9ry : 24-23<\/li>\n<li>Bourg-en-Bresse \u2013 Niort : 26-13<\/li>\n<li>Marcq-en-Bar\u0153ul \u2013 Massy : 19-24<\/li>\n<li>Rennes \u2013 Nice : 21-44<\/li>\n<li>Narbonne \u2013 Bourgoin : 31-10<\/li>\n<\/ul>\n<p>Nationale : Le classement<\/p>\n<p class=\" wall-content\">Voici le classement apr\u00e8s la 13e journ\u00e9e de Nationale : <a href=\"https:\/\/actu.fr\/rugby\/classements-resultats\" target=\"_blank\" rel=\"noopener\">ici.<\/a><\/p>\n<p class=\" wall-content\"><strong>Nationale : le programme de la 13e journ\u00e9e<\/strong><\/p>\n<ul class=\" wall-content\">\n<li>Albi \u2013 Bourgoin : vendredi 12 d\u00e9cembre, 19h30<\/li>\n<li>Suresnes \u2013 Rouen : samedi 13 d\u00e9cembre, 17h<\/li>\n<li>Marcq-en-Baroeul \u2013 Niort : samedi 13 d\u00e9cembre, 17h30<\/li>\n<li>Nice \u2013 Tarbes : samedi 13 d\u00e9cembre, 18h\u00a0<\/li>\n<li>Narbonne \u2013 Massy : samedi 13 d\u00e9cembre, 18h<\/li>\n<li>Rennes \u2013 P\u00e9rigueux : samedi 13 d\u00e9cembre, 18h30<\/li>\n<li>Bourg-en-Bresse \u2013 Chamb\u00e9ry : samedi 13 d\u00e9cembre, 19h30<\/li>\n<\/ul>\n<p class=\" wall-content\">Personnalisez votre actualit\u00e9 en ajoutant vos villes et m\u00e9dias en favori avec <a href=\"https:\/\/moncompte.actu.fr\" title=\"D\u00e9couvez Mon Actu\" rel=\"nofollow noopener\" data-trk=\"{&quot;cta&quot;:{&quot;action&quot;:&quot;https:\\\/\\\/moncompte.actu.fr&quot;,&quot;category&quot;:&quot;mon compte&quot;,&quot;from&quot;:&quot;article footer&quot;,&quot;name&quot;:&quot;Mon actu&quot;,&quot;type&quot;:&quot;cta&quot;}}\" target=\"_blank\">Mon Actu<\/a>.<\/p>\n","protected":false},"excerpt":{"rendered":"Par Nicolas Dendri Publi\u00e9 le 6 d\u00e9c. 2025 \u00e0 20h41 La Nationale a vu se disputer sa 13e&hellip;\n","protected":false},"author":2,"featured_media":584599,"comment_status":"","ping_status":"","sticky":false,"template":"","format":"standard","meta":{"footnotes":""},"categories":[9587],"tags":[1111,11,1777,674,1011,27,4361,12,5161,3788,25,9590,479,60],"class_list":{"0":"post-584598","1":"post","2":"type-post","3":"status-publish","4":"format-standard","5":"has-post-thumbnail","7":"category-rouen","8":"tag-actu","9":"tag-actualites","10":"tag-eu","11":"tag-europe","12":"tag-fr","13":"tag-france","14":"tag-nationale","15":"tag-news","16":"tag-normandie","17":"tag-pro","18":"tag-republique-francaise","19":"tag-rouen","20":"tag-rugby","21":"tag-sports"},"share_on_mastodon":{"url":"https:\/\/pubeurope.com\/@fr\/115679381713923317","error":""},"_links":{"self":[{"href":"https:\/\/www.europesays.com\/fr\/wp-json\/wp\/v2\/posts\/584598","targetHints":{"allow":["GET"]}}],"collection":[{"href":"https:\/\/www.europesays.com\/fr\/wp-json\/wp\/v2\/posts"}],"about":[{"href":"https:\/\/www.europesays.com\/fr\/wp-json\/wp\/v2\/types\/post"}],"author":[{"embeddable":true,"href":"https:\/\/www.europesays.com\/fr\/wp-json\/wp\/v2\/users\/2"}],"replies":[{"embeddable":true,"href":"https:\/\/www.europesays.com\/fr\/wp-json\/wp\/v2\/comments?post=584598"}],"version-history":[{"count":0,"href":"https:\/\/www.europesays.com\/fr\/wp-json\/wp\/v2\/posts\/584598\/revisions"}],"wp:featuredmedia":[{"embeddable":true,"href":"https:\/\/www.europesays.com\/fr\/wp-json\/wp\/v2\/media\/584599"}],"wp:attachment":[{"href":"https:\/\/www.europesays.com\/fr\/wp-json\/wp\/v2\/media?parent=584598"}],"wp:term":[{"taxonomy":"category","embeddable":true,"href":"https:\/\/www.europesays.com\/fr\/wp-json\/wp\/v2\/categories?post=584598"},{"taxonomy":"post_tag","embeddable":true,"href":"https:\/\/www.europesays.com\/fr\/wp-json\/wp\/v2\/tags?post=584598"}],"curies":[{"name":"wp","href":"https:\/\/api.w.org\/{rel}","templated":true}]}}