{"id":584604,"date":"2025-12-07T17:09:37","date_gmt":"2025-12-07T17:09:37","guid":{"rendered":"https:\/\/www.europesays.com\/fr\/584604\/"},"modified":"2025-12-07T17:09:37","modified_gmt":"2025-12-07T17:09:37","slug":"des-tirs-entendus-dans-le-quartier-de-villejean-a-rennes-vendredi-soir","status":"publish","type":"post","link":"https:\/\/www.europesays.com\/fr\/584604\/","title":{"rendered":"Des tirs entendus dans le quartier de Villejean \u00e0 Rennes, vendredi soir"},"content":{"rendered":"<p>Plusieurs riverains confirment avoir entendu des tirs, aux environs de 20\u00a0h\u00a030, vendredi 5\u00a0d\u00e9cembre 2025, dans le quartier de Villejean \u00e0 Rennes.<strong> \u00ab\u00a0J\u2019ai entendu quatre coups de feu\u00a0: trois successifs puis un quatri\u00e8me\u00a0\u00bb<\/strong>, explique un homme crois\u00e9 sur place.<\/p>\n<p>\t<img decoding=\"async\" src=\"https:\/\/www.europesays.com\/fr\/wp-content\/uploads\/2025\/12\/P35623150D7096266G_px_640_.jpg\" alt=\"photo plusieurs coups de feu ont \u00e9t\u00e9 entendus dans le quartier de villejean \u00e0 rennes, vendredi soir 5\u00a0d\u00e9cembre 2025. la police patrouille sur place.  \u00a9  ouest-france\" width=\"640\" title=\" Plusieurs coups de feu ont \u00e9t\u00e9 entendus dans le quartier de Villejean \u00e0 Rennes, vendredi soir 5\u00a0d\u00e9cembre 2025. La police patrouille sur place.   Ouest-France \"\/><\/p>\n<p class=\"elmt-legende\"> Plusieurs coups de feu ont \u00e9t\u00e9 entendus dans le quartier de Villejean \u00e0 Rennes, vendredi soir 5\u00a0d\u00e9cembre 2025. La police patrouille sur place.   Ouest-France <\/p>\n<p>Une dizaine de policiers patrouillaient dans le secteur, et cherchaient des douilles pour \u00e9tayer les t\u00e9moignages des riverains. Aucun bless\u00e9 n\u2019a \u00e9t\u00e9 pris en charge par les pompiers.<\/p>\n<p>\u00a0<\/p>\n","protected":false},"excerpt":{"rendered":"Plusieurs riverains confirment avoir entendu des tirs, aux environs de 20\u00a0h\u00a030, vendredi 5\u00a0d\u00e9cembre 2025, dans le quartier de&hellip;\n","protected":false},"author":2,"featured_media":584605,"comment_status":"","ping_status":"","sticky":false,"template":"","format":"standard","meta":{"footnotes":""},"categories":[2821],"tags":[1111,11,829,25355,1777,674,1011,27,12,5775,584,25,3467,9655,6949,5375],"class_list":{"0":"post-584604","1":"post","2":"type-post","3":"status-publish","4":"format-standard","5":"has-post-thumbnail","7":"category-rennes","8":"tag-actu","9":"tag-actualites","10":"tag-bretagne","11":"tag-entendus","12":"tag-eu","13":"tag-europe","14":"tag-fr","15":"tag-france","16":"tag-news","17":"tag-quartier","18":"tag-rennes","19":"tag-republique-francaise","20":"tag-soir","21":"tag-tirs","22":"tag-vendredi","23":"tag-villejean"},"share_on_mastodon":{"url":"https:\/\/pubeurope.com\/@fr\/115679394265025934","error":""},"_links":{"self":[{"href":"https:\/\/www.europesays.com\/fr\/wp-json\/wp\/v2\/posts\/584604","targetHints":{"allow":["GET"]}}],"collection":[{"href":"https:\/\/www.europesays.com\/fr\/wp-json\/wp\/v2\/posts"}],"about":[{"href":"https:\/\/www.europesays.com\/fr\/wp-json\/wp\/v2\/types\/post"}],"author":[{"embeddable":true,"href":"https:\/\/www.europesays.com\/fr\/wp-json\/wp\/v2\/users\/2"}],"replies":[{"embeddable":true,"href":"https:\/\/www.europesays.com\/fr\/wp-json\/wp\/v2\/comments?post=584604"}],"version-history":[{"count":0,"href":"https:\/\/www.europesays.com\/fr\/wp-json\/wp\/v2\/posts\/584604\/revisions"}],"wp:featuredmedia":[{"embeddable":true,"href":"https:\/\/www.europesays.com\/fr\/wp-json\/wp\/v2\/media\/584605"}],"wp:attachment":[{"href":"https:\/\/www.europesays.com\/fr\/wp-json\/wp\/v2\/media?parent=584604"}],"wp:term":[{"taxonomy":"category","embeddable":true,"href":"https:\/\/www.europesays.com\/fr\/wp-json\/wp\/v2\/categories?post=584604"},{"taxonomy":"post_tag","embeddable":true,"href":"https:\/\/www.europesays.com\/fr\/wp-json\/wp\/v2\/tags?post=584604"}],"curies":[{"name":"wp","href":"https:\/\/api.w.org\/{rel}","templated":true}]}}