{"id":584606,"date":"2025-12-07T17:11:18","date_gmt":"2025-12-07T17:11:18","guid":{"rendered":"https:\/\/www.europesays.com\/fr\/584606\/"},"modified":"2025-12-07T17:11:18","modified_gmt":"2025-12-07T17:11:18","slug":"trafic-perturbe-a-rennes-voici-ou-il-sera-difficile-de-circuler-a-partir-du-lundi-8-decembre","status":"publish","type":"post","link":"https:\/\/www.europesays.com\/fr\/584606\/","title":{"rendered":"Trafic perturb\u00e9 \u00e0 Rennes\u00a0: voici o\u00f9 il sera difficile de circuler \u00e0 partir du lundi 8\u00a0d\u00e9cembre"},"content":{"rendered":"<p>&#8211; <strong>Boulevard Ren\u00e9 La\u00ebnnec :<\/strong> du lundi 8 au vendredi 12 d\u00e9cembre, la circulation sera altern\u00e9e de 9 h \u00e0 16 h 30, entre la rue Dupont des Loges et la rue Alphonse Gu\u00e9rin, afin de permettre \u00e0 Rennes M\u00e9tropole le d\u00e9montage de b\u00e2timents modulaires.<\/p>\n<p>&#8211; <strong>Rue de Brindejonc des Moulinais :<\/strong> du lundi 8 au vendredi 12 d\u00e9cembre, la circulation sera interdite \u00e0 l\u2019intersection avec la rue de Lorient, afin de permettre des travaux pr\u00e9paratoires dans le cadre de l\u2019am\u00e9nagement de <a href=\"https:\/\/www.letelegramme.fr\/ille-et-vilaine\/rennes-35000\/trambus-a-rennes-ce-que-ca-va-changer-6746505.php\" target=\"_blank\" rel=\"noopener\">la ligne T2 du trambus<\/a>. Une d\u00e9viation sera mise en place par la rue de Lorient, la rue Charles et Paul G\u00e9niaux et la rue des Arts.<\/p>\n<p>&#8211; <strong>Rue des Veyettes :<\/strong> du lundi 8 au vendredi 12 d\u00e9cembre, la circulation sera altern\u00e9e entre la rue du Hoguet et la rue du Pr\u00e9 Garel, afin de permettre <a href=\"https:\/\/www.letelegramme.fr\/ille-et-vilaine\/rennes-35000\/eau-du-bassin-rennais-face-aux-polluants-eternels-quelles-sont-les-solutions-envisagees-6746820.php\" target=\"_blank\" rel=\"noopener\">\u00e0 Eau du Bassin Rennais<\/a> d\u2019intervenir sur le r\u00e9seau d\u2019eau potable.<\/p>\n<p>&#8211; <strong>Rue de Ch\u00e2teaugiron :<\/strong> du lundi 8 au vendredi 12 d\u00e9cembre, la chauss\u00e9e sera r\u00e9tr\u00e9cie en la rue Jos\u00e9phine Baker et l\u2019avenue Georges Henri Rivi\u00e8re, pour permettre \u00e0 Rennes M\u00e9tropole de r\u00e9aliser des travaux de voirie.<\/p>\n","protected":false},"excerpt":{"rendered":"&#8211; Boulevard Ren\u00e9 La\u00ebnnec : du lundi 8 au vendredi 12 d\u00e9cembre, la circulation sera altern\u00e9e de 9&hellip;\n","protected":false},"author":2,"featured_media":584607,"comment_status":"","ping_status":"","sticky":false,"template":"","format":"standard","meta":{"footnotes":""},"categories":[2821],"tags":[1111,11,829,21017,1777,674,1011,27,848,12,584,25],"class_list":{"0":"post-584606","1":"post","2":"type-post","3":"status-publish","4":"format-standard","5":"has-post-thumbnail","7":"category-rennes","8":"tag-actu","9":"tag-actualites","10":"tag-bretagne","11":"tag-deplacements-a-rennes","12":"tag-eu","13":"tag-europe","14":"tag-fr","15":"tag-france","16":"tag-ille-et-vilaine","17":"tag-news","18":"tag-rennes","19":"tag-republique-francaise"},"share_on_mastodon":{"url":"https:\/\/pubeurope.com\/@fr\/115679401362050730","error":""},"_links":{"self":[{"href":"https:\/\/www.europesays.com\/fr\/wp-json\/wp\/v2\/posts\/584606","targetHints":{"allow":["GET"]}}],"collection":[{"href":"https:\/\/www.europesays.com\/fr\/wp-json\/wp\/v2\/posts"}],"about":[{"href":"https:\/\/www.europesays.com\/fr\/wp-json\/wp\/v2\/types\/post"}],"author":[{"embeddable":true,"href":"https:\/\/www.europesays.com\/fr\/wp-json\/wp\/v2\/users\/2"}],"replies":[{"embeddable":true,"href":"https:\/\/www.europesays.com\/fr\/wp-json\/wp\/v2\/comments?post=584606"}],"version-history":[{"count":0,"href":"https:\/\/www.europesays.com\/fr\/wp-json\/wp\/v2\/posts\/584606\/revisions"}],"wp:featuredmedia":[{"embeddable":true,"href":"https:\/\/www.europesays.com\/fr\/wp-json\/wp\/v2\/media\/584607"}],"wp:attachment":[{"href":"https:\/\/www.europesays.com\/fr\/wp-json\/wp\/v2\/media?parent=584606"}],"wp:term":[{"taxonomy":"category","embeddable":true,"href":"https:\/\/www.europesays.com\/fr\/wp-json\/wp\/v2\/categories?post=584606"},{"taxonomy":"post_tag","embeddable":true,"href":"https:\/\/www.europesays.com\/fr\/wp-json\/wp\/v2\/tags?post=584606"}],"curies":[{"name":"wp","href":"https:\/\/api.w.org\/{rel}","templated":true}]}}