{"id":584608,"date":"2025-12-07T17:12:32","date_gmt":"2025-12-07T17:12:32","guid":{"rendered":"https:\/\/www.europesays.com\/fr\/584608\/"},"modified":"2025-12-07T17:12:32","modified_gmt":"2025-12-07T17:12:32","slug":"les-elus-municipaux-ont-percu-pres-de-12-million-deuros-dindemnites-en-2025","status":"publish","type":"post","link":"https:\/\/www.europesays.com\/fr\/584608\/","title":{"rendered":"les \u00e9lus municipaux ont per\u00e7u pr\u00e8s de 1,2 million d\u2019euros d\u2019indemnit\u00e9s en 2025"},"content":{"rendered":"<p>                    Par<br \/>\n        <strong><br \/>\n            <a href=\"https:\/\/actu.fr\/auteur\/thomas-blanc\" title=\"Consulter tous les articles de Thomas Blanc\" target=\"_blank\" rel=\"noopener\">Thomas Blanc<\/a><br \/>\n                    <\/strong><\/p>\n<p>        Publi\u00e9 le<\/p>\n<p>            7 d\u00e9c. 2025 \u00e0 18h02        <\/p>\n<p>Conform\u00e9ment \u00e0 la loi, la Ville de <a href=\"https:\/\/actu.fr\/strasbourg\/\" target=\"_blank\" rel=\"noopener\">Strasbourg<\/a> a rendu publiques <strong>les indemnit\u00e9s per\u00e7ues en 2025 par ses \u00e9lus<\/strong>. Pour rappel, la maire de la capitale alsacienne, Jeanne Barseghian, avait fait <a href=\"https:\/\/actu.fr\/grand-est\/strasbourg_67482\/jeanne-barseghian-la-nouvelle-maire-de-strasbourg-veut-baisser-ses-indemnites-mensuelles_35063050.html\" target=\"_blank\" rel=\"noopener\">baisser ses indemnit\u00e9s<\/a> et celles de son premier adjoint d\u00e8s son entr\u00e9e en fonction en 2020.<\/p>\n<p>Le total des sommes per\u00e7ues par les \u00e9lus avoisine 1,2 million d\u2019euros<\/p>\n<p class=\" wall-content\">Diriger la ville de Strasbourg rapporte donc<strong> 61\u2009657 euros bruts<\/strong> en 2025. C\u2019est plus de deux fois les indemnit\u00e9s touch\u00e9es par les 19 adjoints et adjointes (<strong>30\u2009212\u00a0euros<\/strong>).<\/p>\n<p>    <img   decoding=\"async\" loading=\"lazy\" src=\"https:\/\/www.europesays.com\/fr\/wp-content\/uploads\/2025\/12\/remuneration-elus-strasbourg-960x640.jpg\" alt=\"Extrait du document r\u00e9capitulant les indemnit\u00e9s de chaque \u00e9lu de la Ville de Strasbourg.\" width=\"960\" height=\"640\"\/><br \/>\n    Extrait du document r\u00e9capitulant les indemnit\u00e9s annuelles de chaque \u00e9lu de la Ville de Strasbourg. (\u00a9Actu Strasbourg)<\/p>\n<p class=\" wall-content\">Les 24 conseillers et <strong>conseill\u00e8res municipaux d\u00e9l\u00e9gu\u00e9s<\/strong> per\u00e7oivent dans le cadre de leur fonction, <strong>12\u2009682\u00a0euros annuels<\/strong>.<\/p>\n<p class=\" wall-content\">Les 22 conseillers municipaux de la majorit\u00e9 et de l\u2019opposition ont eux \u00e9t\u00e9 r\u00e9tribu\u00e9s \u00e0 hauteur de 6\u2009277 euros. Le total des indemnit\u00e9s per\u00e7ues par tous les \u00e9lus \u00e9quivaut \u00e0 <strong>1 194 847,06\u00a0euros<\/strong> pour l\u2019ann\u00e9e 2025.<\/p>\n<p>    <img   decoding=\"async\" loading=\"lazy\" src=\"https:\/\/www.europesays.com\/fr\/wp-content\/uploads\/2025\/12\/remuneration-elus-strasbourg-2-960x640.jpg\" alt=\"Les indemnit\u00e9s des conseillers municipaux en 2025.\" width=\"960\" height=\"640\"\/><br \/>\n    Les indemnit\u00e9s des conseillers municipaux en 2025. (\u00a9Actu Strasbourg)Plusieurs sources de revenus pour certains<\/p>\n<p class=\" wall-content\">Pour certains, ces indemnit\u00e9s touch\u00e9es pour si\u00e9ger au conseil municipal sont compl\u00e9t\u00e9es par celles dues \u00e0 <strong>leur pr\u00e9sence dans des soci\u00e9t\u00e9s d\u2019\u00e9conomie mixte<\/strong> (SEM). L\u2019indemnit\u00e9 2025 du conseiller municipal Antoine Dubois passe par exemple de 12\u2009682 euros \u00e0 35\u2009698 euros. Ce dernier touchant 23\u2009000 euros annuels pour pr\u00e9sider GDS, historiquement Gaz de Strasbourg.<\/p>\n<p>Votre r\u00e9gion, votre actu !<\/p>\n<p>Recevez chaque jour les infos qui comptent pour vous.<\/p>\n<p>\t<a href=\"https:\/\/actu.fr\/newsletter\" class=\"ac-btn ac-btn--corner ac-btn--medium ac-btn--blue800\" target=\"_blank\" rel=\"noopener\">S&rsquo;incrire<\/a><\/p>\n<p>    <img   decoding=\"async\" loading=\"lazy\" src=\"https:\/\/www.europesays.com\/fr\/wp-content\/uploads\/2025\/12\/sans-titre-960x640.jpg\" alt=\"Certains \u00e9lus touchent des indemnit\u00e9s pour deux fonctions.\" width=\"960\" height=\"640\"\/><br \/>\n    Certains \u00e9lus touchent des indemnit\u00e9s pour deux fonctions. (\u00a9Actu Strasbourg)<\/p>\n<p class=\" wall-content\">M\u00eame logique pour Salem Drici qui per\u00e7oit 23\u2009500\u00a0euros en \u00e9tant la t\u00eate de Strasbourg Evenements, Antoine Neumann (SPL stationnement sur voirie) ou encore Anne Mistler qui chapeaute l\u2019<a href=\"https:\/\/actu.fr\/grand-est\/strasbourg_67482\/opera-national-du-rhin-a-strasbourg-le-projet-de-renovation-devoile-voici-ce-qu-il-faut-en-retenir_62496236.html\" target=\"_blank\" rel=\"noopener\">Op\u00e9ra national du Rhin<\/a> pour 12\u2009000\u00a0euros par an.<\/p>\n<p class=\" wall-content\">Personnalisez votre actualit\u00e9 en ajoutant vos villes et m\u00e9dias en favori avec <a href=\"https:\/\/moncompte.actu.fr\" title=\"D\u00e9couvez Mon Actu\" rel=\"nofollow noopener\" data-trk=\"{&quot;cta&quot;:{&quot;action&quot;:&quot;https:\\\/\\\/moncompte.actu.fr&quot;,&quot;category&quot;:&quot;mon compte&quot;,&quot;from&quot;:&quot;article footer&quot;,&quot;name&quot;:&quot;Mon actu&quot;,&quot;type&quot;:&quot;cta&quot;}}\" target=\"_blank\">Mon Actu<\/a>.<\/p>\n","protected":false},"excerpt":{"rendered":"Par Thomas Blanc Publi\u00e9 le 7 d\u00e9c. 2025 \u00e0 18h02 Conform\u00e9ment \u00e0 la loi, la Ville de Strasbourg&hellip;\n","protected":false},"author":2,"featured_media":282008,"comment_status":"","ping_status":"","sticky":false,"template":"","format":"standard","meta":{"footnotes":""},"categories":[2820],"tags":[1111,11,1261,1777,674,1011,27,775,12,25,104,640],"class_list":{"0":"post-584608","1":"post","2":"type-post","3":"status-publish","4":"format-standard","5":"has-post-thumbnail","7":"category-strasbourg","8":"tag-actu","9":"tag-actualites","10":"tag-argent","11":"tag-eu","12":"tag-europe","13":"tag-fr","14":"tag-france","15":"tag-grand-est","16":"tag-news","17":"tag-republique-francaise","18":"tag-societe","19":"tag-strasbourg"},"share_on_mastodon":{"url":"https:\/\/pubeurope.com\/@fr\/115679406105406688","error":""},"_links":{"self":[{"href":"https:\/\/www.europesays.com\/fr\/wp-json\/wp\/v2\/posts\/584608","targetHints":{"allow":["GET"]}}],"collection":[{"href":"https:\/\/www.europesays.com\/fr\/wp-json\/wp\/v2\/posts"}],"about":[{"href":"https:\/\/www.europesays.com\/fr\/wp-json\/wp\/v2\/types\/post"}],"author":[{"embeddable":true,"href":"https:\/\/www.europesays.com\/fr\/wp-json\/wp\/v2\/users\/2"}],"replies":[{"embeddable":true,"href":"https:\/\/www.europesays.com\/fr\/wp-json\/wp\/v2\/comments?post=584608"}],"version-history":[{"count":0,"href":"https:\/\/www.europesays.com\/fr\/wp-json\/wp\/v2\/posts\/584608\/revisions"}],"wp:featuredmedia":[{"embeddable":true,"href":"https:\/\/www.europesays.com\/fr\/wp-json\/wp\/v2\/media\/282008"}],"wp:attachment":[{"href":"https:\/\/www.europesays.com\/fr\/wp-json\/wp\/v2\/media?parent=584608"}],"wp:term":[{"taxonomy":"category","embeddable":true,"href":"https:\/\/www.europesays.com\/fr\/wp-json\/wp\/v2\/categories?post=584608"},{"taxonomy":"post_tag","embeddable":true,"href":"https:\/\/www.europesays.com\/fr\/wp-json\/wp\/v2\/tags?post=584608"}],"curies":[{"name":"wp","href":"https:\/\/api.w.org\/{rel}","templated":true}]}}