{"id":584615,"date":"2025-12-07T17:16:13","date_gmt":"2025-12-07T17:16:13","guid":{"rendered":"https:\/\/www.europesays.com\/fr\/584615\/"},"modified":"2025-12-07T17:16:13","modified_gmt":"2025-12-07T17:16:13","slug":"interview-a-nantes-le-pere-noel-et-ses-lutins-vont-a-la-rencontre-des-enfants","status":"publish","type":"post","link":"https:\/\/www.europesays.com\/fr\/584615\/","title":{"rendered":"Interview. \u00c0 Nantes, le P\u00e8re No\u00ebl et ses lutins vont \u00e0 la rencontre des enfants"},"content":{"rendered":"<p>                    Par<br \/>\n        <strong><br \/>\n            <a href=\"https:\/\/actu.fr\/auteur\/laure-gentil\" title=\"Consulter tous les articles de Laure Gentil\" target=\"_blank\" rel=\"noopener\">Laure Gentil<\/a><br \/>\n                    <\/strong><\/p>\n<p>        Publi\u00e9 le<\/p>\n<p>            7 d\u00e9c. 2025 \u00e0 17h00        <\/p>\n<p>Assis sur son si\u00e8ge rouge et or \u00e0 c\u00f4t\u00e9 du <b>Man\u00e8ge \u00c9ternel<\/b>, le<b> P\u00e8re No\u00ebl<\/b> accueille les enfants avec le sourire. Il est venu sp\u00e9cialement au <b>Bouffay <\/b>pour les rencontrer avant les f\u00eates de No\u00ebl et v\u00e9rifier, s\u2019ils ont \u00e9t\u00e9 sages bien s\u00fbr. \u00c0 ses c\u00f4t\u00e9s, quatre fid\u00e8les <b>lutins<\/b>, qui distribuent des brioches et des friandises. Le P\u00e8re No\u00ebl et un de ses lutins ont accept\u00e9 de r\u00e9pondre aux questions d\u2019actu Nantes.<\/p>\n<p class=\"ac-article-content__question wall-content\">C\u2019est la question que tout le monde se pose\u2009: \u00eates-vous le vrai P\u00e8re No\u00ebl ou est-ce que le vrai P\u00e8re No\u00ebl est sur la place du march\u00e9\u2009?<\/p>\n<p class=\" wall-content\">Le v\u00e9ritable P\u00e8re No\u00ebl, je pourrais bien dire que c\u2019est moi. Mais, je crois que celui qui est au\u00a0march\u00e9, place Royale, dira de m\u00eame\u2009!<\/p>\n<p class=\"ac-article-content__question wall-content\">Est-ce que les enfants Nantais sont plus sages que les autres\u2009?<\/p>\n<p class=\" wall-content\">Tous les enfants sont sages. Il n\u2019y a pas sp\u00e9cialement les Nantais. Les Herblinois, les Rez\u00e9ens, les S\u00e9bastiennais, les Luc\u00e9ens et toutes les communes aux alentours de Nantes, ils sont aussi sages que les autres. Je suis venu ici pour faire plaisir aux enfants. Les enfants, ce sont les plus importants \u00e0 No\u00ebl.<\/p>\n<p class=\"ac-article-content__question wall-content\">Quand est-il possible de vous voir \u00e0 c\u00f4t\u00e9 du man\u00e8ge\u2009?<\/p>\n<p class=\" wall-content\">Sur la place du Bouffay, c\u2019est le 3, le 7 et le 17\u00a0d\u00e9cembre. Et surtout le 13\u00a0d\u00e9cembre, je vais prendre mon tra\u00eeneau, tir\u00e9 par des rennes, et je naviguerai dans les rues du Bouffay.<\/p>\n<p class=\"ac-article-content__question wall-content\">Employez-vous une m\u00e9thode sp\u00e9ciale pour livrer les cadeaux \u00e0 Nantes\u2009? Les lutins vous aident-ils\u2009?<\/p>\n<p class=\" wall-content\">Ah oui, j\u2019ai une technique bien nantaise, c\u2019est-\u00e0-dire de se placer tout l\u00e0-haut, et de jeter \u00e7a en vrac et \u00e7a arrive dans la bonne chemin\u00e9e. Bien s\u00fbr, je suis aid\u00e9 des lutins. La partie la plus cruciale de leur travail, c\u2019est d\u2019aider le P\u00e8re No\u00ebl.<\/p>\n<p>    <img   decoding=\"async\" loading=\"lazy\" class=\"size-large\" src=\"https:\/\/www.europesays.com\/fr\/wp-content\/uploads\/2025\/12\/f8ec6c73513965bec6c7351396fec6v-960x640.jpeg\" alt=\"Le P\u00e8re No\u00ebl vient rendre visite aux enfants place du Bouffay \u00e0 Nantes.\" width=\"960\" height=\"640\"\/><br \/>\n    Le P\u00e8re No\u00ebl vient rendre visite aux enfants place du Bouffay \u00e0 Nantes. \u00a9Laure Gentil \/ actu Nantes<\/p>\n<p class=\"ac-article-content__question wall-content\">Et du c\u00f4t\u00e9 des lutins justement, aimez-vous travailler avec le P\u00e8re No\u00ebl\u2009? Comment sont les conditions de travail ?<\/p>\n<p class=\" wall-content\">\u00c7a change de la M\u00e8re No\u00ebl\u2009! C\u2019est quelque chose la M\u00e8re No\u00ebl, alors que le P\u00e8re No\u00ebl, lui, il offre des cadeaux\u2009! La M\u00e8re No\u00ebl, ce n\u2019est pas pareil, elle serre la vis.<\/p>\n<p>Votre r\u00e9gion, votre actu !<\/p>\n<p>Recevez chaque jour les infos qui comptent pour vous.<\/p>\n<p>\t<a href=\"https:\/\/actu.fr\/newsletter\" class=\"ac-btn ac-btn--corner ac-btn--medium ac-btn--blue800\" target=\"_blank\" rel=\"noopener\">S&rsquo;incrire<\/a><\/p>\n<p class=\"ac-article-content__question wall-content\">Que faut-il mettre sur son CV pour devenir lutin du P\u00e8re No\u00ebl\u2009?<\/p>\n<p class=\" wall-content\">Pour \u00eatre lutin, il faut le sourire, la bonne humeur et un bon soleil. On aide \u00e0 pr\u00e9parer les cadeaux. Je n\u2019ai plus envie de faire autre chose\u2009! On va bient\u00f4t commencer \u00e0 charger le tra\u00eeneau.<\/p>\n<p class=\"ac-article-content__question wall-content\">Pourquoi avez-vous d\u00e9cid\u00e9 de vous installer au Bouffay\u2009? Est-ce votre endroit pr\u00e9f\u00e9r\u00e9 dans Nantes\u2009?<\/p>\n<p class=\" wall-content\">Le P\u00e8re No\u00ebl aime particuli\u00e8rement le quartier du Bouffay, il y a plein de chemin\u00e9es. Dans les autres quartiers, c\u2019est plus compliqu\u00e9, avec les radiateurs\u2026 Aussi, pour entrer sans chemin\u00e9es, il a ses petits secrets\u2009!<\/p>\n<p class=\" wall-content\">Personnalisez votre actualit\u00e9 en ajoutant vos villes et m\u00e9dias en favori avec <a href=\"https:\/\/moncompte.actu.fr\" title=\"D\u00e9couvez Mon Actu\" rel=\"nofollow noopener\" data-trk=\"{&quot;cta&quot;:{&quot;action&quot;:&quot;https:\\\/\\\/moncompte.actu.fr&quot;,&quot;category&quot;:&quot;mon compte&quot;,&quot;from&quot;:&quot;article footer&quot;,&quot;name&quot;:&quot;Mon actu&quot;,&quot;type&quot;:&quot;cta&quot;}}\" target=\"_blank\">Mon Actu<\/a>.<\/p>\n","protected":false},"excerpt":{"rendered":"Par Laure Gentil Publi\u00e9 le 7 d\u00e9c. 2025 \u00e0 17h00 Assis sur son si\u00e8ge rouge et or \u00e0&hellip;\n","protected":false},"author":2,"featured_media":584616,"comment_status":"","ping_status":"","sticky":false,"template":"","format":"standard","meta":{"footnotes":""},"categories":[2818],"tags":[1111,11,1777,674,1011,27,1757,766,12,15830,2636,25],"class_list":{"0":"post-584615","1":"post","2":"type-post","3":"status-publish","4":"format-standard","5":"has-post-thumbnail","7":"category-nantes","8":"tag-actu","9":"tag-actualites","10":"tag-eu","11":"tag-europe","12":"tag-fr","13":"tag-france","14":"tag-insolite","15":"tag-nantes","16":"tag-news","17":"tag-noel","18":"tag-pays-de-la-loire","19":"tag-republique-francaise"},"share_on_mastodon":{"url":"https:\/\/pubeurope.com\/@fr\/115679421752394097","error":""},"_links":{"self":[{"href":"https:\/\/www.europesays.com\/fr\/wp-json\/wp\/v2\/posts\/584615","targetHints":{"allow":["GET"]}}],"collection":[{"href":"https:\/\/www.europesays.com\/fr\/wp-json\/wp\/v2\/posts"}],"about":[{"href":"https:\/\/www.europesays.com\/fr\/wp-json\/wp\/v2\/types\/post"}],"author":[{"embeddable":true,"href":"https:\/\/www.europesays.com\/fr\/wp-json\/wp\/v2\/users\/2"}],"replies":[{"embeddable":true,"href":"https:\/\/www.europesays.com\/fr\/wp-json\/wp\/v2\/comments?post=584615"}],"version-history":[{"count":0,"href":"https:\/\/www.europesays.com\/fr\/wp-json\/wp\/v2\/posts\/584615\/revisions"}],"wp:featuredmedia":[{"embeddable":true,"href":"https:\/\/www.europesays.com\/fr\/wp-json\/wp\/v2\/media\/584616"}],"wp:attachment":[{"href":"https:\/\/www.europesays.com\/fr\/wp-json\/wp\/v2\/media?parent=584615"}],"wp:term":[{"taxonomy":"category","embeddable":true,"href":"https:\/\/www.europesays.com\/fr\/wp-json\/wp\/v2\/categories?post=584615"},{"taxonomy":"post_tag","embeddable":true,"href":"https:\/\/www.europesays.com\/fr\/wp-json\/wp\/v2\/tags?post=584615"}],"curies":[{"name":"wp","href":"https:\/\/api.w.org\/{rel}","templated":true}]}}