{"id":584619,"date":"2025-12-07T17:18:11","date_gmt":"2025-12-07T17:18:11","guid":{"rendered":"https:\/\/www.europesays.com\/fr\/584619\/"},"modified":"2025-12-07T17:18:11","modified_gmt":"2025-12-07T17:18:11","slug":"trop-absent-et-mauvais-payeur-la-mairie-de-bordeaux-vire-un-commercant-de-ses-marches-municipaux","status":"publish","type":"post","link":"https:\/\/www.europesays.com\/fr\/584619\/","title":{"rendered":"Trop absent et mauvais payeur, la mairie de Bordeaux vire un commer\u00e7ant de ses march\u00e9s municipaux"},"content":{"rendered":"<p>                    Par<br \/>\n        <strong><br \/>\n            <a href=\"https:\/\/actu.fr\/auteur\/redaction-bordeaux\" title=\"Consulter tous les articles de R\u00e9daction Bordeaux\" target=\"_blank\" rel=\"noopener\">R\u00e9daction Bordeaux<\/a><br \/>\n                    <\/strong><\/p>\n<p>        Publi\u00e9 le<\/p>\n<p>            7 d\u00e9c. 2025 \u00e0 17h26        <\/p>\n<p>Pour avoir \u00e9t\u00e9 \u00e9vinc\u00e9 de ses march\u00e9s municipaux, ce <strong>r\u00f4tisseur de Lagorce<\/strong> avait attaqu\u00e9 en justice la mairie de Bordeaux mais il a \u00e9t\u00e9 d\u00e9bout\u00e9 par le <a href=\"https:\/\/actu.fr\/tag\/tribunal-de-bordeaux\" target=\"_blank\" rel=\"noopener\">tribunal administratif<\/a>. Pour rappel, <strong>Quentin Flayac<\/strong> s\u2019\u00e9tait d\u2019abord fait retirer son autorisation, le 11 octobre 2022, pour occuper un emplacement sur le <strong>march\u00e9 couvert des Chartrons<\/strong> mais son <strong>\u00ab\u00a0absence d\u2019occupation r\u00e9guli\u00e8re\u00a0\u00bb<\/strong> ne permettait pas de <strong>\u00ab\u00a0maintenir une animation suffisante\u00a0\u00bb<\/strong> au sein de la halle, avait justifi\u00e9 \u00e0 l\u2019\u00e9poque la municipalit\u00e9.<\/p>\n<p class=\" wall-content\">\u00ab\u00a0Sans que cela ne soit s\u00e9rieusement contredit par le requ\u00e9rant, l\u2019emplacement a fait l\u2019objet de <strong>nombreuses inoccupations\u00a0\u00bb<\/strong>, confirme le tribunal administratif de Bordeaux dans un premier jugement en date du 7 octobre 2025 qui vient d\u2019\u00eatre rendu public.<\/p>\n<p>Le r\u00f4tisseur ne respectait pas le r\u00e8glement\u00a0<\/p>\n<p class=\" wall-content\">\u00ab\u00a0Outre une occupation partielle durant de nombreux mois de l\u2019ann\u00e9e 2020, l\u2019int\u00e9ress\u00e9 reconna\u00eet utiliser en r\u00e9alit\u00e9 cet emplacement<strong> exclusivement les samedis depuis six ann\u00e9es<\/strong> alors que le r\u00e8glement impose une pr\u00e9sence quotidienne concordante avec l\u2019ouverture quotidienne du march\u00e9.\u00a0\u00bb<\/p>\n<p class=\" wall-content\">Des \u00ab\u00a0\u00e9changes de courriers et courriels\u00a0\u00bb avaient aussi permis de \u00ab\u00a0r\u00e9v\u00e9ler la volont\u00e9 de Quentin Flayac de quitter l\u2019emplacement et de proc\u00e9der \u00e0 la vente\u00a0\u00bb. \u00ab\u00a0Les <strong>difficult\u00e9s \u00e9conomiques<\/strong> dont l\u2019int\u00e9ress\u00e9 fait \u00e9tat, de m\u00eame que le seul arr\u00eat-maladie dont il justifie, portant uniquement sur le mois de juin 2022, pour regrettables qu\u2019ils soient, ne peuvent suffire \u00e0 caract\u00e9riser les absences r\u00e9p\u00e9t\u00e9es sur l\u2019emplacement\u00a0\u00bb, estiment donc les juges.<\/p>\n<p class=\" wall-content\">Dans un deuxi\u00e8me jugement en date du m\u00eame jour, le tribunal administratif de Bordeaux valide aussi les d\u00e9cisions prises en mai 2023 \u00e0 l\u2019encontre du r\u00f4tisseur de Lagorce : son autorisation sur le parvis de l\u2019\u00e9glise au niveau de la halle des Chartrons n\u2019avait pas \u00e9t\u00e9 renouvel\u00e9e et celle concernant le <strong>march\u00e9 des quais des Chartrons<\/strong> r\u00e9duisait son \u00e9tal \u00ab\u00a0\u00e0 cinq m\u00e8tres de lin\u00e9aire\u00a0\u00bb.<\/p>\n<p class=\" wall-content\">Un courrier lui avait par ailleurs \u00e9t\u00e9 envoy\u00e9 pour lui \u00ab\u00a0interdire de commercialiser des <strong>pr\u00e9parations culinaires transform\u00e9es<\/strong> autres que celles provenant de son \u00e9levage\u00a0\u00bb.<\/p>\n<p>Les factures n\u2019\u00e9taient pas r\u00e9gl\u00e9es dans les temps<\/p>\n<p class=\" wall-content\">La premi\u00e8re d\u00e9cision avait \u00e9t\u00e9 justifi\u00e9e par la Ville de Bordeaux par le fait que le commer\u00e7ant \u00e9tait dans <strong>\u00ab\u00a0l\u2019incapacit\u00e9 de payer les redevances\u00a0\u00bb<\/strong> qu\u2019elle lui r\u00e9clamait, qu\u2019elle avait \u00ab\u00a0la volont\u00e9 d\u2019entreprendre des travaux afin de cr\u00e9er un large espace pi\u00e9tonnier\u00a0\u00bb et que la \u00ab\u00a0graisse\u00a0\u00bb de la r\u00f4tisserie avait \u00ab\u00a0bouch\u00e9 les r\u00e9seaux d\u2019\u00e9vacuation\u00a0\u00bb des eaux\u2026<\/p>\n<p>Votre r\u00e9gion, votre actu !<\/p>\n<p>Recevez chaque jour les infos qui comptent pour vous.<\/p>\n<p>\t<a href=\"https:\/\/actu.fr\/newsletter\" class=\"ac-btn ac-btn--corner ac-btn--medium ac-btn--blue800\" target=\"_blank\" rel=\"noopener\">S&rsquo;incrire<\/a><\/p>\n<p class=\" wall-content\">\u00ab\u00a0\u00c0 supposer que [les deux derniers motifs] soient mat\u00e9riellement inexacts, le maire de Bordeaux aurait pris la m\u00eame d\u00e9cision s\u2019il n\u2019avait retenu que l\u2019incapacit\u00e9 de Quentin Flayac \u00e0 payer les redevances\u00a0\u00bb, tranche le tribunal administratif.<\/p>\n<p class=\" wall-content\">Le r\u00e8glement des march\u00e9s de plein air de la ville impose en effet que les \u00ab\u00a0droits de place\u00a0\u00bb soient \u00ab\u00a0per\u00e7us par anticipation au premier jour de la p\u00e9riode factur\u00e9e\u00a0\u00bb. Or <strong>plusieurs factures n\u2019avaient pas \u00e9t\u00e9 r\u00e9gl\u00e9es<\/strong> \u00ab\u00a0dans les temps\u00a0\u00bb, ce qui avait justifi\u00e9 des \u00ab\u00a0courriers de relance\u00a0\u00bb et une \u00ab\u00a0mise en demeure\u00a0\u00bb.<\/p>\n<p>Une soci\u00e9t\u00e9 en liquidation judiciaire<\/p>\n<p class=\" wall-content\">\u00ab\u00a0La circonstance all\u00e9gu\u00e9e mais non d\u00e9montr\u00e9e selon laquelle l\u2019int\u00e9ress\u00e9 aurait investi dans l\u2019acquisition de deux r\u00f4tisseries ambulantes de 4,50 m\u00e8tres chacune ne peut, \u00e0 elle seule, suffire \u00e0 d\u00e9montrer que cette d\u00e9cision serait entach\u00e9e d\u2019une erreur manifeste d\u2019appr\u00e9ciation\u00a0\u00bb, disent aussi les juges \u00e0 propos de la r\u00e9duction de la taille de l\u2019\u00e9tal du commer\u00e7ant.<\/p>\n<p class=\" wall-content\">Enfin, le 16 octobre 2023, le maire de Bordeaux Pierre Hurmic avait abrog\u00e9 l\u2019autorisation qu\u2019il avait donn\u00e9e quatre mois plus t\u00f4t au r\u00f4tisseur pour occuper un emplacement sur le march\u00e9 des quais : sa soci\u00e9t\u00e9 La Plume avait en effet \u00e9t\u00e9 plac\u00e9e <strong>en liquidation judiciaire<\/strong> par le tribunal de commerce de Libourne un mois plus t\u00f4t.<\/p>\n<p class=\" wall-content\">\u00ab\u00a0La liquidation judiciaire de la soci\u00e9t\u00e9 qu\u2019il g\u00e8re a in\u00e9vitablement pour effet de faire cesser l\u2019activit\u00e9 qu\u2019il exerce\u00a0\u00bb, en d\u00e9duisent les juges. Le r\u00e8glement des march\u00e9s de plein air de la ville de Bordeaux impose en effet que chaque emplacement soit tenu par un commer\u00e7ant professionnel. Quentin Flayac a jusqu\u2019au 7 d\u00e9cembre 2025 pour faire appel de ces jugements.<\/p>\n<p class=\" wall-content\"><strong>PressPepper<\/strong><\/p>\n<p class=\" wall-content\">Personnalisez votre actualit\u00e9 en ajoutant vos villes et m\u00e9dias en favori avec <a href=\"https:\/\/moncompte.actu.fr\" title=\"D\u00e9couvez Mon Actu\" rel=\"nofollow noopener\" data-trk=\"{&quot;cta&quot;:{&quot;action&quot;:&quot;https:\\\/\\\/moncompte.actu.fr&quot;,&quot;category&quot;:&quot;mon compte&quot;,&quot;from&quot;:&quot;article footer&quot;,&quot;name&quot;:&quot;Mon actu&quot;,&quot;type&quot;:&quot;cta&quot;}}\" target=\"_blank\">Mon Actu<\/a>.<\/p>\n","protected":false},"excerpt":{"rendered":"Par R\u00e9daction Bordeaux Publi\u00e9 le 7 d\u00e9c. 2025 \u00e0 17h26 Pour avoir \u00e9t\u00e9 \u00e9vinc\u00e9 de ses march\u00e9s municipaux,&hellip;\n","protected":false},"author":2,"featured_media":584620,"comment_status":"","ping_status":"","sticky":false,"template":"","format":"standard","meta":{"footnotes":""},"categories":[2817],"tags":[1111,11,1997,215,1777,674,1011,27,2089,12,2219,25,104,7559],"class_list":{"0":"post-584619","1":"post","2":"type-post","3":"status-publish","4":"format-standard","5":"has-post-thumbnail","7":"category-bordeaux","8":"tag-actu","9":"tag-actualites","10":"tag-bordeaux","11":"tag-commerce","12":"tag-eu","13":"tag-europe","14":"tag-fr","15":"tag-france","16":"tag-marche","17":"tag-news","18":"tag-nouvelle-aquitaine","19":"tag-republique-francaise","20":"tag-societe","21":"tag-tribunal-de-bordeaux"},"share_on_mastodon":{"url":"https:\/\/pubeurope.com\/@fr\/115679428967094652","error":""},"_links":{"self":[{"href":"https:\/\/www.europesays.com\/fr\/wp-json\/wp\/v2\/posts\/584619","targetHints":{"allow":["GET"]}}],"collection":[{"href":"https:\/\/www.europesays.com\/fr\/wp-json\/wp\/v2\/posts"}],"about":[{"href":"https:\/\/www.europesays.com\/fr\/wp-json\/wp\/v2\/types\/post"}],"author":[{"embeddable":true,"href":"https:\/\/www.europesays.com\/fr\/wp-json\/wp\/v2\/users\/2"}],"replies":[{"embeddable":true,"href":"https:\/\/www.europesays.com\/fr\/wp-json\/wp\/v2\/comments?post=584619"}],"version-history":[{"count":0,"href":"https:\/\/www.europesays.com\/fr\/wp-json\/wp\/v2\/posts\/584619\/revisions"}],"wp:featuredmedia":[{"embeddable":true,"href":"https:\/\/www.europesays.com\/fr\/wp-json\/wp\/v2\/media\/584620"}],"wp:attachment":[{"href":"https:\/\/www.europesays.com\/fr\/wp-json\/wp\/v2\/media?parent=584619"}],"wp:term":[{"taxonomy":"category","embeddable":true,"href":"https:\/\/www.europesays.com\/fr\/wp-json\/wp\/v2\/categories?post=584619"},{"taxonomy":"post_tag","embeddable":true,"href":"https:\/\/www.europesays.com\/fr\/wp-json\/wp\/v2\/tags?post=584619"}],"curies":[{"name":"wp","href":"https:\/\/api.w.org\/{rel}","templated":true}]}}