{"id":584622,"date":"2025-12-07T17:20:13","date_gmt":"2025-12-07T17:20:13","guid":{"rendered":"https:\/\/www.europesays.com\/fr\/584622\/"},"modified":"2025-12-07T17:20:13","modified_gmt":"2025-12-07T17:20:13","slug":"un-violent-feu-dappartement-se-declare-au-6%e1%b5%89-etage-dun-immeuble","status":"publish","type":"post","link":"https:\/\/www.europesays.com\/fr\/584622\/","title":{"rendered":"\u00ab\u00a0un violent feu d&rsquo;appartement\u00a0\u00bb se d\u00e9clare au 6\u1d49 \u00e9tage d&rsquo;un immeuble"},"content":{"rendered":"<p>                    Par<br \/>\n        <strong><br \/>\n            <a href=\"https:\/\/actu.fr\/auteur\/lea-afonso\" title=\"Consulter tous les articles de L\u00e9a Afonso\" target=\"_blank\" rel=\"noopener\">L\u00e9a Afonso<\/a><br \/>\n                    <\/strong><\/p>\n<p>        Publi\u00e9 le<\/p>\n<p>            7 d\u00e9c. 2025 \u00e0 17h36        <\/p>\n<p>Un <strong>feu d\u2019appartement<\/strong> s\u2019est d\u00e9clar\u00e9 ce dimanche 7\u00a0d\u00e9cembre 2025, en milieu d\u2019apr\u00e8s-midi, dans un immeuble de sept \u00e9tages situ\u00e9 \u00e0 <a href=\"https:\/\/actu.fr\/toulouse\/\" target=\"_blank\" rel=\"noopener\">Toulouse<\/a>. Les pompiers sont actuellement mobilis\u00e9s sur place.<\/p>\n<p>Le feu au 6\u1d49 \u00e9tage d\u2019un immeuble d\u2019habitation<\/p>\n<p class=\" wall-content\">Les sapeurs-pompiers de la Haute-Garonne ont \u00e9t\u00e9 alert\u00e9s \u00e0 <strong>16\u2009h\u200937<\/strong> pour un \u00ab\u2009violent feu d\u2019appartement\u2009\u00bb, selon eux, rue Joachim-Du-Bellay, \u00e0 la fronti\u00e8re des quartiers Bagatelle et La C\u00e9pi\u00e8re. \u00c0 leur arriv\u00e9e, un appartement situ\u00e9 au <strong>sixi\u00e8me \u00e9tage \u00e9tait en flamme.<\/strong><\/p>\n<p>    <a href=\"https:\/\/www.google.com\/maps\/embed?pb=!1m18!1m12!1m3!1d6120.513634325029!2d1.4028590563847434!3d43.584993112937795!2m3!1f0!2f0!3f0!3m2!1i1024!2i768!4f13.1!3m3!1m2!1s0x12aebbacbdb5572d%3A0x6784854bb03f8dd1!2sRue%20Joachim%20du%20Bellay%2C%2031100%20Toulouse!5e0!3m2!1sfr!2sfr!4v1765124956189!5m2!1sfr!2sfr\" title=\"Ouvrie le lien\" target=\"_blank\" rel=\"noopener\">Cliquez ici pour visualiser le contenu<\/a><\/p>\n<p>Importants moyens d\u00e9ploy\u00e9s<\/p>\n<p class=\" wall-content\">Au total, <strong>21 pompiers ont \u00e9t\u00e9 engag\u00e9s,<\/strong> accompagn\u00e9s de cinq engins d\u2019intervention. Une lance \u00e0 eau est actuellement en action pour ma\u00eetriser le sinistre.<\/p>\n<p class=\" wall-content\">Des informations suppl\u00e9mentaires sur la propagation du feu, d\u2019\u00e9ventuelles \u00e9vacuations ou le bilan humain ne sont pas encore connues \u00e0 ce stade.<\/p>\n<p>Vid\u00e9os : en ce moment sur Actu<\/p>\n<p class=\" wall-content\">Personnalisez votre actualit\u00e9 en ajoutant vos villes et m\u00e9dias en favori avec <a href=\"https:\/\/moncompte.actu.fr\" title=\"D\u00e9couvez Mon Actu\" rel=\"nofollow noopener\" data-trk=\"{&quot;cta&quot;:{&quot;action&quot;:&quot;https:\\\/\\\/moncompte.actu.fr&quot;,&quot;category&quot;:&quot;mon compte&quot;,&quot;from&quot;:&quot;article footer&quot;,&quot;name&quot;:&quot;Mon actu&quot;,&quot;type&quot;:&quot;cta&quot;}}\" target=\"_blank\">Mon Actu<\/a>.<\/p>\n","protected":false},"excerpt":{"rendered":"Par L\u00e9a Afonso Publi\u00e9 le 7 d\u00e9c. 2025 \u00e0 17h36 Un feu d\u2019appartement s\u2019est d\u00e9clar\u00e9 ce dimanche 7\u00a0d\u00e9cembre&hellip;\n","protected":false},"author":2,"featured_media":584623,"comment_status":"","ping_status":"","sticky":false,"template":"","format":"standard","meta":{"footnotes":""},"categories":[2816],"tags":[1111,11,1777,674,118,1011,27,1310,12,2680,1311,25,2312],"class_list":{"0":"post-584622","1":"post","2":"type-post","3":"status-publish","4":"format-standard","5":"has-post-thumbnail","7":"category-toulouse","8":"tag-actu","9":"tag-actualites","10":"tag-eu","11":"tag-europe","12":"tag-faits-divers","13":"tag-fr","14":"tag-france","15":"tag-incendie","16":"tag-news","17":"tag-occitanie","18":"tag-pompiers","19":"tag-republique-francaise","20":"tag-toulouse"},"share_on_mastodon":{"url":"https:\/\/pubeurope.com\/@fr\/115679436781287964","error":""},"_links":{"self":[{"href":"https:\/\/www.europesays.com\/fr\/wp-json\/wp\/v2\/posts\/584622","targetHints":{"allow":["GET"]}}],"collection":[{"href":"https:\/\/www.europesays.com\/fr\/wp-json\/wp\/v2\/posts"}],"about":[{"href":"https:\/\/www.europesays.com\/fr\/wp-json\/wp\/v2\/types\/post"}],"author":[{"embeddable":true,"href":"https:\/\/www.europesays.com\/fr\/wp-json\/wp\/v2\/users\/2"}],"replies":[{"embeddable":true,"href":"https:\/\/www.europesays.com\/fr\/wp-json\/wp\/v2\/comments?post=584622"}],"version-history":[{"count":0,"href":"https:\/\/www.europesays.com\/fr\/wp-json\/wp\/v2\/posts\/584622\/revisions"}],"wp:featuredmedia":[{"embeddable":true,"href":"https:\/\/www.europesays.com\/fr\/wp-json\/wp\/v2\/media\/584623"}],"wp:attachment":[{"href":"https:\/\/www.europesays.com\/fr\/wp-json\/wp\/v2\/media?parent=584622"}],"wp:term":[{"taxonomy":"category","embeddable":true,"href":"https:\/\/www.europesays.com\/fr\/wp-json\/wp\/v2\/categories?post=584622"},{"taxonomy":"post_tag","embeddable":true,"href":"https:\/\/www.europesays.com\/fr\/wp-json\/wp\/v2\/tags?post=584622"}],"curies":[{"name":"wp","href":"https:\/\/api.w.org\/{rel}","templated":true}]}}