{"id":584626,"date":"2025-12-07T17:22:11","date_gmt":"2025-12-07T17:22:11","guid":{"rendered":"https:\/\/www.europesays.com\/fr\/584626\/"},"modified":"2025-12-07T17:22:11","modified_gmt":"2025-12-07T17:22:11","slug":"interview-lille-isabelle-fournier-primee-pour-ses-travaux-sur-la-chirurgie-du-cancer-cest-un-aboutissement","status":"publish","type":"post","link":"https:\/\/www.europesays.com\/fr\/584626\/","title":{"rendered":"Interview. Lille. Isabelle Fournier prim\u00e9e pour ses travaux sur la chirurgie du cancer : \u00ab\u00a0C&rsquo;est un aboutissement\u00a0\u00bb"},"content":{"rendered":"<p>                    Par<br \/>\n        <strong><br \/>\n            <a href=\"https:\/\/actu.fr\/auteur\/zoe-hondt\" title=\"Consulter tous les articles de Zoe Hondt\" target=\"_blank\" rel=\"noopener\">Zoe Hondt<\/a><br \/>\n                    <\/strong><\/p>\n<p>        Publi\u00e9 le<\/p>\n<p>            7 d\u00e9c. 2025 \u00e0 18h10        <\/p>\n<p><b>SpiderMass<\/b>. C\u2019est le nom de la <b>technologie <\/b>d\u00e9velopp\u00e9e par la <b>chercheuse Isabelle Fournier<\/b> et ses \u00e9quipes. <b>Seule au monde<\/b> \u00ab\u00a0en ce type\u00a0\u00bb, son but est de <b>guider la chirurgie du cancer<\/b>.\u00a0Professeure de chimie bioanalytique \u00e0 l\u2019<b>Universit\u00e9 de <a href=\"https:\/\/actu.fr\/lille\/\" target=\"_blank\" rel=\"noopener\">Lille<\/a><\/b> (Nord), Isabelle Fournier a consacr\u00e9 <b>plus de quinze ans<\/b> \u00e0 ce projet innovant. \u00c0 ce titre, elle sera <b>r\u00e9compens\u00e9e <\/b>ce lundi 8 d\u00e9cembre par la <b>Fondation pour la Recherche M\u00e9dicale<\/b>, aux c\u00f4t\u00e9s de 19 autres scientifiques fran\u00e7ais. Quelques jours avant de recevoir son Prix, elle s\u2019est confi\u00e9e \u00e0 Lille Actu sur ce projet \u00ab\u00a0un peu fou\u00a0\u00bb. Entretien.<\/p>\n<p class=\"ac-article-content__question wall-content\">Comment fonctionne SpiderMass concr\u00e8tement ?<\/p>\n<p class=\" wall-content\">Le dispositif utilise un laser, coupl\u00e9 \u00e0 la fibre optique. Le chirurgien peut tenir la fibre et balayer n\u2019importe quelle surface qu\u2019il souhaite avec le faisceau laser. \u00c7a agite des mol\u00e9cules d\u2019eau, et provoque le retrait d\u2019une petite partie de tissu. Le micro \u00e9chantillonnage de tissu est ensuite aspir\u00e9 par un tube en plastique. Le tissu est envoy\u00e9 au spectrom\u00e8tre de masse, qui analyse ce que contient l\u2019a\u00e9rosol. Il r\u00e9cup\u00e8re en particulier toutes les mol\u00e9cules et les s\u00e9pare suivant leurs poids mol\u00e9culaire. Le r\u00e9sultat de cette technologie n\u00e9cessite d\u2019\u00eatre interpr\u00e9t\u00e9, et pour cela on passe par l\u2019intelligence artificielle. Il faut donc qu\u2019on entraine l\u2019intelligence artificielle \u00e0 interpr\u00e9ter et \u00e0 reconna\u00eetre des cellules canc\u00e9reuses ou non, ou certains sous-types de cancer.<\/p>\n<p class=\"ac-article-content__question wall-content\">Depuis combien de temps travaillez-vous sur ce dispositif ?<\/p>\n<p class=\" wall-content\">En 2010, on a \u00e9t\u00e9 sollicit\u00e9 par un chirurgien membre de notre laboratoire. Il travaillait au centre de lutte contre le cancer de Lille, et il nous a demand\u00e9 si on pouvait d\u00e9velopper une technologie pour l\u2019aider pendant la chirurgie des cancers. Il nous a fallu quelques ann\u00e9es pour r\u00e9unir les fonds, assembler le premier dispositif et avoir les premi\u00e8res formes de concept. On a perdu un peu de temps \u00e0 ce moment-l\u00e0, parfois la France est frileuse \u00e0 financer l\u2019innovation un peu risqu\u00e9e. On a donc attendu plusieurs ann\u00e9es pour avoir le mat\u00e9riel, notamment le laser et le spectrom\u00e8tre de masse. Gr\u00e2ce \u00e0 cette preuve de concept, on a pu d\u00e9poser notre brevet en 2014. En 2020, nous avons fait des premiers essais en environnement r\u00e9el au bloc v\u00e9t\u00e9rinaire sur des patients chiens. Depuis, on travaille sur l\u2019am\u00e9lioration du prototype et on a cr\u00e9\u00e9 la startup CELEOS, qui prend en charge l\u2019industrialisation.<\/p>\n<p class=\"ac-article-content__question wall-content\">Le dispositif SpiderMass est-il d\u00e9j\u00e0 implant\u00e9 et utilis\u00e9 en milieu hospitalier ?<\/p>\n<p class=\" wall-content\">Le dispositif est encore \u00e0 l\u2019\u00e9tat de prototype, mais on a deux prototypes d\u00e9monstrateurs d\u00e9j\u00e0 install\u00e9s. Le deuxi\u00e8me est au centre de lutte contre le cancer Oscar Lambret \u00e0 Lille. On commencera en d\u00e9but d\u2019ann\u00e9e les phases de comparaison pour v\u00e9rifier qu\u2019on a bien des r\u00e9sultats sup\u00e9rieurs \u00e0 ceux actuels. Une fois qu\u2019on aura franchi cette \u00e9tape de validation, on d\u00e9placera le prototype au bloc op\u00e9ratoire pour travailler directement sur des patients.<\/p>\n<p class=\" wall-content\">Avant, on veut aussi \u00eatre s\u00fbr qu\u2019on ne d\u00e9veloppe pas quelque chose qui soit super bien technologiquement mais qui fasse peur aux gens. On va travailler avec des coll\u00e8gues sp\u00e9cialistes de l\u2019ergonomie et de la psychologie. Il va y avoir des allers-retours entre les chirurgiens, les infirmiers, les pathologistes et les patients, pour que l\u2019appareil soit d\u00e9velopp\u00e9 de fa\u00e7on \u00e0 \u00eatre accept\u00e9 de tous. On va \u00e9galement travailler sur le design pour que l\u2019appareil mette en confiance, aussi bien les utilisateurs que les usagers.<\/p>\n<p class=\"ac-article-content__question wall-content\">En quoi votre technologie changera-t-elle la pratique des chirurgiens au bloc op\u00e9ratoire ?<\/p>\n<p class=\" wall-content\">Actuellement, certains chirurgiens n\u2019ont que leurs yeux. Celui qui nous avait sollicit\u00e9 \u00e9tait convaincu qu\u2019il ne faisait pas au mieux pour les patients, car il n\u2019avait pas d\u2019informations mol\u00e9culaires. Il devait donc se fier \u00e0 son exp\u00e9rience et \u00e0 ses yeux, ce qui n\u2019\u00e9tait pas suffisant pour \u00eatre s\u00fbr des marges \u00e0 prendre autour des tissus. Soit on retire tr\u00e8s large, mais il y a beaucoup d\u2019effets secondaires et \u00e7a baisse la qualit\u00e9 de vie des patients ; soit on essaie de prendre moins, mais il faut \u00eatre s\u00fbr de ne pas laisser de cellules canc\u00e9reuses. Il y avait donc un vrai besoin clinique de savoir la nature des tissus avant de choisir la meilleure chirurgie. On a essay\u00e9 de d\u00e9velopper une technologie pour y r\u00e9pondre.\u00a0<\/p>\n<p>Votre r\u00e9gion, votre actu !<\/p>\n<p>Recevez chaque jour les infos qui comptent pour vous.<\/p>\n<p>\t<a href=\"https:\/\/actu.fr\/newsletter\" class=\"ac-btn ac-btn--corner ac-btn--medium ac-btn--blue800\" target=\"_blank\" rel=\"noopener\">S&rsquo;incrire<\/a><\/p>\n<p class=\"ac-article-content__question wall-content\">Sur quels types de cancers cette technologie est-elle effective ?\u00a0<\/p>\n<p class=\" wall-content\">Il a fallu qu\u2019on fasse des choix. On va d\u2019abord se focaliser sur les cancers t\u00eate et cou, le cancer du poumon et les sarcomes. C\u2019est vraiment sur les tumeurs solides puisqu\u2019on travaille sur des tissus et pas du sang, donc ce n\u2019est pas possible pour les cancers liquides. Plus tard, on envisage aussi d\u2019\u00e9tendre \u00e0 d\u2019autres chirurgies. Le dispositif serait particuli\u00e8rement int\u00e9ressant pour les chirurgies digestives, pour les gens atteints de la maladie de Crohn par exemple.<\/p>\n<p class=\"ac-article-content__question wall-content\">Que repr\u00e9sente pour vous le Prix qui vous sera d\u00e9cern\u00e9 par la Fondation pour la Recherche M\u00e9dicale ?<\/p>\n<p class=\" wall-content\">C\u2019est vraiment important parce qu\u2019on travaille sur ce projet depuis quinze ann\u00e9es. C\u2019est un aboutissement et une reconnaissance. C\u2019\u00e9tait un projet un peu fou, o\u00f9 la technologie qu\u2019on a d\u00e9velopp\u00e9e n\u2019existait nulle part. On est vraiment parti de rien. Des coll\u00e8gues nous ont dit que le projet ne marcherait pas. Aujourd\u2019hui, ce qu\u2019on a d\u00e9velopp\u00e9 fonctionne bien, et est arriv\u00e9 \u00e0 un certain niveau. \u00c7a fait plaisir de voir que les gens croient en la technologie maintenant, et qu\u2019elle est pr\u00eate \u00e0 \u00eatre utilis\u00e9e.<\/p>\n<p class=\"ac-article-content__question wall-content\">Vous allez recevoir 40 000 euros gr\u00e2ce \u00e0 votre Prix, comment cet argent va vous aider dans vos futurs travaux ?<\/p>\n<p class=\" wall-content\">On va continuer \u00e0 am\u00e9liorer la technologie du prototype. Ce qui nous int\u00e9resse dans le futur, c\u2019est aussi d\u2019avoir un dispositif qui permet d\u2019adresser des chirurgies mini-invasives. Elles sont de plus en plus d\u00e9velopp\u00e9es et beaucoup mieux pour les patients, parce que ce ne sont que des petites incisions qui sont faites gr\u00e2ce \u00e0 des outils miniaturis\u00e9s. On va utiliser l\u2019argent pour acheter tout ce dont on va avoir besoin pour miniaturiser notre dispositif. L\u2019id\u00e9e est de pouvoir l\u2019impl\u00e9menter dans un syst\u00e8me d\u2019endoscopie. \u00c0 terme, l\u2019objectif est d\u2019implanter des d\u00e9monstrateurs en France, puis progressivement en Europe. On est tous tr\u00e8s impatients de voir les b\u00e9n\u00e9fices que \u00e7a va vraiment apporter, autant aux chirurgiens qu\u2019aux patients.<\/p>\n<p class=\" wall-content\">Personnalisez votre actualit\u00e9 en ajoutant vos villes et m\u00e9dias en favori avec <a href=\"https:\/\/moncompte.actu.fr\" title=\"D\u00e9couvez Mon Actu\" rel=\"nofollow noopener\" data-trk=\"{&quot;cta&quot;:{&quot;action&quot;:&quot;https:\\\/\\\/moncompte.actu.fr&quot;,&quot;category&quot;:&quot;mon compte&quot;,&quot;from&quot;:&quot;article footer&quot;,&quot;name&quot;:&quot;Mon actu&quot;,&quot;type&quot;:&quot;cta&quot;}}\" target=\"_blank\">Mon Actu<\/a>.<\/p>\n","protected":false},"excerpt":{"rendered":"Par Zoe Hondt Publi\u00e9 le 7 d\u00e9c. 2025 \u00e0 18h10 SpiderMass. C\u2019est le nom de la technologie d\u00e9velopp\u00e9e&hellip;\n","protected":false},"author":2,"featured_media":584627,"comment_status":"","ping_status":"","sticky":false,"template":"","format":"standard","meta":{"footnotes":""},"categories":[2815],"tags":[1111,11,101,1777,674,1011,27,811,5701,1307,12,25,104],"class_list":{"0":"post-584626","1":"post","2":"type-post","3":"status-publish","4":"format-standard","5":"has-post-thumbnail","7":"category-lille","8":"tag-actu","9":"tag-actualites","10":"tag-cancer","11":"tag-eu","12":"tag-europe","13":"tag-fr","14":"tag-france","15":"tag-hauts-de-france","16":"tag-innovation","17":"tag-lille","18":"tag-news","19":"tag-republique-francaise","20":"tag-societe"},"share_on_mastodon":{"url":"https:\/\/pubeurope.com\/@fr\/115679444684979126","error":""},"_links":{"self":[{"href":"https:\/\/www.europesays.com\/fr\/wp-json\/wp\/v2\/posts\/584626","targetHints":{"allow":["GET"]}}],"collection":[{"href":"https:\/\/www.europesays.com\/fr\/wp-json\/wp\/v2\/posts"}],"about":[{"href":"https:\/\/www.europesays.com\/fr\/wp-json\/wp\/v2\/types\/post"}],"author":[{"embeddable":true,"href":"https:\/\/www.europesays.com\/fr\/wp-json\/wp\/v2\/users\/2"}],"replies":[{"embeddable":true,"href":"https:\/\/www.europesays.com\/fr\/wp-json\/wp\/v2\/comments?post=584626"}],"version-history":[{"count":0,"href":"https:\/\/www.europesays.com\/fr\/wp-json\/wp\/v2\/posts\/584626\/revisions"}],"wp:featuredmedia":[{"embeddable":true,"href":"https:\/\/www.europesays.com\/fr\/wp-json\/wp\/v2\/media\/584627"}],"wp:attachment":[{"href":"https:\/\/www.europesays.com\/fr\/wp-json\/wp\/v2\/media?parent=584626"}],"wp:term":[{"taxonomy":"category","embeddable":true,"href":"https:\/\/www.europesays.com\/fr\/wp-json\/wp\/v2\/categories?post=584626"},{"taxonomy":"post_tag","embeddable":true,"href":"https:\/\/www.europesays.com\/fr\/wp-json\/wp\/v2\/tags?post=584626"}],"curies":[{"name":"wp","href":"https:\/\/api.w.org\/{rel}","templated":true}]}}