{"id":584638,"date":"2025-12-07T17:30:19","date_gmt":"2025-12-07T17:30:19","guid":{"rendered":"https:\/\/www.europesays.com\/fr\/584638\/"},"modified":"2025-12-07T17:30:19","modified_gmt":"2025-12-07T17:30:19","slug":"un-policier-violent-le-roissybus-supprime-la-plus-belle-gare-les-infos-du-week-end-en-ile-de-france","status":"publish","type":"post","link":"https:\/\/www.europesays.com\/fr\/584638\/","title":{"rendered":"Un policier violent, le RoissyBus supprim\u00e9, la plus belle gare&#8230; Les infos du week-end en \u00cele-de-France"},"content":{"rendered":"<p>                    Par<br \/>\n        <strong><br \/>\n            <a href=\"https:\/\/actu.fr\/auteur\/redaction-paris\" title=\"Consulter tous les articles de R\u00e9daction Paris\" target=\"_blank\" rel=\"noopener\">R\u00e9daction Paris<\/a><br \/>\n                    <\/strong><\/p>\n<p>        Publi\u00e9 le<\/p>\n<p>            7 d\u00e9c. 2025 \u00e0 18h02        <\/p>\n<p>Un <strong>policier<\/strong> en garde \u00e0 vue pour <strong>violences<\/strong>. L\u2019information a \u00e9t\u00e9 communiqu\u00e9e par le parquet \u00e0 <a href=\"https:\/\/actu.fr\/paris\/\" target=\"_blank\" rel=\"noopener\">actu Paris<\/a>. L\u2019agent est soup\u00e7onn\u00e9 d\u2019avoir <strong>violent\u00e9 une femme<\/strong> dans un bar du 6e arrondissement de la capitale, samedi 6\u00a0d\u00e9cembre 2025.<\/p>\n<p class=\" wall-content\">Voici la <strong>principale information<\/strong> \u00e0 retenir de ces samedi 6 et dimanche 7 d\u00e9cembre 2025 dans votre r\u00e9gion.<\/p>\n<p class=\" wall-content\"><strong>Les infos marquantes du week-end \u00e0 Paris et en \u00cele-de-France<\/strong><\/p>\n<p class=\" wall-content\"><strong>Paris. <\/strong><a title=\"Lire l&#039;article\" href=\"https:\/\/actu.fr\/ile-de-france\/paris_75056\/paris-un-policier-en-garde-a-vue-pour-des-soupcons-de-violences-commises-alors-qu-il-etait-ivre-dans-un-bar_63540951.html\" target=\"_blank\" rel=\"noopener\"><strong>Paris\u2009: un policier en garde \u00e0 vue pour des soup\u00e7ons de violences commises alors qu\u2019il \u00e9tait ivre dans un bar<\/strong><\/a><br \/>Le policier est suspect\u00e9 d\u2019avoir, alors qu\u2019il \u00e9tait ivre, violent\u00e9 une femme dans un bar parisien. Il a \u00e9t\u00e9 plac\u00e9 en garde \u00e0 vue.<\/p>\n<p class=\" wall-content\"><strong>Seine-Saint-Denis. <\/strong><a title=\"Lire l&#039;article\" href=\"https:\/\/actu.fr\/ile-de-france\/paris_75056\/roissybus-la-navette-qui-relie-paris-a-l-aeroport-charles-de-gaulle-va-etre-supprimee-debut-2026_63540064.html\" target=\"_blank\" rel=\"noopener\"><strong>RoissyBus\u2009: la navette qui relie Paris \u00e0 l\u2019a\u00e9roport Charles de Gaulle va \u00eatre supprim\u00e9e d\u00e9but 2026<\/strong><\/a><br \/>Le RoissyBus va dispara\u00eetre \u00e0 partir de mars\u00a02026, apr\u00e8s plus de trois d\u00e9cennies d\u2019activit\u00e9. En cause\u2009: les probl\u00e8mes li\u00e9s aux bouchons sur l\u2019autoroute A1 et dans Paris.<\/p>\n<p class=\" wall-content\"><strong>Val-de-Marne. <\/strong><a title=\"Lire l&#039;article\" href=\"https:\/\/actu.fr\/ile-de-france\/villejuif_94076\/cette-gare-du-val-de-marne-sacree-plus-belle-gare-du-monde-selon-un-prestigieux-prix-d-architecture_63533363.html\" target=\"_blank\" rel=\"noopener\"><strong>Cette gare du Val-de-Marne sacr\u00e9e \u00ab\u2009Plus belle gare du monde\u2009\u00bb, selon un prestigieux prix d\u2019architecture<\/strong><\/a><br \/>La gare Villejuif-Gustave-Roussy du Grand Paris Express a \u00e9t\u00e9 distingu\u00e9e jeudi 4\u00a0d\u00e9cembre 2025 \u00ab\u2009Plus belle gare du monde\u2009\u00bb, par le prix prestigieux Prix Versailles.<\/p>\n<p class=\" wall-content\"><strong>Essonne. <\/strong><a title=\"Lire l&#039;article\" href=\"https:\/\/actu.fr\/ile-de-france\/arpajon_91021\/deux-elus-de-l-essonne-nommes-au-grade-de-chevalier-dans-l-ordre-national-du-merite_63535282.html\" target=\"_blank\" rel=\"noopener\"><strong>Deux \u00e9lus de l\u2019Essonne nomm\u00e9s au grade de chevalier dans l\u2019ordre national du M\u00e9rite<\/strong><\/a><br \/>Un d\u00e9cret sign\u00e9 mardi r\u00e9v\u00e9lant les derni\u00e8res nominations dans l\u2019ordre national du M\u00e9rite a \u00e9t\u00e9 publi\u00e9 au Journal officiel. Deux \u00e9lus de l\u2019Essonne sont nomm\u00e9s au grade de chevalier.<\/p>\n<p class=\" wall-content\"><strong>Seine-et-Marne. <\/strong><a title=\"Lire l&#039;article\" href=\"https:\/\/actu.fr\/ile-de-france\/salins_77439\/municipales-2026-a-salins-maire-depuis-1989-georges-benard-postule-pour-un-septieme-mandat_63513319.html\" target=\"_blank\" rel=\"noopener\"><strong>Municipales 2026 \u00e0 Salins\u2009: maire depuis 1989, Georges B\u00e9nard postule pour un septi\u00e8me mandat<\/strong><\/a><br \/>Maire de Salins (Seine-et-Marne) depuis 1989, Georges B\u00e9nard, 76\u00a0ans, est de nouveau candidat \u00e0 sa succession. En mars\u00a02026, il tentera d\u2019encha\u00eener un septi\u00e8me mandat cons\u00e9cutif.<\/p>\n<p>Votre r\u00e9gion, votre actu !<\/p>\n<p>Recevez chaque jour les infos qui comptent pour vous.<\/p>\n<p>\t<a href=\"https:\/\/actu.fr\/newsletter\" class=\"ac-btn ac-btn--corner ac-btn--medium ac-btn--blue800\" target=\"_blank\" rel=\"noopener\">S&rsquo;incrire<\/a><\/p>\n<p class=\" wall-content\"><strong>Yvelines. <\/strong><a title=\"Lire l&#039;article\" href=\"https:\/\/actu.fr\/ile-de-france\/saint-germain-en-laye_78551\/yvelines-ismael-11-ans-a-disparu-a-saint-germain-en-laye_63542588.html\" target=\"_blank\" rel=\"noopener\"><strong>Yvelines\u2009: Isma\u00ebl, gar\u00e7on de 11\u00a0ans, a disparu \u00e0 Saint-Germain-en-Laye<\/strong><\/a><br \/>Isma\u00ebl, gar\u00e7on de 11\u00a0ans, a disparu depuis ce vendredi 5\u00a0d\u00e9cembre 2025 dans l\u2019apr\u00e8s-midi \u00e0 Saint-Germain-en-Laye (Yvelines). Il venait de quitter le foyer pour enfants o\u00f9 il vit.<\/p>\n<p class=\" wall-content\"><strong>Val-d\u2019Oise. <\/strong><a title=\"Lire l&#039;article\" href=\"https:\/\/actu.fr\/ile-de-france\/cormeilles-en-vexin_95177\/dans-le-val-doise-des-riverains-dun-aerodrome-ne-veulent-pas-du-nouveau-plan-anti-nuisances_63540975.html\" target=\"_blank\" rel=\"noopener\"><strong>Dans le Val-d\u2019Oise, des riverains d\u2019un a\u00e9rodrome ne veulent pas du nouveau plan anti nuisances<\/strong><\/a><br \/>Une consultation publique se tient jusqu\u2019au 14\u00a0d\u00e9cembre 2025 pour un projet de restriction d\u2019activit\u00e9s de l\u2019a\u00e9rodrome de Pontoise-Cormeilles (Val-d\u2019Oise).<\/p>\n<p class=\" wall-content\"><strong>Suivez-nous pour en savoir plus\u2009!<\/strong><\/p>\n<p class=\" wall-content\">Paris\u2009: retrouvez actu Paris sur Facebook et Twitter\u2009;<br \/>Seine-et-Marne\u2009: retrouvez\u00a0La R\u00e9publique de Seine-et-Marne (sud) sur\u00a0Facebook\u00a0et\u00a0Twitter\u2009; La Marne (nord) sur\u00a0Facebook\u00a0et\u00a0Twitter\u2009; et\u00a0Le Pays Briard\u00a0sur\u00a0Facebook\u00a0et\u00a0Twitter\u2009;<br \/>Yvelines\u2009: retrouvez\u00a078actu\u00a0sur\u00a0Facebook\u00a0et\u00a0Twitter\u2009;<br \/>Essonne\u2009: retrouvez\u00a0actu Essonne\u00a0sur\u00a0Facebook\u00a0et\u00a0Twitter\u2009;<br \/>Hauts-de-Seine\u2009: retrouvez\u00a0actu Hauts-de-Seine\u00a0sur\u00a0Facebook\u00a0et\u00a0Twitter\u2009;<br \/>Seine-Saint-Denis\u2009: retrouvez\u00a0actu Seine-Saint-Denis\u00a0sur\u00a0Facebook\u00a0et\u00a0Twitter\u2009;<br \/>Val-de-Marne\u2009: retrouvez\u00a0actu Val-de-Marne\u00a0sur\u00a0Facebook\u00a0et\u00a0Twitter\u2009;<br \/>Val-d\u2019Oise\u2009: retrouvez\u00a0La Gazette du Val-d\u2019Oise\u00a0sur\u00a0Facebook.<\/p>\n<p class=\" wall-content\">Personnalisez votre actualit\u00e9 en ajoutant vos villes et m\u00e9dias en favori avec <a href=\"https:\/\/moncompte.actu.fr\" title=\"D\u00e9couvez Mon Actu\" rel=\"nofollow noopener\" data-trk=\"{&quot;cta&quot;:{&quot;action&quot;:&quot;https:\\\/\\\/moncompte.actu.fr&quot;,&quot;category&quot;:&quot;mon compte&quot;,&quot;from&quot;:&quot;article footer&quot;,&quot;name&quot;:&quot;Mon actu&quot;,&quot;type&quot;:&quot;cta&quot;}}\" target=\"_blank\">Mon Actu<\/a>.<\/p>\n","protected":false},"excerpt":{"rendered":"Par R\u00e9daction Paris Publi\u00e9 le 7 d\u00e9c. 2025 \u00e0 18h02 Un policier en garde \u00e0 vue pour violences.&hellip;\n","protected":false},"author":2,"featured_media":584639,"comment_status":"","ping_status":"","sticky":false,"template":"","format":"standard","meta":{"footnotes":""},"categories":[1592],"tags":[1111,11,1777,674,1011,27,662,12,626,1072,25,104,492,2803],"class_list":{"0":"post-584638","1":"post","2":"type-post","3":"status-publish","4":"format-standard","5":"has-post-thumbnail","7":"category-ile-de-france","8":"tag-actu","9":"tag-actualites","10":"tag-eu","11":"tag-europe","12":"tag-fr","13":"tag-france","14":"tag-ile-de-france","15":"tag-news","16":"tag-paris","17":"tag-police","18":"tag-republique-francaise","19":"tag-societe","20":"tag-top-chef","21":"tag-transport"},"share_on_mastodon":{"url":"https:\/\/pubeurope.com\/@fr\/115679476050075557","error":""},"_links":{"self":[{"href":"https:\/\/www.europesays.com\/fr\/wp-json\/wp\/v2\/posts\/584638","targetHints":{"allow":["GET"]}}],"collection":[{"href":"https:\/\/www.europesays.com\/fr\/wp-json\/wp\/v2\/posts"}],"about":[{"href":"https:\/\/www.europesays.com\/fr\/wp-json\/wp\/v2\/types\/post"}],"author":[{"embeddable":true,"href":"https:\/\/www.europesays.com\/fr\/wp-json\/wp\/v2\/users\/2"}],"replies":[{"embeddable":true,"href":"https:\/\/www.europesays.com\/fr\/wp-json\/wp\/v2\/comments?post=584638"}],"version-history":[{"count":0,"href":"https:\/\/www.europesays.com\/fr\/wp-json\/wp\/v2\/posts\/584638\/revisions"}],"wp:featuredmedia":[{"embeddable":true,"href":"https:\/\/www.europesays.com\/fr\/wp-json\/wp\/v2\/media\/584639"}],"wp:attachment":[{"href":"https:\/\/www.europesays.com\/fr\/wp-json\/wp\/v2\/media?parent=584638"}],"wp:term":[{"taxonomy":"category","embeddable":true,"href":"https:\/\/www.europesays.com\/fr\/wp-json\/wp\/v2\/categories?post=584638"},{"taxonomy":"post_tag","embeddable":true,"href":"https:\/\/www.europesays.com\/fr\/wp-json\/wp\/v2\/tags?post=584638"}],"curies":[{"name":"wp","href":"https:\/\/api.w.org\/{rel}","templated":true}]}}