{"id":584640,"date":"2025-12-07T17:32:16","date_gmt":"2025-12-07T17:32:16","guid":{"rendered":"https:\/\/www.europesays.com\/fr\/584640\/"},"modified":"2025-12-07T17:32:16","modified_gmt":"2025-12-07T17:32:16","slug":"la-bibliotheque-des-antiquites-egyptiennes-inondee-plus-de-300-ouvrages-anciens-deteriores","status":"publish","type":"post","link":"https:\/\/www.europesays.com\/fr\/584640\/","title":{"rendered":"la biblioth\u00e8que des Antiquit\u00e9s \u00e9gyptiennes inond\u00e9e, plus de 300 ouvrages anciens d\u00e9t\u00e9rior\u00e9s"},"content":{"rendered":"<p>                    Par<br \/>\n        <strong><br \/>\n            <a href=\"https:\/\/actu.fr\/auteur\/redaction-paris\" title=\"Consulter tous les articles de R\u00e9daction Paris\" target=\"_blank\" rel=\"noopener\">R\u00e9daction Paris<\/a><br \/>\n                    <\/strong><\/p>\n<p>        Publi\u00e9 le<\/p>\n<p>            7 d\u00e9c. 2025 \u00e0 16h26<br \/>\n        ; mis \u00e0 jour le 7 d\u00e9c. 2025 \u00e0 18h13    <\/p>\n<p>Un nouveau hic pour le <a href=\"https:\/\/actu.fr\/tag\/louvre\" target=\"_blank\" rel=\"noopener\">mus\u00e9e du Louvre<\/a> \u00e0 <a href=\"https:\/\/actu.fr\/paris\/\" target=\"_blank\" rel=\"noopener\">Paris<\/a>. Le mercredi 26\u00a0novembre 2025, le <strong>d\u00e9partement des Antiquit\u00e9s \u00e9gyptiennes<\/strong>, qui abrite des tr\u00e9sors patrimoniaux remontant de la fin de la Pr\u00e9histoire (- 4000 avant notre \u00e8re) jusqu\u2019\u00e0 la p\u00e9riode chr\u00e9tienne (4e si\u00e8cle), a \u00e9t\u00e9 <strong>inond\u00e9<\/strong>, selon une information r\u00e9v\u00e9l\u00e9e par <a href=\"https:\/\/www.latribunedelart.com\/louvre-une-inondation-previsible-au-departement-des-antiquites-egyptiennes\" target=\"_blank\" rel=\"noopener\">La Tribune de l\u2019Art<\/a>, vendredi 5\u00a0d\u00e9cembre.<\/p>\n<p>\u00ab\u2009Pas de pertes irr\u00e9m\u00e9diables et d\u00e9finitives\u2009\u00bb selon la direction du mus\u00e9e<\/p>\n<p class=\" wall-content\">Francis Steinbock, administrateur g\u00e9n\u00e9ral adjoint du mus\u00e9e, a pris la parole ce dimanche pour expliquer qu\u2019<strong>\u00ab\u2009entre 300 et 400 ouvrages<\/strong> ont \u00e9t\u00e9 touch\u00e9s par cette fuite d\u2019eau\u2009\u00bb, pr\u00e9cisant qu\u2019il s\u2019agissait de \u00ab\u2009revues d\u2019\u00e9gyptologie\u2009\u00bb et de \u00ab\u2009documentation scientifique\u2009\u00bb utilis\u00e9es par les chercheurs.<\/p>\n<blockquote class=\"ac-article-quote wall-content\">\n<p>\u00ab\u00a0Aucun ouvrage patrimonial n&rsquo;est concern\u00e9 par ce d\u00e9g\u00e2t (&#8230;). \u00c0 ce stade, nous n&rsquo;avons pas de pertes irr\u00e9m\u00e9diables et d\u00e9finitives sur ces collections\u00a0\u00bb.<\/p>\n<p>    <strong>Francis Steinock<\/strong><br \/>\n        Administrateur g\u00e9n\u00e9ral adjoint du Mus\u00e9e du Louvre    <\/p><\/blockquote>\n<p class=\" wall-content\">Le responsable indique qu\u2019il s\u2019agit de \u00ab\u2009documents <strong>extr\u00eamement utiles<\/strong> et tr\u00e8s consult\u00e9s\u2009\u00bb mais \u00ab\u2009pas du tout uniques au monde\u2009\u00bb. Selon lui, \u00ab\u2009ils vont s\u00e9cher, on va les envoyer chez le relieur pour les remettre en \u00e9tat puis ils seront remis sur \u00e9tag\u00e8re\u2009\u00bb.<\/p>\n<p>Une enqu\u00eate interne en cours<\/p>\n<p class=\" wall-content\">Le Louvre pr\u00e9cise que la fuite d\u2019eau a \u00e9t\u00e9 d\u00e9couverte le 26\u00a0novembre vers 20h45 dans le r\u00e9seau hydraulique qui alimente les \u00e9quipements de chauffage et de ventilation de la biblioth\u00e8que, situ\u00e9e dans l\u2019aile Mollien. En cause\u2009: l\u2019ouverture par <strong>erreur<\/strong> d\u2019une vanne de ce syst\u00e8me, qui a provoqu\u00e9 une fuite d\u2019une canalisation au plafond de l\u2019une des salles.<\/p>\n<p class=\" wall-content\">\u00ab\u2009En <strong>obsolescence totale<\/strong>\u2009\u00bb, ce r\u00e9seau hydraulique est coup\u00e9 depuis plusieurs mois et doit \u00eatre remplac\u00e9 \u00e0 partir de septembre\u00a02026 dans le cadre de gros travaux qui doivent s\u2019\u00e9taler sur plusieurs mois, a indiqu\u00e9 Francis Steinbock. \u00ab\u2009Nous allons renforcer les s\u00e9curit\u00e9s de mani\u00e8re \u00e0 \u00e9viter toute erreur humaine\u2009\u00bb d\u2019ici l\u00e0, a-t-il ajout\u00e9, qualifiant l\u2019incident \u00ab\u2009d\u2019extr\u00eamement regrettable\u2009\u00bb. Une enqu\u00eate interne est en cours pour d\u00e9terminer les causes pr\u00e9cises ayant men\u00e9 \u00e0 cette fuite.<\/p>\n<p class=\" wall-content\">Les faits ont \u00e9t\u00e9 rapport\u00e9s dans une alerte \u00e9mise par le <strong>CHSCT<\/strong> (Comit\u00e9 d\u2019hygi\u00e8ne, de s\u00e9curit\u00e9 et des conditions de travail) dont le contenu a \u00e9t\u00e9 rapport\u00e9 par <a href=\"https:\/\/www.bfmtv.com\/culture\/une-inondation-dans-la-bibliotheque-des-antiquites-egyptiennes-du-louvre-a-lourdement-abime-des-ouvrages-anciens_AN-202512070162.html\" target=\"_blank\" rel=\"noopener\">BFMTV<\/a>. Le mail de la CHSCT mentionne \u00ab\u2009un tableau g\u00e9n\u00e9ral basse tension\u2009\u00bb qui aurait pu causer un <strong>incendie<\/strong>. Selon La Tribune de l\u2019Art, une fuite avait d\u00e9j\u00e0 eu lieu quelques jours auparavant. Le m\u00e9dia \u00e9voque \u00e9galement des canalisations dans un \u00e9tat de v\u00e9tust\u00e9 \u00ab\u2009bien connu des services\u2009\u00bb.<\/p>\n<p>Votre r\u00e9gion, votre actu !<\/p>\n<p>Recevez chaque jour les infos qui comptent pour vous.<\/p>\n<p>\t<a href=\"https:\/\/actu.fr\/newsletter\" class=\"ac-btn ac-btn--corner ac-btn--medium ac-btn--blue800\" target=\"_blank\" rel=\"noopener\">S&rsquo;incrire<\/a><br \/>\n\u00ab\u2009Une situation qui se d\u00e9grade depuis trop longtemps\u2009\u00bb selon un syndicat<\/p>\n<p class=\" wall-content\">Cette inondation s\u2019ajoute aux r\u00e9centes difficult\u00e9s rencontr\u00e9es par le mus\u00e9e le plus visit\u00e9 au monde, et concentr\u00e9es, en octobre dernier, par le <a href=\"https:\/\/actu.fr\/ile-de-france\/paris_75056\/vol-au-louvre-l-enquete-rebondit-avec-cinq-nouvelles-interpellations-dont-un-membre-suppose-du-commando_63369970.html\" target=\"_blank\" rel=\"noopener\">retentissant cambriolage<\/a> de bijoux de la galerie Apollon, puis par la <a href=\"https:\/\/actu.fr\/ile-de-france\/paris_75056\/des-faiblesses-structurelles-une-partie-du-louvre-doit-fermer-en-urgence-pour-des-raisons-de-securite_63449143.html\" target=\"_blank\" rel=\"noopener\">fermeture en urgence en novembre<\/a> d\u2019une galerie en raison de la <strong>v\u00e9tust\u00e9<\/strong> de l\u2019\u00e9difice.<\/p>\n<p class=\" wall-content\">\u00ab\u2009Ce nouvel incident confirme une situation qui se d\u00e9grade depuis trop longtemps\u2009\u00bb, a r\u00e9agi dimanche la CFDT-Culture dans un communiqu\u00e9. \u00ab\u2009Fragilit\u00e9 des infrastructures, absence de visibilit\u00e9 strat\u00e9gique sur les travaux, conditions de travail d\u00e9grad\u00e9es\u2009: la protection des collections comme la s\u00e9curit\u00e9 des agentes et agents et des visiteurs restent insuffisamment garanties\u2009\u00bb, a d\u00e9plor\u00e9 le syndicat, qui annonce qu\u2019une assembl\u00e9e g\u00e9n\u00e9rale intersyndicale se r\u00e9unira lundi matin \u00ab\u2009pour d\u00e9cider des suites \u00e0 donner\u2009\u00bb.<\/p>\n<p class=\" wall-content\">Pour redonner un second souffle l\u2019\u00e9tablissement, <a href=\"https:\/\/actu.fr\/ile-de-france\/paris_75056\/nouvelle-grande-entree-joconde-deplacee-les-principales-annonces-d-emmanuel-macron-sur-le-musee-du-louvre_62178781.html\" target=\"_blank\" rel=\"noopener\">l\u2019\u00c9tat<\/a> pr\u00e9voit un investissement de <strong>700 \u00e0 800\u00a0millions d\u2019euros<\/strong>, avec notamment une nouvelle grande entr\u00e9e et le d\u00e9placement de <a href=\"https:\/\/actu.fr\/ile-de-france\/paris_75056\/une-association-veut-retirer-la-joconde-du-louvre-le-tableau-va-t-il-vraiment-quitter-paris_61001550.html\" target=\"_blank\" rel=\"noopener\">La Joconde<\/a>. Pour financer cette modernisation, le conseil d\u2019administration du mus\u00e9e a r\u00e9cemment approuv\u00e9 une hausse de 45\u2009% du prix d\u2019entr\u00e9e pour les visiteurs extra-europ\u00e9ens, \u00e0 compter de 2026. Mus\u00e9e le plus fr\u00e9quent\u00e9 au monde, le Louvre a accueilli 8,7 millions de visiteurs en 2024, dont 69\u2009% d\u2019\u00e9trangers.<\/p>\n<p class=\" wall-content\"><strong>Avec AFP<\/strong><\/p>\n<p class=\" wall-content\">Personnalisez votre actualit\u00e9 en ajoutant vos villes et m\u00e9dias en favori avec <a href=\"https:\/\/moncompte.actu.fr\" title=\"D\u00e9couvez Mon Actu\" rel=\"nofollow noopener\" data-trk=\"{&quot;cta&quot;:{&quot;action&quot;:&quot;https:\\\/\\\/moncompte.actu.fr&quot;,&quot;category&quot;:&quot;mon compte&quot;,&quot;from&quot;:&quot;article footer&quot;,&quot;name&quot;:&quot;Mon actu&quot;,&quot;type&quot;:&quot;cta&quot;}}\" target=\"_blank\">Mon Actu<\/a>.<\/p>\n","protected":false},"excerpt":{"rendered":"Par R\u00e9daction Paris Publi\u00e9 le 7 d\u00e9c. 2025 \u00e0 16h26 ; mis \u00e0 jour le 7 d\u00e9c. 2025&hellip;\n","protected":false},"author":2,"featured_media":584641,"comment_status":"","ping_status":"","sticky":false,"template":"","format":"standard","meta":{"footnotes":""},"categories":[1888],"tags":[1111,1928,11,1927,1777,674,1011,27,937,3094,12,1926,626,1925,25,104],"class_list":{"0":"post-584640","1":"post","2":"type-post","3":"status-publish","4":"format-standard","5":"has-post-thumbnail","7":"category-paris","8":"tag-actu","9":"tag-actu-paris","10":"tag-actualites","11":"tag-actualites-paris","12":"tag-eu","13":"tag-europe","14":"tag-fr","15":"tag-france","16":"tag-histoire","17":"tag-musee-du-louvre","18":"tag-news","19":"tag-news-paris","20":"tag-paris","21":"tag-paris-news","22":"tag-republique-francaise","23":"tag-societe"},"share_on_mastodon":{"url":"https:\/\/pubeurope.com\/@fr\/115679484136436938","error":""},"_links":{"self":[{"href":"https:\/\/www.europesays.com\/fr\/wp-json\/wp\/v2\/posts\/584640","targetHints":{"allow":["GET"]}}],"collection":[{"href":"https:\/\/www.europesays.com\/fr\/wp-json\/wp\/v2\/posts"}],"about":[{"href":"https:\/\/www.europesays.com\/fr\/wp-json\/wp\/v2\/types\/post"}],"author":[{"embeddable":true,"href":"https:\/\/www.europesays.com\/fr\/wp-json\/wp\/v2\/users\/2"}],"replies":[{"embeddable":true,"href":"https:\/\/www.europesays.com\/fr\/wp-json\/wp\/v2\/comments?post=584640"}],"version-history":[{"count":0,"href":"https:\/\/www.europesays.com\/fr\/wp-json\/wp\/v2\/posts\/584640\/revisions"}],"wp:featuredmedia":[{"embeddable":true,"href":"https:\/\/www.europesays.com\/fr\/wp-json\/wp\/v2\/media\/584641"}],"wp:attachment":[{"href":"https:\/\/www.europesays.com\/fr\/wp-json\/wp\/v2\/media?parent=584640"}],"wp:term":[{"taxonomy":"category","embeddable":true,"href":"https:\/\/www.europesays.com\/fr\/wp-json\/wp\/v2\/categories?post=584640"},{"taxonomy":"post_tag","embeddable":true,"href":"https:\/\/www.europesays.com\/fr\/wp-json\/wp\/v2\/tags?post=584640"}],"curies":[{"name":"wp","href":"https:\/\/api.w.org\/{rel}","templated":true}]}}