{"id":584642,"date":"2025-12-07T17:33:28","date_gmt":"2025-12-07T17:33:28","guid":{"rendered":"https:\/\/www.europesays.com\/fr\/584642\/"},"modified":"2025-12-07T17:33:28","modified_gmt":"2025-12-07T17:33:28","slug":"notre-selection-de-gouters-de-noel-chics-a-deguster-a-paris","status":"publish","type":"post","link":"https:\/\/www.europesays.com\/fr\/584642\/","title":{"rendered":"Notre s\u00e9lection de go\u00fbters de No\u00ebl chics \u00e0 d\u00e9guster \u00e0 Paris"},"content":{"rendered":"<p><img decoding=\"async\" alt=\"Le teatime de No\u00ebl \u00e0 l'h\u00f4tel The Peninsula.\" loading=\"lazy\" class=\"ResponsiveImageContainer-eNxvmU cfBbTk responsive-image__image\"   src=\"https:\/\/www.europesays.com\/fr\/wp-content\/uploads\/2025\/12\/Peninsula.jpg\"\/><\/p>\n<p>Le teatime de No\u00ebl \u00e0 l&rsquo;h\u00f4tel The Peninsula.<\/p>\n<p><strong>O\u00f9 ?<\/strong> \u00c0 l&rsquo;h\u00f4tel The Peninsula, au 19 Avenue Kl\u00e9ber( Paris 16), jusqu&rsquo;au 30 d\u00e9cembre, de 15h \u00e0 18h.<\/p>\n<p><strong>Le prix :<\/strong> 95 euros par personne.<\/p>\n<p>En famille au Plaza Ath\u00e9n\u00e9e<\/p>\n<p>Le palace de l&rsquo;avenue Montaigne rev\u00eat ses habits d&rsquo;or pour cette fin d&rsquo;ann\u00e9e, et installe la patinoire la plus chic de la ville \u2013 100m2, tout de m\u00eame \u2013 dans sa cour int\u00e9rieure. Apr\u00e8s quelques tours de piste, l&rsquo;heure est au teatime propos\u00e9 dans la galerie \u00e0 la belle architecture d&rsquo;inspiration Trianon, pens\u00e9 aussi bien pour les adultes que pour les juniors. Le chef <strong>Angelo Musa<\/strong>, \u00e9lu Meilleur Ouvrier de France et Champion du Monde de la p\u00e2tisserie, supervise cette r\u00e9jouissante proposition consistant, au choix, en un go\u00fbter de No\u00ebl et sa s\u00e9lection de p\u00e2tisseries fines, ou encore le go\u00fbter du Plaza Ath\u00e9n\u00e9e, auquel on ajoute quelques savoureux finger sandwiches accompagn\u00e9s, \u00e9videmment, d&rsquo;une boisson chaude ou froide. <strong>P.G.<\/strong><\/p>\n<p><img decoding=\"async\" alt=\"Le teatime du Plaza Athne.\" loading=\"lazy\" class=\"ResponsiveImageContainer-eNxvmU cfBbTk responsive-image__image\"   src=\"https:\/\/www.europesays.com\/fr\/wp-content\/uploads\/2025\/12\/Double%20Polaroid%20Template%20Instagram%20Story.png\"\/><\/p>\n<p>Le teatime du Plaza Ath\u00e9n\u00e9e.<\/p>\n<p>Ad\u00e8le BARI<\/p>\n<p><strong>O\u00f9 ?<\/strong> Au Plaza Ath\u00e9n\u00e9e, au 25 avenue Montaigne (Paris 8).<\/p>\n<p><strong>Le prix :<\/strong> \u00e0 partir de 85 euros par adulte, 40 euros par enfant.<\/p>\n<p>\u00c0 l&rsquo;anglaise au Ritz<\/p>\n<p>Le teatime \u00e0 l&rsquo;anglaise s&rsquo;invite \u00e0 partir du 18 d\u00e9cembre dans le salon Marie-Louise, baptis\u00e9 du nom de l&rsquo;\u00e9pouse de <strong>C\u00e9sar Ritz<\/strong> et personnage indispensable \u00e0 la l\u00e9gende du palace de la place Vend\u00f4me. Au menu, une travers\u00e9e outre-Manche de haut vol, \u00e9voquant les premi\u00e8res aventures h\u00f4teli\u00e8res du couple Ritz, avec tout ce qu&rsquo;il faut pour r\u00e9galer les gourmets, c\u00f4t\u00e9 sal\u00e9 comme sucr\u00e9. En plus des indispensables scones, on y trouve, de 13h \u00e0 15h, bagel au saumon fum\u00e9, tarama de caviar, muffin au houmous de butternut, focaccia au homard, finger \u00e0 la cr\u00e8me truff\u00e9e\u2026 Avant l&rsquo;arriv\u00e9e du photog\u00e9nique arbre \u00e0 p\u00e2tisseries des f\u00eates. Mais la proposition royale du Ritz ne s&rsquo;arr\u00eate pas l\u00e0 : plus tard dans l&rsquo;apr\u00e8s-midi, l&rsquo;heure est au go\u00fbter de No\u00ebl \u00e0 la fran\u00e7aise (105 euros), et m\u00eame au go\u00fbter imp\u00e9rial de No\u00ebl (125 euros). <strong>P.G.<\/strong><\/p>\n","protected":false},"excerpt":{"rendered":"Le teatime de No\u00ebl \u00e0 l&rsquo;h\u00f4tel The Peninsula. O\u00f9 ? \u00c0 l&rsquo;h\u00f4tel The Peninsula, au 19 Avenue Kl\u00e9ber(&hellip;\n","protected":false},"author":2,"featured_media":584643,"comment_status":"","ping_status":"","sticky":false,"template":"","format":"standard","meta":{"footnotes":""},"categories":[1888],"tags":[1111,1928,11,1927,1777,674,1011,27,1661,12,1926,626,1925,25,6747,721],"class_list":{"0":"post-584642","1":"post","2":"type-post","3":"status-publish","4":"format-standard","5":"has-post-thumbnail","7":"category-paris","8":"tag-actu","9":"tag-actu-paris","10":"tag-actualites","11":"tag-actualites-paris","12":"tag-eu","13":"tag-europe","14":"tag-fr","15":"tag-france","16":"tag-gastronomie","17":"tag-news","18":"tag-news-paris","19":"tag-paris","20":"tag-paris-news","21":"tag-republique-francaise","22":"tag-textabovecentergridwidth","23":"tag-web"},"share_on_mastodon":{"url":"https:\/\/pubeurope.com\/@fr\/115679489191310769","error":""},"_links":{"self":[{"href":"https:\/\/www.europesays.com\/fr\/wp-json\/wp\/v2\/posts\/584642","targetHints":{"allow":["GET"]}}],"collection":[{"href":"https:\/\/www.europesays.com\/fr\/wp-json\/wp\/v2\/posts"}],"about":[{"href":"https:\/\/www.europesays.com\/fr\/wp-json\/wp\/v2\/types\/post"}],"author":[{"embeddable":true,"href":"https:\/\/www.europesays.com\/fr\/wp-json\/wp\/v2\/users\/2"}],"replies":[{"embeddable":true,"href":"https:\/\/www.europesays.com\/fr\/wp-json\/wp\/v2\/comments?post=584642"}],"version-history":[{"count":0,"href":"https:\/\/www.europesays.com\/fr\/wp-json\/wp\/v2\/posts\/584642\/revisions"}],"wp:featuredmedia":[{"embeddable":true,"href":"https:\/\/www.europesays.com\/fr\/wp-json\/wp\/v2\/media\/584643"}],"wp:attachment":[{"href":"https:\/\/www.europesays.com\/fr\/wp-json\/wp\/v2\/media?parent=584642"}],"wp:term":[{"taxonomy":"category","embeddable":true,"href":"https:\/\/www.europesays.com\/fr\/wp-json\/wp\/v2\/categories?post=584642"},{"taxonomy":"post_tag","embeddable":true,"href":"https:\/\/www.europesays.com\/fr\/wp-json\/wp\/v2\/tags?post=584642"}],"curies":[{"name":"wp","href":"https:\/\/api.w.org\/{rel}","templated":true}]}}