{"id":584648,"date":"2025-12-07T17:36:21","date_gmt":"2025-12-07T17:36:21","guid":{"rendered":"https:\/\/www.europesays.com\/fr\/584648\/"},"modified":"2025-12-07T17:36:21","modified_gmt":"2025-12-07T17:36:21","slug":"face-a-la-menace-russe-lirlande-sinquiete-de-sa-faible-defense","status":"publish","type":"post","link":"https:\/\/www.europesays.com\/fr\/584648\/","title":{"rendered":"Face \u00e0 la menace russe, l\u2019Irlande s\u2019inqui\u00e8te de sa faible d\u00e9fense"},"content":{"rendered":"<p>Apr\u00e8s la Lituanie, la Pologne ou la France, le tour de l\u2019Irlande\u00a0? Le 1er\u00a0d\u00e9cembre, des drones inconnus ont \u00e9t\u00e9 d\u00e9tect\u00e9s sur la trajectoire de l\u2019avion de Volodymyr Zelensky, le menant \u00e0 Dublin. Le pr\u00e9sident ukrainien ne les a finalement pas crois\u00e9s, \u00e9tant arriv\u00e9 plus t\u00f4t que pr\u00e9vu. La r\u00e9v\u00e9lation de cette affaire, vendredi 5\u00a0d\u00e9cembre, a fait grand bruit, alimentant les inqui\u00e9tudes d\u2019une partie de la population sur les capacit\u00e9s r\u00e9elles de d\u00e9fense de l\u2019Irlande. Le pays s\u2019appr\u00eate \u00e0 prendre la t\u00eate de la pr\u00e9sidence de l\u2019Union europ\u00e9enne (UE) en juillet\u00a02026, \u00e0 l\u2019occasion d\u2019un sommet o\u00f9 seront pr\u00e9sents une quarantaine de chefs d\u2019\u00c9tat et de gouvernement.<\/p>\n<p>Cet article est r\u00e9serv\u00e9 aux abonn\u00e9s<\/p>\n<p>\n                    Vous souhaitez lire la suite\u00a0? Abonnez-vous sans engagement \u00e0 notre offre num\u00e9rique\n                <\/p>\n<p>                <a href=\"https:\/\/www.la-croix.com\/abonnement\" class=\"default-paywall__subscribe-button\" data-tracking=\"cta_click\" data-tracking-action=\"voir la page abonnement\" data-tracking-category=\"abonnement\" target=\"_blank\" rel=\"noopener\">Je m&rsquo;abonne<\/a><\/p>\n","protected":false},"excerpt":{"rendered":"Apr\u00e8s la Lituanie, la Pologne ou la France, le tour de l\u2019Irlande\u00a0? Le 1er\u00a0d\u00e9cembre, des drones inconnus ont&hellip;\n","protected":false},"author":2,"featured_media":584649,"comment_status":"","ping_status":"","sticky":false,"template":"","format":"standard","meta":{"footnotes":""},"categories":[1591],"tags":[11,1887,12,1885,1886,132],"class_list":{"0":"post-584648","1":"post","2":"type-post","3":"status-publish","4":"format-standard","5":"has-post-thumbnail","7":"category-russie","8":"tag-actualites","9":"tag-federation-de-russie","10":"tag-news","11":"tag-russia","12":"tag-russian-federation","13":"tag-russie"},"share_on_mastodon":{"url":"https:\/\/pubeurope.com\/@fr\/115679500244347669","error":""},"_links":{"self":[{"href":"https:\/\/www.europesays.com\/fr\/wp-json\/wp\/v2\/posts\/584648","targetHints":{"allow":["GET"]}}],"collection":[{"href":"https:\/\/www.europesays.com\/fr\/wp-json\/wp\/v2\/posts"}],"about":[{"href":"https:\/\/www.europesays.com\/fr\/wp-json\/wp\/v2\/types\/post"}],"author":[{"embeddable":true,"href":"https:\/\/www.europesays.com\/fr\/wp-json\/wp\/v2\/users\/2"}],"replies":[{"embeddable":true,"href":"https:\/\/www.europesays.com\/fr\/wp-json\/wp\/v2\/comments?post=584648"}],"version-history":[{"count":0,"href":"https:\/\/www.europesays.com\/fr\/wp-json\/wp\/v2\/posts\/584648\/revisions"}],"wp:featuredmedia":[{"embeddable":true,"href":"https:\/\/www.europesays.com\/fr\/wp-json\/wp\/v2\/media\/584649"}],"wp:attachment":[{"href":"https:\/\/www.europesays.com\/fr\/wp-json\/wp\/v2\/media?parent=584648"}],"wp:term":[{"taxonomy":"category","embeddable":true,"href":"https:\/\/www.europesays.com\/fr\/wp-json\/wp\/v2\/categories?post=584648"},{"taxonomy":"post_tag","embeddable":true,"href":"https:\/\/www.europesays.com\/fr\/wp-json\/wp\/v2\/tags?post=584648"}],"curies":[{"name":"wp","href":"https:\/\/api.w.org\/{rel}","templated":true}]}}