{"id":584652,"date":"2025-12-07T17:38:27","date_gmt":"2025-12-07T17:38:27","guid":{"rendered":"https:\/\/www.europesays.com\/fr\/584652\/"},"modified":"2025-12-07T17:38:27","modified_gmt":"2025-12-07T17:38:27","slug":"volkswagen-revoit-sa-strategie-europe-dabord-usa-chine","status":"publish","type":"post","link":"https:\/\/www.europesays.com\/fr\/584652\/","title":{"rendered":"Volkswagen revoit sa strat\u00e9gie: Europe d\u2019abord, USA-Chine"},"content":{"rendered":"<p>https:\/\/speedme.ru\/fr\/posts\/id17824-volkswagen-revoit-sa-strategie-europe-d-abord-usa-chine<\/p>\n<p>    <a itemprop=\"url\" href=\"https:\/\/speedme.ru\/fr\/posts\/id17824-volkswagen-revoit-sa-strategie-europe-d-abord-usa-chine\" target=\"_blank\" rel=\"noopener\"><\/p>\n<p>Volkswagen revoit sa strat\u00e9gie: Europe d\u2019abord, USA-Chine<\/p>\n<p>Volkswagen privil\u00e9gie l\u2019Europe: investissements revus, marges sous pression aux \u00c9tats-Unis et en Chine<\/p>\n<p>Volkswagen revoit sa strat\u00e9gie: Europe d\u2019abord, USA-Chine<\/p>\n<p>Confront\u00e9 aux co\u00fbts et \u00e0 la concurrence USA-Chine, Volkswagen revoit sa strat\u00e9gie: 160 Md\u20ac d\u2019investissements, cap sur l\u2019Europe, impacts pour Porsche et Audi.<\/p>\n<p>2025-12-07T05:18:30+03:00<\/p>\n<p>2025-12-07T05:18:30+03:00<\/p>\n<p>2025-12-07T05:18:30+03:00<\/p>\n<p>Le groupe Volkswagen revoit sa trajectoire face \u00e0 un constat peu confortable : ses deux march\u00e9s cl\u00e9s, les \u00c9tats-Unis et la Chine, sont \u00e0 la fois plus encombr\u00e9s et plus co\u00fbteux. Selon Reuters, l\u2019entreprise pr\u00e9voit d\u2019investir 160 milliards d\u2019euros d\u2019ici 2030, signe d\u2019une ligne plus prudente. Les plans pluriannuels pr\u00e9c\u00e9dents se montraient plus g\u00e9n\u00e9reux, et 2024 a constitu\u00e9 le pic des d\u00e9penses. Chez le premier constructeur europ\u00e9en, le ton a chang\u00e9 : moins d\u2019ambition expansionniste, davantage de r\u00e9silience et de priorit\u00e9s nettes. Cela ressemble \u00e0 un virage vers le pragmatisme.Oliver Blume, le directeur g\u00e9n\u00e9ral, explique sans d\u00e9tour que le nouveau cap privil\u00e9gie l\u2019Allemagne et l\u2019Europe, avec un accent sur les produits, la technologie et les infrastructures domestiques. Le message s\u2019adresse autant aux sites de production qu\u2019aux march\u00e9s : droits de douane am\u00e9ricains et concurrence f\u00e9roce en Chine compriment les marges de l\u2019ensemble du groupe. Porsche en ressent le plus les effets, environ la moiti\u00e9 de ses ventes provenant des \u00c9tats-Unis et de la Chine, et la marque haut de gamme commence d\u00e9j\u00e0 \u00e0 lever le pied sur certains volets de son offensive \u00e9lectrique.Reste une inconnue : Audi aux \u00c9tats-Unis. Une usine locale est \u00e0 l\u2019\u00e9tude, mais sa concr\u00e9tisation d\u00e9pendra d\u2019un soutien financier substantiel de Washington. En Chine, Blume ne s\u2019attend pas \u00e0 une croissance de Porsche, tout en laissant la porte ouverte \u00e0 une localisation plus profonde au sein du groupe, voire \u00e0 l\u2019id\u00e9e, plus tard, d\u2019une Porsche pens\u00e9e pour le march\u00e9 local. Cette d\u00e9pendance aux incitations en dit long sur l\u2019influence d\u00e9sormais d\u00e9cisive des politiques publiques dans la mani\u00e8re dont les constructeurs arbitrent leurs investissements.<\/p>\n<p>Volkswagen, strat\u00e9gie, Europe, \u00c9tats-Unis, Chine, investissements, 160 Md\u20ac, Porsche, Audi, droits de douane, concurrence, march\u00e9 automobile, usine Audi USA, localisation, politiques publiques<\/p>\n<p>2025<\/p>\n<p>news<\/p>\n<p>                        <img decoding=\"async\"  src=\"https:\/\/www.europesays.com\/fr\/wp-content\/uploads\/2025\/12\/tun6OzvG57ndvZiV3ISY.webp.webp\" data-\/><br \/>\n                        \u00a9 A. Krivonosov<\/p>\n<p>\n                    Confront\u00e9 aux co\u00fbts et \u00e0 la concurrence USA-Chine, Volkswagen revoit sa strat\u00e9gie: 160 Md\u20ac d\u2019investissements, cap sur l\u2019Europe, impacts pour Porsche et Audi.\n                <\/p>\n<p>                    <img loading=\"lazy\" decoding=\"async\" class=\"avatar d-none d-md-block mr-3\" src=\"https:\/\/www.europesays.com\/fr\/wp-content\/uploads\/2025\/09\/Jo7PQk6oQ2hmx52MtRXO.webp.webp\" alt=\"\" width=\"40\" height=\"40\"\/><\/p>\n<p>Michael Powers, Editor<\/p>\n<p>                        05:18 07-12-2025\n                    <\/p>\n<p>Le groupe Volkswagen revoit sa trajectoire face \u00e0 un constat peu confortable : ses deux march\u00e9s cl\u00e9s, les \u00c9tats-Unis et la Chine, sont \u00e0 la fois plus encombr\u00e9s et plus co\u00fbteux. Selon Reuters, l\u2019entreprise pr\u00e9voit d\u2019investir 160 milliards d\u2019euros d\u2019ici 2030, signe d\u2019une ligne plus prudente. Les plans pluriannuels pr\u00e9c\u00e9dents se montraient plus g\u00e9n\u00e9reux, et 2024 a constitu\u00e9 le pic des d\u00e9penses. Chez le premier constructeur europ\u00e9en, le ton a chang\u00e9 : moins d\u2019ambition expansionniste, davantage de r\u00e9silience et de priorit\u00e9s nettes. Cela ressemble \u00e0 un virage vers le pragmatisme.<\/p>\n<p>Oliver Blume, le directeur g\u00e9n\u00e9ral, explique sans d\u00e9tour que le nouveau cap privil\u00e9gie l\u2019Allemagne et l\u2019Europe, avec un accent sur les produits, la technologie et les infrastructures domestiques. Le message s\u2019adresse autant aux sites de production qu\u2019aux march\u00e9s : droits de douane am\u00e9ricains et concurrence f\u00e9roce en Chine compriment les marges de l\u2019ensemble du groupe. Porsche en ressent le plus les effets, environ la moiti\u00e9 de ses ventes provenant des \u00c9tats-Unis et de la Chine, et la marque haut de gamme commence d\u00e9j\u00e0 \u00e0 lever le pied sur certains volets de son offensive \u00e9lectrique.<\/p>\n<p>Reste une inconnue : Audi aux \u00c9tats-Unis. Une usine locale est \u00e0 l\u2019\u00e9tude, mais sa concr\u00e9tisation d\u00e9pendra d\u2019un soutien financier substantiel de Washington. En Chine, Blume ne s\u2019attend pas \u00e0 une croissance de Porsche, tout en laissant la porte ouverte \u00e0 une localisation plus profonde au sein du groupe, voire \u00e0 l\u2019id\u00e9e, plus tard, d\u2019une Porsche pens\u00e9e pour le march\u00e9 local. Cette d\u00e9pendance aux incitations en dit long sur l\u2019influence d\u00e9sormais d\u00e9cisive des politiques publiques dans la mani\u00e8re dont les constructeurs arbitrent leurs investissements.<\/p>\n","protected":false},"excerpt":{"rendered":"https:\/\/speedme.ru\/fr\/posts\/id17824-volkswagen-revoit-sa-strategie-europe-d-abord-usa-chine Volkswagen revoit sa strat\u00e9gie: Europe d\u2019abord, USA-Chine Volkswagen privil\u00e9gie l\u2019Europe: investissements revus, marges sous pression aux \u00c9tats-Unis&hellip;\n","protected":false},"author":2,"featured_media":584653,"comment_status":"","ping_status":"","sticky":false,"template":"","format":"standard","meta":{"footnotes":""},"categories":[1589],"tags":[69800,11,6712,309,350,2388,73,1866,674,2554,69802,25589,12,9909,6027,5384,1864,1865,1863,308,69801,7816],"class_list":{"0":"post-584652","1":"post","2":"type-post","3":"status-publish","4":"format-standard","5":"has-post-thumbnail","7":"category-etats-unis","8":"tag-160-mde","9":"tag-actualites","10":"tag-audi","11":"tag-chine","12":"tag-concurrence","13":"tag-droits-de-douane","14":"tag-etats-unis","15":"tag-etats-unis-damerique","16":"tag-europe","17":"tag-investissements","18":"tag-localisation","19":"tag-marche-automobile","20":"tag-news","21":"tag-politiques-publiques","22":"tag-porsche","23":"tag-strategie","24":"tag-united-states","25":"tag-united-states-of-america","26":"tag-us","27":"tag-usa","28":"tag-usine-audi-usa","29":"tag-volkswagen"},"share_on_mastodon":{"url":"https:\/\/pubeurope.com\/@fr\/115679507914967609","error":""},"_links":{"self":[{"href":"https:\/\/www.europesays.com\/fr\/wp-json\/wp\/v2\/posts\/584652","targetHints":{"allow":["GET"]}}],"collection":[{"href":"https:\/\/www.europesays.com\/fr\/wp-json\/wp\/v2\/posts"}],"about":[{"href":"https:\/\/www.europesays.com\/fr\/wp-json\/wp\/v2\/types\/post"}],"author":[{"embeddable":true,"href":"https:\/\/www.europesays.com\/fr\/wp-json\/wp\/v2\/users\/2"}],"replies":[{"embeddable":true,"href":"https:\/\/www.europesays.com\/fr\/wp-json\/wp\/v2\/comments?post=584652"}],"version-history":[{"count":0,"href":"https:\/\/www.europesays.com\/fr\/wp-json\/wp\/v2\/posts\/584652\/revisions"}],"wp:featuredmedia":[{"embeddable":true,"href":"https:\/\/www.europesays.com\/fr\/wp-json\/wp\/v2\/media\/584653"}],"wp:attachment":[{"href":"https:\/\/www.europesays.com\/fr\/wp-json\/wp\/v2\/media?parent=584652"}],"wp:term":[{"taxonomy":"category","embeddable":true,"href":"https:\/\/www.europesays.com\/fr\/wp-json\/wp\/v2\/categories?post=584652"},{"taxonomy":"post_tag","embeddable":true,"href":"https:\/\/www.europesays.com\/fr\/wp-json\/wp\/v2\/tags?post=584652"}],"curies":[{"name":"wp","href":"https:\/\/api.w.org\/{rel}","templated":true}]}}